{"id":184312,"date":"2021-06-22T23:32:09","date_gmt":"2021-06-23T02:32:09","guid":{"rendered":"https:\/\/diarioregionaldigital.com.br\/?p=184312"},"modified":"2021-06-22T23:32:09","modified_gmt":"2021-06-23T02:32:09","slug":"minas-gerais-ultrapassa-a-marca-de-44-mil-obitos-por-covid-19-desde-o-inicio-da-pandemia","status":"publish","type":"post","link":"https:\/\/diarioregionaldigital.com.br\/?p=184312","title":{"rendered":"Minas Gerais ultrapassa a marca de 44 mil \u00f3bitos por Covid-19 desde o in\u00edcio da pandemia"},"content":{"rendered":"<p>A Secretaria de Estado da Sa\u00fade de Minas Gerais (SES-MG), publicou nesta ter\u00e7a-feira (22), o <a href=\"https:\/\/coronavirus.saude.mg.gov.br\/images\/1_2021\/06-junho\/14.06.21COVID-19_-_BOLETIM.pdf\">novo boletim<\/a> referente ao Coronav\u00edrus. O levantamento aponta que o estado notificou mais 7.379 novos casos da doen\u00e7a, totalizando 1.747.308 pessoas infectadas. Os dados indicam que foram registradas mais 40 mortes, contabilizando 44.623 \u00f3bitos.<\/p>\n<p>Al\u00e9m disso, 1.615.394 pacientes est\u00e3o recuperados da doen\u00e7a, representando 92% dos casos. Quanto aos dados de hospitaliza\u00e7\u00e3o, 152.986 estiveram internados e 1.594.322 j\u00e1 fizeram isolamento domiciliar. At\u00e9 o momento, 6.498.279 pessoas receberam a primeira dose da vacina e 2.645.537 a segunda.<\/p>\n","protected":false},"excerpt":{"rendered":"<p>A Secretaria de Estado da Sa\u00fade de Minas Gerais (SES-MG), publicou nesta ter\u00e7a-feira (22), o novo boletim referente ao Coronav\u00edrus. O levantamento aponta que o estado notificou mais 7.379 novos casos da doen\u00e7a, totalizando 1.747.308 pessoas infectadas. Os dados indicam que foram registradas mais 40 mortes, contabilizando 44.623 \u00f3bitos. Al\u00e9m disso, 1.615.394 pacientes est\u00e3o recuperados [&hellip;]<\/p>\n","protected":false},"author":246,"featured_media":184313,"comment_status":"closed","ping_status":"closed","sticky":false,"template":"","format":"standard","meta":{"footnotes":""},"categories":[252],"tags":[],"class_list":["post-184312","post","type-post","status-publish","format-standard","has-post-thumbnail","hentry","category-regiao"],"_links":{"self":[{"href":"https:\/\/diarioregionaldigital.com.br\/index.php?rest_route=\/wp\/v2\/posts\/184312","targetHints":{"allow":["GET"]}}],"collection":[{"href":"https:\/\/diarioregionaldigital.com.br\/index.php?rest_route=\/wp\/v2\/posts"}],"about":[{"href":"https:\/\/diarioregionaldigital.com.br\/index.php?rest_route=\/wp\/v2\/types\/post"}],"author":[{"embeddable":true,"href":"https:\/\/diarioregionaldigital.com.br\/index.php?rest_route=\/wp\/v2\/users\/246"}],"replies":[{"embeddable":true,"href":"https:\/\/diarioregionaldigital.com.br\/index.php?rest_route=%2Fwp%2Fv2%2Fcomments&post=184312"}],"version-history":[{"count":1,"href":"https:\/\/diarioregionaldigital.com.br\/index.php?rest_route=\/wp\/v2\/posts\/184312\/revisions"}],"predecessor-version":[{"id":184314,"href":"https:\/\/diarioregionaldigital.com.br\/index.php?rest_route=\/wp\/v2\/posts\/184312\/revisions\/184314"}],"wp:featuredmedia":[{"embeddable":true,"href":"https:\/\/diarioregionaldigital.com.br\/index.php?rest_route=\/wp\/v2\/media\/184313"}],"wp:attachment":[{"href":"https:\/\/diarioregionaldigital.com.br\/index.php?rest_route=%2Fwp%2Fv2%2Fmedia&parent=184312"}],"wp:term":[{"taxonomy":"category","embeddable":true,"href":"https:\/\/diarioregionaldigital.com.br\/index.php?rest_route=%2Fwp%2Fv2%2Fcategories&post=184312"},{"taxonomy":"post_tag","embeddable":true,"href":"https:\/\/diarioregionaldigital.com.br\/index.php?rest_route=%2Fwp%2Fv2%2Ftags&post=184312"}],"curies":[{"name":"wp","href":"https:\/\/api.w.org\/{rel}","templated":true}]}}