{"id":184307,"date":"2021-06-23T06:00:35","date_gmt":"2021-06-23T09:00:35","guid":{"rendered":"https:\/\/diarioregionaldigital.com.br\/?p=184307"},"modified":"2021-06-24T23:37:19","modified_gmt":"2021-06-25T02:37:19","slug":"outonal","status":"publish","type":"post","link":"https:\/\/diarioregionaldigital.com.br\/?p=184307","title":{"rendered":"Outonal"},"content":{"rendered":"<p style=\"text-align: center;\"><strong>Carro Confort\u00e1vel<\/strong><\/p>\n<p style=\"text-align: center;\">A edi\u00e7\u00e3o de lan\u00e7amento do novo Volkswagem TAOS, limitada a 300 unidades, esgota-se em minutos na pr\u00e9-venda. O modelo ser\u00e1 oferecido nas vers\u00f5es Confortline e Highline. O espa\u00e7o tem todas vers\u00f5es com a central multim\u00eddia VW Play com tela 10.1. O espa\u00e7o \u00e9 um dos pontos fortes do carro e \u00e9 confort\u00e1vel para toda fam\u00edlia.<\/p>\n<p style=\"text-align: center;\"><strong>Start-Ups<\/strong><\/p>\n<p style=\"text-align: center;\">A enxurrada de aquisi\u00e7\u00f5es de start-ups por grandes varejistas j\u00e1 muda a rotina destas pequenas empresas de tecnologia inovadoras. Os investidores buscam oportunidades nos segmentos de tecnologia, sa\u00fade, log\u00edstica e as de impacto nas chamadas ESG (sigla em ingl\u00eas para ambiental, social e governan\u00e7a) segundo a Stark, plataforma que liga investidores a empresas.<\/p>\n<p style=\"text-align: center;\"><strong>Tat\u00e1 Werneck<\/strong><\/p>\n<p style=\"text-align: center;\">A equipe do programa \u201cLady Night\u201d esta trabalhando a todo o vapor, remotamente, na cria\u00e7\u00e3o de quadros para a sexta temporada. A previs\u00e3o e come\u00e7ar a gravar em meados de julho.<\/p>\n<p style=\"text-align: center;\"><strong>Outonal<\/strong><\/p>\n<p style=\"text-align: center;\">O fino restaurante Marine Fairmon, hotel em Copacabana esta com menu novinho de outono assinado pelos chefs J\u00e9rome Dardillac, Carlos Cordeiro e Let\u00edcia Cruz, que criou deliciosa vacherin de cumaru (R$45). Entre os principais tem o capeletti de berinjela assada com cogumelos e nozes (R$90). Tudo com aquela vista linda da praia e do P\u00e3o de A\u00e7\u00facar.<\/p>\n<p>&nbsp;<\/p>\n<div id=\"attachment_184299\" style=\"width: 690px\" class=\"wp-caption aligncenter\"><img loading=\"lazy\" decoding=\"async\" aria-describedby=\"caption-attachment-184299\" class=\"wp-image-184299\" src=\"https:\/\/diarioregionaldigital.com.br\/wp-content\/uploads\/2021\/06\/fotoa-8-e1624410328807.jpeg\" alt=\"\" width=\"680\" height=\"480\" srcset=\"https:\/\/diarioregionaldigital.com.br\/wp-content\/uploads\/2021\/06\/fotoa-8-e1624410328807.jpeg 960w, https:\/\/diarioregionaldigital.com.br\/wp-content\/uploads\/2021\/06\/fotoa-8-e1624410328807-300x212.jpeg 300w, https:\/\/diarioregionaldigital.com.br\/wp-content\/uploads\/2021\/06\/fotoa-8-e1624410328807-768x542.jpeg 768w, https:\/\/diarioregionaldigital.com.br\/wp-content\/uploads\/2021\/06\/fotoa-8-e1624410328807-750x530.jpeg 750w, https:\/\/diarioregionaldigital.com.br\/wp-content\/uploads\/2021\/06\/fotoa-8-e1624410328807-360x254.jpeg 360w, https:\/\/diarioregionaldigital.com.br\/wp-content\/uploads\/2021\/06\/fotoa-8-e1624410328807-100x70.jpeg 100w\" sizes=\"auto, (max-width: 680px) 100vw, 680px\" \/><p id=\"caption-attachment-184299\" class=\"wp-caption-text\">Pr\u00eamio \u201cMelhores de 2021\u201d para o m\u00e9dico oftalmologista Luiz Oscar Martins<\/p><\/div>\n<div id=\"attachment_184301\" style=\"width: 690px\" class=\"wp-caption aligncenter\"><img loading=\"lazy\" decoding=\"async\" aria-describedby=\"caption-attachment-184301\" class=\"wp-image-184301\" src=\"https:\/\/diarioregionaldigital.com.br\/wp-content\/uploads\/2021\/06\/fotob-9-e1624410399591.jpg\" alt=\"\" width=\"680\" height=\"482\" srcset=\"https:\/\/diarioregionaldigital.com.br\/wp-content\/uploads\/2021\/06\/fotob-9-e1624410399591.jpg 525w, https:\/\/diarioregionaldigital.com.br\/wp-content\/uploads\/2021\/06\/fotob-9-e1624410399591-300x213.jpg 300w, https:\/\/diarioregionaldigital.com.br\/wp-content\/uploads\/2021\/06\/fotob-9-e1624410399591-360x255.jpg 360w, https:\/\/diarioregionaldigital.com.br\/wp-content\/uploads\/2021\/06\/fotob-9-e1624410399591-100x70.jpg 100w\" sizes=\"auto, (max-width: 680px) 100vw, 680px\" \/><p id=\"caption-attachment-184301\" class=\"wp-caption-text\">Comemorando feliz uni\u00e3o o casal 20 Valtencir Queir\u00f3s e Fernanda Queir\u00f3s<\/p><\/div>\n<div id=\"attachment_184302\" style=\"width: 690px\" class=\"wp-caption aligncenter\"><img loading=\"lazy\" decoding=\"async\" aria-describedby=\"caption-attachment-184302\" class=\"wp-image-184302\" src=\"https:\/\/diarioregionaldigital.com.br\/wp-content\/uploads\/2021\/06\/fotoc-15-e1624410543250.jpg\" alt=\"\" width=\"680\" height=\"464\" srcset=\"https:\/\/diarioregionaldigital.com.br\/wp-content\/uploads\/2021\/06\/fotoc-15-e1624410543250.jpg 1491w, https:\/\/diarioregionaldigital.com.br\/wp-content\/uploads\/2021\/06\/fotoc-15-e1624410543250-300x205.jpg 300w, https:\/\/diarioregionaldigital.com.br\/wp-content\/uploads\/2021\/06\/fotoc-15-e1624410543250-1024x698.jpg 1024w, https:\/\/diarioregionaldigital.com.br\/wp-content\/uploads\/2021\/06\/fotoc-15-e1624410543250-768x524.jpg 768w, https:\/\/diarioregionaldigital.com.br\/wp-content\/uploads\/2021\/06\/fotoc-15-e1624410543250-360x246.jpg 360w\" sizes=\"auto, (max-width: 680px) 100vw, 680px\" \/><p id=\"caption-attachment-184302\" class=\"wp-caption-text\">Lindo casal de sobrinhos deste colunista, em momento de festa antes da pandemia com Heleno Almeida e Patr\u00edcia Ramos Gomes Almeida<\/p><\/div>\n<div id=\"attachment_184300\" style=\"width: 690px\" class=\"wp-caption aligncenter\"><img loading=\"lazy\" decoding=\"async\" aria-describedby=\"caption-attachment-184300\" class=\"wp-image-184300\" src=\"https:\/\/diarioregionaldigital.com.br\/wp-content\/uploads\/2021\/06\/fotoaa-3-e1624410373872.jpeg\" alt=\"\" width=\"680\" height=\"462\" srcset=\"https:\/\/diarioregionaldigital.com.br\/wp-content\/uploads\/2021\/06\/fotoaa-3-e1624410373872.jpeg 956w, https:\/\/diarioregionaldigital.com.br\/wp-content\/uploads\/2021\/06\/fotoaa-3-e1624410373872-300x204.jpeg 300w, https:\/\/diarioregionaldigital.com.br\/wp-content\/uploads\/2021\/06\/fotoaa-3-e1624410373872-768x521.jpeg 768w, https:\/\/diarioregionaldigital.com.br\/wp-content\/uploads\/2021\/06\/fotoaa-3-e1624410373872-360x244.jpeg 360w\" sizes=\"auto, (max-width: 680px) 100vw, 680px\" \/><p id=\"caption-attachment-184300\" class=\"wp-caption-text\">Curtindo momentos relax no Cear\u00e1, a bonita Rose Oliveira<\/p><\/div>\n<div id=\"attachment_184304\" style=\"width: 690px\" class=\"wp-caption aligncenter\"><img loading=\"lazy\" decoding=\"async\" aria-describedby=\"caption-attachment-184304\" class=\"wp-image-184304\" src=\"https:\/\/diarioregionaldigital.com.br\/wp-content\/uploads\/2021\/06\/fotoe-11-e1624410489666.jpg\" alt=\"\" width=\"680\" height=\"473\" srcset=\"https:\/\/diarioregionaldigital.com.br\/wp-content\/uploads\/2021\/06\/fotoe-11-e1624410489666.jpg 523w, https:\/\/diarioregionaldigital.com.br\/wp-content\/uploads\/2021\/06\/fotoe-11-e1624410489666-300x210.jpg 300w, https:\/\/diarioregionaldigital.com.br\/wp-content\/uploads\/2021\/06\/fotoe-11-e1624410489666-360x251.jpg 360w, https:\/\/diarioregionaldigital.com.br\/wp-content\/uploads\/2021\/06\/fotoe-11-e1624410489666-100x70.jpg 100w\" sizes=\"auto, (max-width: 680px) 100vw, 680px\" \/><p id=\"caption-attachment-184304\" class=\"wp-caption-text\">Lindezas sorrindo para a coluna Isabella Scarlatelli e Nicoli Scarlatelli<\/p><\/div>\n<div id=\"attachment_184305\" style=\"width: 690px\" class=\"wp-caption aligncenter\"><img loading=\"lazy\" decoding=\"async\" aria-describedby=\"caption-attachment-184305\" class=\"wp-image-184305\" src=\"https:\/\/diarioregionaldigital.com.br\/wp-content\/uploads\/2021\/06\/fotof-11-e1624410515813.jpg\" alt=\"\" width=\"680\" height=\"496\" srcset=\"https:\/\/diarioregionaldigital.com.br\/wp-content\/uploads\/2021\/06\/fotof-11-e1624410515813.jpg 1359w, https:\/\/diarioregionaldigital.com.br\/wp-content\/uploads\/2021\/06\/fotof-11-e1624410515813-300x219.jpg 300w, https:\/\/diarioregionaldigital.com.br\/wp-content\/uploads\/2021\/06\/fotof-11-e1624410515813-1024x747.jpg 1024w, https:\/\/diarioregionaldigital.com.br\/wp-content\/uploads\/2021\/06\/fotof-11-e1624410515813-768x561.jpg 768w, https:\/\/diarioregionaldigital.com.br\/wp-content\/uploads\/2021\/06\/fotof-11-e1624410515813-360x263.jpg 360w\" sizes=\"auto, (max-width: 680px) 100vw, 680px\" \/><p id=\"caption-attachment-184305\" class=\"wp-caption-text\">No Gema, Maria Nunes Aniversariou e ganhou abra\u00e7o do filho advogado Roberto Nunes<\/p><\/div>\n<div id=\"attachment_184303\" style=\"width: 690px\" class=\"wp-caption aligncenter\"><img loading=\"lazy\" decoding=\"async\" aria-describedby=\"caption-attachment-184303\" class=\"wp-image-184303\" src=\"https:\/\/diarioregionaldigital.com.br\/wp-content\/uploads\/2021\/06\/fotod-10-e1624410467903.jpg\" alt=\"\" width=\"680\" height=\"469\" srcset=\"https:\/\/diarioregionaldigital.com.br\/wp-content\/uploads\/2021\/06\/fotod-10-e1624410467903.jpg 1219w, https:\/\/diarioregionaldigital.com.br\/wp-content\/uploads\/2021\/06\/fotod-10-e1624410467903-300x207.jpg 300w, https:\/\/diarioregionaldigital.com.br\/wp-content\/uploads\/2021\/06\/fotod-10-e1624410467903-1024x706.jpg 1024w, https:\/\/diarioregionaldigital.com.br\/wp-content\/uploads\/2021\/06\/fotod-10-e1624410467903-768x530.jpg 768w, https:\/\/diarioregionaldigital.com.br\/wp-content\/uploads\/2021\/06\/fotod-10-e1624410467903-360x248.jpg 360w, https:\/\/diarioregionaldigital.com.br\/wp-content\/uploads\/2021\/06\/fotod-10-e1624410467903-100x70.jpg 100w\" sizes=\"auto, (max-width: 680px) 100vw, 680px\" \/><p id=\"caption-attachment-184303\" class=\"wp-caption-text\">Fam\u00edlia linda em harmonia: Lucas Toledo, Eveline Toledo, Sofia Toledo Camacho, Isis Toledo Camacho e Rafael Camacho<\/p><\/div>\n<p style=\"text-align: center;\"><strong>FOTOSS\u00cdNTESE<\/strong><\/p>\n<p>Entre os dias 24 e 1\u00ba de julho, a Sociedade de Medicina e Cirurgia de Juiz de Fora da sequ\u00eancia a s\u00e9rie de \u2018Webinars\u2019 sobre a pandemia, as 20hs, na plataforma Zoom.<\/p>\n<p>Com belo trabalho acad\u00eamico, o estudo liderado pela pesquisadora do Instituto de Ci\u00eancias Biol\u00f3gicas da UFJF, Rossana Melo foi selecionado entre os sete projetos brasileiros que ser\u00e3o financiados pelo Fundo de Pesquisa Lemann Harvard Brazil 2021. O trabalho relacionado \u00e0 Covid receber\u00e1 um aporte de 150mil d\u00f3lares.<\/p>\n<p>Conjugando arte e cultura, o professor Alexandre Faria lan\u00e7ou nas redes sociais o livro \u201cPrenda versos livres para crian\u00e7as livres\u201d. Com selo da Editora Guismofews, o livro para o p\u00fablico infanto-juvenil, tem ilustra\u00e7\u00f5es de German Perez.<\/p>\n<p>A partir do dia 1\u00ba de julho, o Sebrae\/Minas lan\u00e7a para o microempreendedor , oficinas e mentorias com o projeto programa Acelera Mei.<\/p>\n<p>A biografia \u201cCoisas do cora\u00e7\u00e3o \u2013 Minha hist\u00f3ria com Raul Seixas\u201d relembra de forma po\u00e9tica o relacionamento de Kika Seixas com o controverso \u00edcone da m\u00fasica brasileira.<\/p>\n<p>Lugui Di Falco e Rhee Charles Santos, dois dos idealizadores da JF Rock City TV, h\u00e1 dois anos sem promover o evento agora \u00e9 \u201cdigitalizado\u201d para plataformas com Twitch e YouTube com programa\u00e7\u00e3o semanal.<\/p>\n<p>Bolha: \u201cNenhuma tecnologia no mundo substitui um professor em sala de aula\u201d. (M\u00e1rcio Guerra) Bom dia.<\/p>\n<p><img loading=\"lazy\" decoding=\"async\" class=\"aligncenter size-full wp-image-184306\" src=\"https:\/\/diarioregionaldigital.com.br\/wp-content\/uploads\/2021\/06\/anunci67-scaled.jpg\" alt=\"\" width=\"2560\" height=\"991\" srcset=\"https:\/\/diarioregionaldigital.com.br\/wp-content\/uploads\/2021\/06\/anunci67-scaled.jpg 2560w, https:\/\/diarioregionaldigital.com.br\/wp-content\/uploads\/2021\/06\/anunci67-300x116.jpg 300w, https:\/\/diarioregionaldigital.com.br\/wp-content\/uploads\/2021\/06\/anunci67-1024x396.jpg 1024w, https:\/\/diarioregionaldigital.com.br\/wp-content\/uploads\/2021\/06\/anunci67-768x297.jpg 768w, https:\/\/diarioregionaldigital.com.br\/wp-content\/uploads\/2021\/06\/anunci67-1536x594.jpg 1536w, https:\/\/diarioregionaldigital.com.br\/wp-content\/uploads\/2021\/06\/anunci67-2048x792.jpg 2048w, https:\/\/diarioregionaldigital.com.br\/wp-content\/uploads\/2021\/06\/anunci67-360x139.jpg 360w\" sizes=\"auto, (max-width: 2560px) 100vw, 2560px\" \/><\/p>\n","protected":false},"excerpt":{"rendered":"<p>Carro Confort\u00e1vel A edi\u00e7\u00e3o de lan\u00e7amento do novo Volkswagem TAOS, limitada a 300 unidades, esgota-se em minutos na pr\u00e9-venda. O modelo ser\u00e1 oferecido nas vers\u00f5es Confortline e Highline. O espa\u00e7o tem todas vers\u00f5es com a central multim\u00eddia VW Play com tela 10.1. O espa\u00e7o \u00e9 um dos pontos fortes do carro e \u00e9 confort\u00e1vel para [&hellip;]<\/p>\n","protected":false},"author":253,"featured_media":184299,"comment_status":"closed","ping_status":"closed","sticky":false,"template":"","format":"standard","meta":{"footnotes":""},"categories":[264],"tags":[],"class_list":["post-184307","post","type-post","status-publish","format-standard","has-post-thumbnail","hentry","category-eduardo-gomes"],"_links":{"self":[{"href":"https:\/\/diarioregionaldigital.com.br\/index.php?rest_route=\/wp\/v2\/posts\/184307","targetHints":{"allow":["GET"]}}],"collection":[{"href":"https:\/\/diarioregionaldigital.com.br\/index.php?rest_route=\/wp\/v2\/posts"}],"about":[{"href":"https:\/\/diarioregionaldigital.com.br\/index.php?rest_route=\/wp\/v2\/types\/post"}],"author":[{"embeddable":true,"href":"https:\/\/diarioregionaldigital.com.br\/index.php?rest_route=\/wp\/v2\/users\/253"}],"replies":[{"embeddable":true,"href":"https:\/\/diarioregionaldigital.com.br\/index.php?rest_route=%2Fwp%2Fv2%2Fcomments&post=184307"}],"version-history":[{"count":1,"href":"https:\/\/diarioregionaldigital.com.br\/index.php?rest_route=\/wp\/v2\/posts\/184307\/revisions"}],"predecessor-version":[{"id":184308,"href":"https:\/\/diarioregionaldigital.com.br\/index.php?rest_route=\/wp\/v2\/posts\/184307\/revisions\/184308"}],"wp:featuredmedia":[{"embeddable":true,"href":"https:\/\/diarioregionaldigital.com.br\/index.php?rest_route=\/wp\/v2\/media\/184299"}],"wp:attachment":[{"href":"https:\/\/diarioregionaldigital.com.br\/index.php?rest_route=%2Fwp%2Fv2%2Fmedia&parent=184307"}],"wp:term":[{"taxonomy":"category","embeddable":true,"href":"https:\/\/diarioregionaldigital.com.br\/index.php?rest_route=%2Fwp%2Fv2%2Fcategories&post=184307"},{"taxonomy":"post_tag","embeddable":true,"href":"https:\/\/diarioregionaldigital.com.br\/index.php?rest_route=%2Fwp%2Fv2%2Ftags&post=184307"}],"curies":[{"name":"wp","href":"https:\/\/api.w.org\/{rel}","templated":true}]}}