{"id":184296,"date":"2021-06-22T20:02:07","date_gmt":"2021-06-22T23:02:07","guid":{"rendered":"https:\/\/diarioregionaldigital.com.br\/?p=184296"},"modified":"2021-06-22T20:02:07","modified_gmt":"2021-06-22T23:02:07","slug":"cobertores-e-colchoes-novos-estao-sendo-arrecadados-pela-pjf-para-pessoas-em-situacao-de-vulnerabilidade","status":"publish","type":"post","link":"https:\/\/diarioregionaldigital.com.br\/?p=184296","title":{"rendered":"Cobertores e colch\u00f5es novos est\u00e3o sendo arrecadados pela PJF para pessoas em situa\u00e7\u00e3o de vulnerabilidade"},"content":{"rendered":"<p>A partir desta ter\u00e7a-feira, 22, a\u00a0Prefeitura de Juiz de Fora (PJF) est\u00e1 lan\u00e7ando a Campanha \u201cJuiz de Fora Solid\u00e1ria no Frio\u201d, uma mobiliza\u00e7\u00e3o para arrecada\u00e7\u00e3o de cobertores e colch\u00f5es novos que ser\u00e3o doados \u00e0 popula\u00e7\u00e3o em situa\u00e7\u00e3o de rua e fam\u00edlias em situa\u00e7\u00e3o de vulnerabilidade social no munic\u00edpio. A iniciativa \u00e9 organizada pela Secretaria Especial de Direitos Humanos (SEDH), em parceria com secretarias de Governo, de Assist\u00eancia Social e de Sa\u00fade, por meio do Consult\u00f3rio na Rua, ser\u00e1 realizada durante o per\u00edodo do inverno, e contar\u00e1 com tr\u00eas pontos de recolhimento.<\/p>\n<p>Segundo informa\u00e7\u00f5es do site da Prefeitura de Juiz de Fora, todos os interessados em colaborar com a iniciativa poder\u00e3o entregar suas doa\u00e7\u00f5es no Pr\u00e9dio da Prefeitura, localizado \u00e0 Avenida Brasil 2.001, no Centro, das 8h \u00e0s 18h; na Casa da Mulher, na Avenida Garibalde Campinhos, 169, Vitorino Braga, antigo pr\u00e9dio da Defesa Civil, das 7h30 \u00e0s 17h; e no Passe Livre, que funciona na Rua Fonseca Hermes 143, no Centro, das 8h \u00e0s 17h.<\/p>\n<p>O secret\u00e1rio Especial de Direitos Humanos, Biel Rocha, explica como surgiu a iniciativa e comenta sobre a sua import\u00e2ncia. \u201cA Campanha Juiz de Fora Solid\u00e1ria no Frio \u00e9 mais uma iniciativa que a gente inicia a pedido da pr\u00f3pria prefeita, em virtude do in\u00edcio do inverno e da nossa preocupa\u00e7\u00e3o com estas pessoas que est\u00e3o ocupando nossas ruas, empobrecidas com a pandemia, e com dificuldades, inclusive, de acesso a colch\u00f5es e cobertores.<\/p>\n<p>Biel Rocha comenta, ainda, sobre a destina\u00e7\u00e3o das doa\u00e7\u00f5es e a assist\u00eancia que ser\u00e1 prestada \u00e0s pessoas em situa\u00e7\u00e3o de vulnerabilidade. \u201cA nossa expectativa \u00e9 criar um estoque e, sendo necess\u00e1rias a\u00e7\u00f5es emergenciais, n\u00f3s j\u00e1 teremos como atender a essa popula\u00e7\u00e3o. Atrav\u00e9s do servi\u00e7o de abordagem social vamos contactar essas pessoas, ver as suas necessidades mais imediatas, apresentar a elas nossos programas, no caso, as casas de acolhimento. E, se necess\u00e1rio, desloc\u00e1-las para outros tipos de programas que ser\u00e3o criados de maneira emergencial, como ocupa\u00e7\u00e3o de escolas, quadras poliesportivas e resid\u00eancias de propriedade do munic\u00edpio que est\u00e3o vazias. O importante \u00e9 as pessoas n\u00e3o sentirem frio.&#8221;<\/p>\n","protected":false},"excerpt":{"rendered":"<p>A partir desta ter\u00e7a-feira, 22, a\u00a0Prefeitura de Juiz de Fora (PJF) est\u00e1 lan\u00e7ando a Campanha \u201cJuiz de Fora Solid\u00e1ria no Frio\u201d, uma mobiliza\u00e7\u00e3o para arrecada\u00e7\u00e3o de cobertores e colch\u00f5es novos que ser\u00e3o doados \u00e0 popula\u00e7\u00e3o em situa\u00e7\u00e3o de rua e fam\u00edlias em situa\u00e7\u00e3o de vulnerabilidade social no munic\u00edpio. A iniciativa \u00e9 organizada pela Secretaria Especial [&hellip;]<\/p>\n","protected":false},"author":246,"featured_media":184297,"comment_status":"closed","ping_status":"closed","sticky":false,"template":"","format":"standard","meta":{"footnotes":""},"categories":[253,436,439],"tags":[],"class_list":["post-184296","post","type-post","status-publish","format-standard","has-post-thumbnail","hentry","category-cidade","category-destaque-da-semana","category-ultima-hora"],"_links":{"self":[{"href":"https:\/\/diarioregionaldigital.com.br\/index.php?rest_route=\/wp\/v2\/posts\/184296","targetHints":{"allow":["GET"]}}],"collection":[{"href":"https:\/\/diarioregionaldigital.com.br\/index.php?rest_route=\/wp\/v2\/posts"}],"about":[{"href":"https:\/\/diarioregionaldigital.com.br\/index.php?rest_route=\/wp\/v2\/types\/post"}],"author":[{"embeddable":true,"href":"https:\/\/diarioregionaldigital.com.br\/index.php?rest_route=\/wp\/v2\/users\/246"}],"replies":[{"embeddable":true,"href":"https:\/\/diarioregionaldigital.com.br\/index.php?rest_route=%2Fwp%2Fv2%2Fcomments&post=184296"}],"version-history":[{"count":1,"href":"https:\/\/diarioregionaldigital.com.br\/index.php?rest_route=\/wp\/v2\/posts\/184296\/revisions"}],"predecessor-version":[{"id":184298,"href":"https:\/\/diarioregionaldigital.com.br\/index.php?rest_route=\/wp\/v2\/posts\/184296\/revisions\/184298"}],"wp:featuredmedia":[{"embeddable":true,"href":"https:\/\/diarioregionaldigital.com.br\/index.php?rest_route=\/wp\/v2\/media\/184297"}],"wp:attachment":[{"href":"https:\/\/diarioregionaldigital.com.br\/index.php?rest_route=%2Fwp%2Fv2%2Fmedia&parent=184296"}],"wp:term":[{"taxonomy":"category","embeddable":true,"href":"https:\/\/diarioregionaldigital.com.br\/index.php?rest_route=%2Fwp%2Fv2%2Fcategories&post=184296"},{"taxonomy":"post_tag","embeddable":true,"href":"https:\/\/diarioregionaldigital.com.br\/index.php?rest_route=%2Fwp%2Fv2%2Ftags&post=184296"}],"curies":[{"name":"wp","href":"https:\/\/api.w.org\/{rel}","templated":true}]}}