{"id":184292,"date":"2021-06-22T19:59:02","date_gmt":"2021-06-22T22:59:02","guid":{"rendered":"https:\/\/diarioregionaldigital.com.br\/?p=184292"},"modified":"2021-06-22T19:59:02","modified_gmt":"2021-06-22T22:59:02","slug":"museu-mariano-procopio-recebe-visita-da-prefeita","status":"publish","type":"post","link":"https:\/\/diarioregionaldigital.com.br\/?p=184292","title":{"rendered":"Museu Mariano Proc\u00f3pio recebe visita da Prefeita"},"content":{"rendered":"<p>A prefeita Margarida Salom\u00e3o visitou o Museu Mariano Proc\u00f3pio, que amanh\u00e3 completa cem anos de funda\u00e7\u00e3o, na tarde desta ter\u00e7a-feira, 22. O objetivo foi conhecer de perto a situa\u00e7\u00e3o dos pr\u00e9dios hist\u00f3ricos, do parque e do acervo para respaldar as interven\u00e7\u00f5es do munic\u00edpio no sentido de garantir a integridade do legado doado por Alfredo Ferreira Lage ao munic\u00edpio de Juiz de Fora e permitir que o mesmo seja plenamente acess\u00edvel aos seus cidad\u00e3os e \u00e0s suas cidad\u00e3s.<\/p>\n<p>Segundo informa\u00e7\u00f5es do site da Prefeitura de Juiz de Fora, a prefeita foi recebida pela diretora-geral da Funda\u00e7\u00e3o Cultural Alfredo Ferreira Lage (Funalfa), Giane Elisa Sales de Almeida, que responde interinamente pela Funda\u00e7\u00e3o Museu Mariano Proc\u00f3pio (Mapro) e pela equipe t\u00e9cnica do equipamento cultural. Margarida classificou as condi\u00e7\u00f5es atuais do espa\u00e7o como prec\u00e1rias e reafirmou a necessidade urgente de mudan\u00e7as no plano institucional, com o objetivo de garantir uma gest\u00e3o profissional e especializada de todo o complexo museal.<\/p>\n<p>Nesta quarta-feira, 23, dia do centen\u00e1rio do Museu Mariano Proc\u00f3pio, o munic\u00edpio encaminhar\u00e1 para a C\u00e2mara Municipal um projeto de Lei que prev\u00ea altera\u00e7\u00f5es no modelo de gest\u00e3o do museu, que \u00e9 o primeiro de Minas e considerado um dos mais importantes do pa\u00eds. A proposta \u00e9 que ele passe a ter um (a) superintendente, escolhido (a) por meio de sele\u00e7\u00e3o p\u00fablica, que responder\u00e1 pela gest\u00e3o direta. O segundo cargo seria o de diretor, com fun\u00e7\u00f5es de curadoria, selecionado pela prefeita a partir de uma lista tr\u00edplice encaminhada pelo Conselho de Amigos do Museu.<\/p>\n<p>A tramita\u00e7\u00e3o da proposta no Legislativo, ter\u00e1 in\u00edcio com uma audi\u00eancia p\u00fablica agendada para quinta-feira, 24, \u00e0s 15h, em ambiente on-line. A prefeita pontuou, no entanto, que algumas interven\u00e7\u00f5es de preserva\u00e7\u00e3o ser\u00e3o tomadas em car\u00e1ter emergencial, antes que o debate em torno do modelo de gest\u00e3o seja conclu\u00eddo.<\/p>\n","protected":false},"excerpt":{"rendered":"<p>A prefeita Margarida Salom\u00e3o visitou o Museu Mariano Proc\u00f3pio, que amanh\u00e3 completa cem anos de funda\u00e7\u00e3o, na tarde desta ter\u00e7a-feira, 22. O objetivo foi conhecer de perto a situa\u00e7\u00e3o dos pr\u00e9dios hist\u00f3ricos, do parque e do acervo para respaldar as interven\u00e7\u00f5es do munic\u00edpio no sentido de garantir a integridade do legado doado por Alfredo Ferreira [&hellip;]<\/p>\n","protected":false},"author":246,"featured_media":184293,"comment_status":"closed","ping_status":"closed","sticky":false,"template":"","format":"standard","meta":{"footnotes":""},"categories":[253,436,439],"tags":[],"class_list":["post-184292","post","type-post","status-publish","format-standard","has-post-thumbnail","hentry","category-cidade","category-destaque-da-semana","category-ultima-hora"],"_links":{"self":[{"href":"https:\/\/diarioregionaldigital.com.br\/index.php?rest_route=\/wp\/v2\/posts\/184292","targetHints":{"allow":["GET"]}}],"collection":[{"href":"https:\/\/diarioregionaldigital.com.br\/index.php?rest_route=\/wp\/v2\/posts"}],"about":[{"href":"https:\/\/diarioregionaldigital.com.br\/index.php?rest_route=\/wp\/v2\/types\/post"}],"author":[{"embeddable":true,"href":"https:\/\/diarioregionaldigital.com.br\/index.php?rest_route=\/wp\/v2\/users\/246"}],"replies":[{"embeddable":true,"href":"https:\/\/diarioregionaldigital.com.br\/index.php?rest_route=%2Fwp%2Fv2%2Fcomments&post=184292"}],"version-history":[{"count":2,"href":"https:\/\/diarioregionaldigital.com.br\/index.php?rest_route=\/wp\/v2\/posts\/184292\/revisions"}],"predecessor-version":[{"id":184295,"href":"https:\/\/diarioregionaldigital.com.br\/index.php?rest_route=\/wp\/v2\/posts\/184292\/revisions\/184295"}],"wp:featuredmedia":[{"embeddable":true,"href":"https:\/\/diarioregionaldigital.com.br\/index.php?rest_route=\/wp\/v2\/media\/184293"}],"wp:attachment":[{"href":"https:\/\/diarioregionaldigital.com.br\/index.php?rest_route=%2Fwp%2Fv2%2Fmedia&parent=184292"}],"wp:term":[{"taxonomy":"category","embeddable":true,"href":"https:\/\/diarioregionaldigital.com.br\/index.php?rest_route=%2Fwp%2Fv2%2Fcategories&post=184292"},{"taxonomy":"post_tag","embeddable":true,"href":"https:\/\/diarioregionaldigital.com.br\/index.php?rest_route=%2Fwp%2Fv2%2Ftags&post=184292"}],"curies":[{"name":"wp","href":"https:\/\/api.w.org\/{rel}","templated":true}]}}