{"id":184289,"date":"2021-06-22T19:53:53","date_gmt":"2021-06-22T22:53:53","guid":{"rendered":"https:\/\/diarioregionaldigital.com.br\/?p=184289"},"modified":"2021-06-22T19:53:53","modified_gmt":"2021-06-22T22:53:53","slug":"nesta-4a-dia-23-acontece-repescagens-aplicacao-em-novas-faixas-etarias-e-segundas-doses-veja-como-fica-a-vacinacao-contra-covid-19","status":"publish","type":"post","link":"https:\/\/diarioregionaldigital.com.br\/?p=184289","title":{"rendered":"Nesta 4\u00aa, dia 23, acontece repescagens, aplica\u00e7\u00e3o em novas faixas et\u00e1rias, e segundas doses: veja como fica a vacina\u00e7\u00e3o contra Covid-19"},"content":{"rendered":"<p>Nesta quarta-feira, 23, al\u00e9m de dar prosseguimento \u00e0 aplica\u00e7\u00e3o de segundas doses, \u00e9 realizada a repescagem voltada aos trabalhadores da educa\u00e7\u00e3o e \u00e0s pessoas com defici\u00eancia permanente ou comorbidade que tenham direito \u00e0 imuniza\u00e7\u00e3o, seguindo as faixas et\u00e1rias do dia. As pessoas com 55 anos ou mais tamb\u00e9m podem receber a primeira dose nesta quarta.<\/p>\n<p>Segundo informa\u00e7\u00f5es do site da Prefeitura de Juiz de Fora, os trabalhadores da educa\u00e7\u00e3o na ativa nas redes p\u00fablica e privada de Juiz de Fora, com 40 anos ou mais, que n\u00e3o conseguiram se vacinar anteriormente t\u00eam nova chance no RU Centro da UFJF, das 9h \u00e0s 16h, enquanto as pessoas com comorbidade ou defici\u00eancia permanente que tenham 38 anos podem iniciar a imuniza\u00e7\u00e3o no Sport Club, das 8h \u00e0s 16h. As pessoas com 55 anos ou mais podem buscar o imunizante no Sport Club, das 8h \u00e0s 16h e nas oito Unidades B\u00e1sicas de Sa\u00fade (UBSs) refer\u00eancia, das 8h \u00e0s 11h, e das 13 \u00e0s 16h. As demais 38 unidades aplicam vacinas contra Covid-19 no per\u00edodo da manh\u00e3, das 8h \u00e0s 11, enquanto \u00e0 tarde, das 13h \u00e0s 16h, ocorre a vacina\u00e7\u00e3o contra a Influenza.<\/p>\n<p>Gr\u00e1vidas e pu\u00e9rperas (mulheres em p\u00f3s-parto de at\u00e9 45 dias) com 18 anos ou mais recebem a primeira dose no Sport Club e nas UBSs, locais onde tamb\u00e9m ocorre a aplica\u00e7\u00e3o de segundas doses dos imunizantes contra o coronav\u00edrus ao longo desta quarta-feira.\u00a0<b>Os endere\u00e7os e hor\u00e1rios de vacina\u00e7\u00e3o destes e dos demais p\u00fablicos-alvo da campanha podem ser vistos de forma detalhada no fim do texto.<\/b><\/p>\n<p><b>Pr\u00e9-cadastros<\/b><\/p>\n<p>Est\u00e3o abertos os pr\u00e9-cadastros para pessoas sem comorbidade com 40 anos ou mais, para lactantes (mulheres que amamentam) que tenham crian\u00e7a de at\u00e9 seis meses e profissionais de grupos priorit\u00e1rios. Os pr\u00e9-cadastros s\u00e3o feitos exclusivamente no site da PJF, onde podem ser lidos os detalhes para cada um destes grupos. Ressaltamos que o pr\u00e9-cadastro n\u00e3o \u00e9 um sistema de agendamento e n\u00e3o garante a vacina\u00e7\u00e3o. As informa\u00e7\u00f5es colocadas nele ter\u00e3o que, posteriormente, no momento da vacina\u00e7\u00e3o, serem comprovadas atrav\u00e9s da documenta\u00e7\u00e3o solicitada \u00e0 cada um dos grupos.<\/p>\n<p><b>ATEN\u00c7\u00c3O<\/b><\/p>\n<p>Todos os que forem receber a segunda dose devem levar o cart\u00e3o de vacina para comprovar o recebimento da primeira. Deve-se ter aten\u00e7\u00e3o \u00e0 data de retorno no cart\u00e3o, pois n\u00e3o s\u00e3o aplicadas vacinas antes do prazo estipulado no mesmo. Al\u00e9m do cart\u00e3o, precisa ser apresentado documento original com foto, como o documento de identidade ou a carteira de motorista.<\/p>\n<p>Quem se vacinou contra a gripe e tem direito de se vacinar tamb\u00e9m contra a Covid-19 deve esperar pelo menos 14 dias entre o momento que recebeu a dose do imunizante contra a Influenza para poder ser vacinado contra a Covid-19. Para quem foi diagnosticado com Covid-19, \u00e9 recomendado ao menos 30 dias de espera entre o come\u00e7o dos sintomas ou teste positivo (no caso dos assintom\u00e1ticos) para receber a vacina.<\/p>\n<p><b>Confira o calend\u00e1rio de imuniza\u00e7\u00e3o desta quarta, 23<\/b><\/p>\n<p><b>Repescagem dos trabalhadores da educa\u00e7\u00e3o de 40 anos ou mais<\/b><br \/>\nRU Centro da UFJF, das 9h \u00e0s 16h.<\/p>\n<p><b>Repescagem para pessoas com comorbidade ou defici\u00eancia permanente de 38 anos<\/b><br \/>\nnO Sport Club, das 8h \u00e0s 16h<\/p>\n<p><b>Segundas doses<\/b><br \/>\nNo Sport Club, das 8h \u00e0s 16h, nas 8 UBSs de refer\u00eancia, das 8h \u00e0s 11h, e das 13h \u00e0s 16h, e nas demais 38 UBSs das 8h \u00e0s 11h.<\/p>\n<p><b>Gr\u00e1vidas e pu\u00e9rperas que tenham 18 anos ou mais<\/b><br \/>\nNo Sport Club, das 8h \u00e0s 16h, nas 8 UBSs de refer\u00eancia, das 8h \u00e0s 11h, e das 13h \u00e0s 16h, e nas demais 38 UBSs das 8h \u00e0s 11h.<\/p>\n<p><b>Idosos com 60 anos ou mais que v\u00e3o receber a primeira ou segunda dose<\/b><br \/>\nDepartamento de Sa\u00fade do Idoso, das 8h \u00e0s 16h, no Sport Club, das 8h \u00e0s 16h, nas 8 UBSs de refer\u00eancia, das 8h \u00e0s 11h, e das 13h \u00e0s 16h, e nas demais 38 UBSs das 8h \u00e0s 11h.<\/p>\n<p><b>Pessoas com 55 anos ou mais<\/b><br \/>\nNo Sport Club, das 8h \u00e0s 16h, nas 8 UBSs de refer\u00eancia, das 8h \u00e0s 11h, e das 13h \u00e0s 16h, e nas demais 38 UBSs das 8h \u00e0s 11.<\/p>\n<p><b>Confira os Endere\u00e7os dos locais de vacina\u00e7\u00e3o:<\/b><\/p>\n<p><b>Sport Club Juiz de Fora<\/b><br \/>\nAvenida Bar\u00e3o do Rio Branco, 1.303, Centro<\/p>\n<p><b>RU Centro da UFJF<\/b><br \/>\nRua Santo Ant\u00f4nio, s\/n Ao lado do Museu de Arte Murilo Mendes (Mamm), Centro<\/p>\n<p><b>Departamento de Sa\u00fade do Idoso<\/b><br \/>\nRua Batista de Oliveira, 943, Granbery<\/p>\n<p>As 8 UBSs de refer\u00eancia (Vila Ideal, Nossa Senhora das Gra\u00e7as, S\u00e3o Pedro, Centro Sul, Nossa Senhora de Lourdes, Nossa Senhora Aparecida, Benfica e Santa Luzia) vacinam contra a Covid-19 das 8h \u00e0s 11h e das 13h \u00e0s 16h. As demais UBSs aplicam imunizantes contra a Covid-19 apenas no per\u00edodo da manh\u00e3, das 8h \u00e0s 11h, pois, \u00e0 tarde, vacinam contra Influenza.<\/p>\n","protected":false},"excerpt":{"rendered":"<p>Nesta quarta-feira, 23, al\u00e9m de dar prosseguimento \u00e0 aplica\u00e7\u00e3o de segundas doses, \u00e9 realizada a repescagem voltada aos trabalhadores da educa\u00e7\u00e3o e \u00e0s pessoas com defici\u00eancia permanente ou comorbidade que tenham direito \u00e0 imuniza\u00e7\u00e3o, seguindo as faixas et\u00e1rias do dia. As pessoas com 55 anos ou mais tamb\u00e9m podem receber a primeira dose nesta quarta. [&hellip;]<\/p>\n","protected":false},"author":246,"featured_media":184290,"comment_status":"closed","ping_status":"closed","sticky":false,"template":"","format":"standard","meta":{"footnotes":""},"categories":[253,440,439],"tags":[],"class_list":["post-184289","post","type-post","status-publish","format-standard","has-post-thumbnail","hentry","category-cidade","category-destaques-do-dia","category-ultima-hora"],"_links":{"self":[{"href":"https:\/\/diarioregionaldigital.com.br\/index.php?rest_route=\/wp\/v2\/posts\/184289","targetHints":{"allow":["GET"]}}],"collection":[{"href":"https:\/\/diarioregionaldigital.com.br\/index.php?rest_route=\/wp\/v2\/posts"}],"about":[{"href":"https:\/\/diarioregionaldigital.com.br\/index.php?rest_route=\/wp\/v2\/types\/post"}],"author":[{"embeddable":true,"href":"https:\/\/diarioregionaldigital.com.br\/index.php?rest_route=\/wp\/v2\/users\/246"}],"replies":[{"embeddable":true,"href":"https:\/\/diarioregionaldigital.com.br\/index.php?rest_route=%2Fwp%2Fv2%2Fcomments&post=184289"}],"version-history":[{"count":1,"href":"https:\/\/diarioregionaldigital.com.br\/index.php?rest_route=\/wp\/v2\/posts\/184289\/revisions"}],"predecessor-version":[{"id":184291,"href":"https:\/\/diarioregionaldigital.com.br\/index.php?rest_route=\/wp\/v2\/posts\/184289\/revisions\/184291"}],"wp:featuredmedia":[{"embeddable":true,"href":"https:\/\/diarioregionaldigital.com.br\/index.php?rest_route=\/wp\/v2\/media\/184290"}],"wp:attachment":[{"href":"https:\/\/diarioregionaldigital.com.br\/index.php?rest_route=%2Fwp%2Fv2%2Fmedia&parent=184289"}],"wp:term":[{"taxonomy":"category","embeddable":true,"href":"https:\/\/diarioregionaldigital.com.br\/index.php?rest_route=%2Fwp%2Fv2%2Fcategories&post=184289"},{"taxonomy":"post_tag","embeddable":true,"href":"https:\/\/diarioregionaldigital.com.br\/index.php?rest_route=%2Fwp%2Fv2%2Ftags&post=184289"}],"curies":[{"name":"wp","href":"https:\/\/api.w.org\/{rel}","templated":true}]}}