{"id":184273,"date":"2021-06-22T19:26:56","date_gmt":"2021-06-22T22:26:56","guid":{"rendered":"https:\/\/diarioregionaldigital.com.br\/?p=184273"},"modified":"2021-06-22T19:26:56","modified_gmt":"2021-06-22T22:26:56","slug":"olimpiadas-de-toquio-terao-publico-local-limitado-a-10-mil-pessoas-por-arena","status":"publish","type":"post","link":"https:\/\/diarioregionaldigital.com.br\/?p=184273","title":{"rendered":"Olimp\u00edadas de T\u00f3quio ter\u00e3o p\u00fablico local limitado a 10 mil pessoas por arena"},"content":{"rendered":"<p>Os residentes do Jap\u00e3o ter\u00e3o permiss\u00e3o para assistir aos Jogos Ol\u00edmpicos de T\u00f3quio, sob a condi\u00e7\u00e3o de que o p\u00fablico seja limitado a 50% da capacidade at\u00e9 o limite de 10 mil torcedores em todas as arenas. As Olimp\u00edadas ser\u00e3o disputadas entre 23 de julho e 8 de agosto.<\/p>\n<p>A decis\u00e3o foi revelada nesta segunda-feira (21.06), ap\u00f3s reuni\u00e3o realizada com representantes do Comit\u00ea Ol\u00edmpico Internacional (COI), do Comit\u00ea Paral\u00edmpico Internacional (IPC), do Comit\u00ea Organizador de T\u00f3quio 2020, do Governo Metropolitano de T\u00f3quio (TMG) e do Governo do Jap\u00e3o (GoJ).<\/p>\n<p>O comunicado deixa claro que a decis\u00e3o pode ser alterada caso um estado de emerg\u00eancia ou outras medidas priorit\u00e1rias destinadas a prevenir a propaga\u00e7\u00e3o do Covid-19 sejam implementadas ap\u00f3s 12 de julho de 2021. Nesses casos, as restri\u00e7\u00f5es ao n\u00famero de torcedores ou at\u00e9 mesmo a realiza\u00e7\u00e3o de competi\u00e7\u00f5es sem p\u00fablico ser\u00e3o baseadas nas medidas sanit\u00e1rias em vigor.<\/p>\n<p>No caso de qualquer mudan\u00e7a r\u00e1pida no status do n\u00edvel de infec\u00e7\u00e3o ou da capacidade do sistema de assist\u00eancia m\u00e9dica japonesa, uma nova reuni\u00e3o entre os representantes das cinco partes ser\u00e1 realizada para considerar novas medidas.<\/p>\n<p>Diretrizes<\/p>\n<p>O governo japon\u00eas estipulou diretrizes para os torcedores com o objetivo de garantir ambientes seguros e protegidos durante as competi\u00e7\u00f5es. As m\u00e1scaras devem ser usadas nos locais em todos os momentos e falar em voz alta ou gritar ser\u00e1 proibido.<\/p>\n<p>Aglomera\u00e7\u00f5es devem ser evitadas e os visitantes devem deixar os locais de maneira escalonada. Os torcedores ser\u00e3o solicitados a viajar diretamente para os locais de competi\u00e7\u00e3o e voltar para casa diretamente e devem tomar todas as precau\u00e7\u00f5es necess\u00e1rias ao se deslocar entre as prefeituras.<\/p>\n<p>Uma estrutura ser\u00e1 implementada para manter o monitoramento do status de infec\u00e7\u00f5es e cuidados m\u00e9dicos usando o aconselhamento de especialistas. Al\u00e9m disso, mensagens consistentes e unificadas destinadas a garantir que os Jogos sejam seguros e protegidos ser\u00e3o entregues pelas cinco partes envolvidas.<\/p>\n<p>As pol\u00edticas equivalentes que regem os Jogos Paral\u00edmpicos ser\u00e3o decididas at\u00e9 16 de julho de 2021, uma semana antes da abertura dos Jogos Ol\u00edmpicos.<\/p>\n<p>Para conduzir Jogos seguros e protegidos para todo o Jap\u00e3o haver\u00e1 uma forte coordena\u00e7\u00e3o e coopera\u00e7\u00e3o com os governos locais para garantir que as diretrizes sejam seguidas. A situa\u00e7\u00e3o ser\u00e1 monitorada no Jap\u00e3o e no exterior, incluindo o status das diferentes variantes do coronav\u00edrus, e todas as a\u00e7\u00f5es necess\u00e1rias ser\u00e3o tomadas prontamente. A vacina\u00e7\u00e3o dos envolvidos com os Jogos continuar\u00e1 e a situa\u00e7\u00e3o vacinal ser\u00e1 posteriormente atualizada.<\/p>\n<p>Faltam 32 dias para os Jogos Ol\u00edmpicos e 64 dias para os Jogos Paral\u00edmpicos e as cinco entidades continuar\u00e3o a trabalhar juntas para garantir a realiza\u00e7\u00e3o de Jogos seguros.<\/p>\n<p>Fonte: Tokyo 2020<\/p>\n","protected":false},"excerpt":{"rendered":"<p>Os residentes do Jap\u00e3o ter\u00e3o permiss\u00e3o para assistir aos Jogos Ol\u00edmpicos de T\u00f3quio, sob a condi\u00e7\u00e3o de que o p\u00fablico seja limitado a 50% da capacidade at\u00e9 o limite de 10 mil torcedores em todas as arenas. As Olimp\u00edadas ser\u00e3o disputadas entre 23 de julho e 8 de agosto. A decis\u00e3o foi revelada nesta segunda-feira [&hellip;]<\/p>\n","protected":false},"author":246,"featured_media":184274,"comment_status":"closed","ping_status":"closed","sticky":false,"template":"","format":"standard","meta":{"footnotes":""},"categories":[436,257,439],"tags":[],"class_list":["post-184273","post","type-post","status-publish","format-standard","has-post-thumbnail","hentry","category-destaque-da-semana","category-esporte","category-ultima-hora"],"_links":{"self":[{"href":"https:\/\/diarioregionaldigital.com.br\/index.php?rest_route=\/wp\/v2\/posts\/184273","targetHints":{"allow":["GET"]}}],"collection":[{"href":"https:\/\/diarioregionaldigital.com.br\/index.php?rest_route=\/wp\/v2\/posts"}],"about":[{"href":"https:\/\/diarioregionaldigital.com.br\/index.php?rest_route=\/wp\/v2\/types\/post"}],"author":[{"embeddable":true,"href":"https:\/\/diarioregionaldigital.com.br\/index.php?rest_route=\/wp\/v2\/users\/246"}],"replies":[{"embeddable":true,"href":"https:\/\/diarioregionaldigital.com.br\/index.php?rest_route=%2Fwp%2Fv2%2Fcomments&post=184273"}],"version-history":[{"count":1,"href":"https:\/\/diarioregionaldigital.com.br\/index.php?rest_route=\/wp\/v2\/posts\/184273\/revisions"}],"predecessor-version":[{"id":184275,"href":"https:\/\/diarioregionaldigital.com.br\/index.php?rest_route=\/wp\/v2\/posts\/184273\/revisions\/184275"}],"wp:featuredmedia":[{"embeddable":true,"href":"https:\/\/diarioregionaldigital.com.br\/index.php?rest_route=\/wp\/v2\/media\/184274"}],"wp:attachment":[{"href":"https:\/\/diarioregionaldigital.com.br\/index.php?rest_route=%2Fwp%2Fv2%2Fmedia&parent=184273"}],"wp:term":[{"taxonomy":"category","embeddable":true,"href":"https:\/\/diarioregionaldigital.com.br\/index.php?rest_route=%2Fwp%2Fv2%2Fcategories&post=184273"},{"taxonomy":"post_tag","embeddable":true,"href":"https:\/\/diarioregionaldigital.com.br\/index.php?rest_route=%2Fwp%2Fv2%2Ftags&post=184273"}],"curies":[{"name":"wp","href":"https:\/\/api.w.org\/{rel}","templated":true}]}}