{"id":184270,"date":"2021-06-22T19:17:27","date_gmt":"2021-06-22T22:17:27","guid":{"rendered":"https:\/\/diarioregionaldigital.com.br\/?p=184270"},"modified":"2021-06-23T00:03:46","modified_gmt":"2021-06-23T03:03:46","slug":"minas-gerais-recebe-26o-lotes-de-vacinas-contra-covid-19","status":"publish","type":"post","link":"https:\/\/diarioregionaldigital.com.br\/?p=184270","title":{"rendered":"Minas Gerais recebe 26\u00ba lotes de vacinas contra covid-19"},"content":{"rendered":"<p>J\u00e1 est\u00e3o em Minas Gerais as 862.000 doses da AstraZeneca, referentes ao\u00a026\u00ba lote de vacinas contra a covid-19. Os imunizantes chegaram \u00e0\u00a0Central Estadual de Rede de Frio do\u00a0<a href=\"http:\/\/www.mg.gov.br\/\" target=\"_blank\" rel=\"noopener\">Governo de Minas<\/a>\u00a0nesta segunda-feira (21\/6).<\/p>\n<p>As doses v\u00e3o refor\u00e7ar\u00a0a vacina\u00e7\u00e3o dos grupos priorit\u00e1rios e ser\u00e3o destinadas \u00e0 aplica\u00e7\u00e3o da segunda dose dos idosos entre 60 e 64 anos e das For\u00e7as de Seguran\u00e7a e Salvamento. Esta \u00e9 a maior opera\u00e7\u00e3o de vacina\u00e7\u00e3o da hist\u00f3ria de Minas Gerais.<\/p>\n<p><strong>Amplia\u00e7\u00e3o<\/strong><\/p>\n<p>Caso algum munic\u00edpio tenha completado o esquema vacinal de todas as pessoas de um grupo priorit\u00e1rio, e tiver doses dispon\u00edveis, poder\u00e1 avan\u00e7ar na imuniza\u00e7\u00e3o de outros grupos priorit\u00e1rios elencados pelo Programa Nacional de Imuniza\u00e7\u00f5es (PNI), do Minist\u00e9rio da Sa\u00fade.<\/p>\n<p><strong>Distribui\u00e7\u00e3o<\/strong><\/p>\n<p>Os imunizantes entregues \u00e0 Rede de Frio estadual, em Belo Horizonte, ser\u00e3o, agora, distribu\u00eddos para as regionais de sa\u00fade. A log\u00edstica ser\u00e1 divulgada em breve pela\u00a0<a href=\"http:\/\/www.saude.mg.gov.br\/\" target=\"_blank\" rel=\"noopener\">Secretaria de Estado de Sa\u00fade (SES-MG)<\/a>.<\/p>\n<p><span style=\"font-weight: 400;\">Fonte: Ag\u00eancia Minas <\/span><\/p>\n","protected":false},"excerpt":{"rendered":"<p>J\u00e1 est\u00e3o em Minas Gerais as 862.000 doses da AstraZeneca, referentes ao\u00a026\u00ba lote de vacinas contra a covid-19. Os imunizantes chegaram \u00e0\u00a0Central Estadual de Rede de Frio do\u00a0Governo de Minas\u00a0nesta segunda-feira (21\/6). As doses v\u00e3o refor\u00e7ar\u00a0a vacina\u00e7\u00e3o dos grupos priorit\u00e1rios e ser\u00e3o destinadas \u00e0 aplica\u00e7\u00e3o da segunda dose dos idosos entre 60 e 64 anos [&hellip;]<\/p>\n","protected":false},"author":246,"featured_media":184271,"comment_status":"closed","ping_status":"closed","sticky":false,"template":"","format":"standard","meta":{"footnotes":""},"categories":[440,254,439],"tags":[],"class_list":["post-184270","post","type-post","status-publish","format-standard","has-post-thumbnail","hentry","category-destaques-do-dia","category-politica","category-ultima-hora"],"_links":{"self":[{"href":"https:\/\/diarioregionaldigital.com.br\/index.php?rest_route=\/wp\/v2\/posts\/184270","targetHints":{"allow":["GET"]}}],"collection":[{"href":"https:\/\/diarioregionaldigital.com.br\/index.php?rest_route=\/wp\/v2\/posts"}],"about":[{"href":"https:\/\/diarioregionaldigital.com.br\/index.php?rest_route=\/wp\/v2\/types\/post"}],"author":[{"embeddable":true,"href":"https:\/\/diarioregionaldigital.com.br\/index.php?rest_route=\/wp\/v2\/users\/246"}],"replies":[{"embeddable":true,"href":"https:\/\/diarioregionaldigital.com.br\/index.php?rest_route=%2Fwp%2Fv2%2Fcomments&post=184270"}],"version-history":[{"count":1,"href":"https:\/\/diarioregionaldigital.com.br\/index.php?rest_route=\/wp\/v2\/posts\/184270\/revisions"}],"predecessor-version":[{"id":184272,"href":"https:\/\/diarioregionaldigital.com.br\/index.php?rest_route=\/wp\/v2\/posts\/184270\/revisions\/184272"}],"wp:featuredmedia":[{"embeddable":true,"href":"https:\/\/diarioregionaldigital.com.br\/index.php?rest_route=\/wp\/v2\/media\/184271"}],"wp:attachment":[{"href":"https:\/\/diarioregionaldigital.com.br\/index.php?rest_route=%2Fwp%2Fv2%2Fmedia&parent=184270"}],"wp:term":[{"taxonomy":"category","embeddable":true,"href":"https:\/\/diarioregionaldigital.com.br\/index.php?rest_route=%2Fwp%2Fv2%2Fcategories&post=184270"},{"taxonomy":"post_tag","embeddable":true,"href":"https:\/\/diarioregionaldigital.com.br\/index.php?rest_route=%2Fwp%2Fv2%2Ftags&post=184270"}],"curies":[{"name":"wp","href":"https:\/\/api.w.org\/{rel}","templated":true}]}}