{"id":184264,"date":"2021-06-22T19:05:29","date_gmt":"2021-06-22T22:05:29","guid":{"rendered":"https:\/\/diarioregionaldigital.com.br\/?p=184264"},"modified":"2021-06-22T19:05:29","modified_gmt":"2021-06-22T22:05:29","slug":"microempresas-individuais-puxam-a-criacao-de-empresas-em-marco","status":"publish","type":"post","link":"https:\/\/diarioregionaldigital.com.br\/?p=184264","title":{"rendered":"Microempresas individuais puxam a cria\u00e7\u00e3o de empresas em mar\u00e7o"},"content":{"rendered":"<p>O m\u00eas de de mar\u00e7o registrou a cria\u00e7\u00e3o de 351.714 empresas no pa\u00eds, um aumento de 17,9% em compara\u00e7\u00e3o com igual per\u00edodo de 2020. A abertura das empresas em mar\u00e7o, o \u00faltimo m\u00eas com dados consolidados, foi impulsionada pelo crescimento das microempresas individuais (MEIs) e dos neg\u00f3cios do setor de servi\u00e7os. Os dados, divulgados hoje (22), s\u00e3o do Indicador Nascimento de Empresas da Serasa Experian.\u00a0<img decoding=\"async\" src=\"https:\/\/agenciabrasil.ebc.com.br\/ebc.png?id=1413322&amp;o=node\" \/><img decoding=\"async\" src=\"https:\/\/agenciabrasil.ebc.com.br\/ebc.gif?id=1413322&amp;o=node\" \/><\/p>\n<p>Segundo o levantamento, do total de 351.714 empresas criadas em mar\u00e7o, 240.166 foram do setor de servi\u00e7os (68,2%); 81.890, do com\u00e9rcio (23,3%); 26.419, da ind\u00fastria (7,6); e demais, 3.239 (0,9%). Quanto \u00e0 natureza jur\u00eddica, foram abertas 282.211 MEIs (80,3%); 45.145 sociedades limitadas (12,9%); 10.383 empresas individuais (2,9%); e 13.965, outros tipos (3,9%).<\/p>\n<p>\u201cAs pessoas seguem optando por investir na abertura de empresas para gera\u00e7\u00e3o de renda, j\u00e1 que o desemprego continua em alta\u201d, destacou o economista da Serasa Experian Luiz Rabi.<\/p>\n<p>Em compara\u00e7\u00e3o \u00e0 mar\u00e7o do ano passado, as sociedades limitadas tiveram o maior crescimento do m\u00eas, com alta de 67,3%. \u201cO aumento desse tipo de empresa pode indicar que os empreendedores est\u00e3o preferindo trabalhar em sociedade para garantir, principalmente, apoio financeiro em meio \u00e0 crise econ\u00f4mica, j\u00e1 que o investimento inicial costuma ser decisivo para garantir a sa\u00fade e o sucesso do novo neg\u00f3cio\u201d, ressaltou Rabi.<\/p>\n<p>O Sudeste registrou o maior n\u00famero de empresas abertas (178,3 mil), seguido do Sul (63,7 mil), Nordeste (58 mil), Centro-Oeste (31,7 mil), e Norte (19,7 mil).<\/p>\n<p><span style=\"font-weight: 400;\"><br \/>\n<\/span><span style=\"font-weight: 400;\">Fonte: Ag\u00eancia Brasil <\/span><\/p>\n","protected":false},"excerpt":{"rendered":"<p>O m\u00eas de de mar\u00e7o registrou a cria\u00e7\u00e3o de 351.714 empresas no pa\u00eds, um aumento de 17,9% em compara\u00e7\u00e3o com igual per\u00edodo de 2020. A abertura das empresas em mar\u00e7o, o \u00faltimo m\u00eas com dados consolidados, foi impulsionada pelo crescimento das microempresas individuais (MEIs) e dos neg\u00f3cios do setor de servi\u00e7os. Os dados, divulgados hoje [&hellip;]<\/p>\n","protected":false},"author":246,"featured_media":184265,"comment_status":"closed","ping_status":"closed","sticky":false,"template":"","format":"standard","meta":{"footnotes":""},"categories":[436,261,439],"tags":[],"class_list":["post-184264","post","type-post","status-publish","format-standard","has-post-thumbnail","hentry","category-destaque-da-semana","category-economia","category-ultima-hora"],"_links":{"self":[{"href":"https:\/\/diarioregionaldigital.com.br\/index.php?rest_route=\/wp\/v2\/posts\/184264","targetHints":{"allow":["GET"]}}],"collection":[{"href":"https:\/\/diarioregionaldigital.com.br\/index.php?rest_route=\/wp\/v2\/posts"}],"about":[{"href":"https:\/\/diarioregionaldigital.com.br\/index.php?rest_route=\/wp\/v2\/types\/post"}],"author":[{"embeddable":true,"href":"https:\/\/diarioregionaldigital.com.br\/index.php?rest_route=\/wp\/v2\/users\/246"}],"replies":[{"embeddable":true,"href":"https:\/\/diarioregionaldigital.com.br\/index.php?rest_route=%2Fwp%2Fv2%2Fcomments&post=184264"}],"version-history":[{"count":1,"href":"https:\/\/diarioregionaldigital.com.br\/index.php?rest_route=\/wp\/v2\/posts\/184264\/revisions"}],"predecessor-version":[{"id":184266,"href":"https:\/\/diarioregionaldigital.com.br\/index.php?rest_route=\/wp\/v2\/posts\/184264\/revisions\/184266"}],"wp:featuredmedia":[{"embeddable":true,"href":"https:\/\/diarioregionaldigital.com.br\/index.php?rest_route=\/wp\/v2\/media\/184265"}],"wp:attachment":[{"href":"https:\/\/diarioregionaldigital.com.br\/index.php?rest_route=%2Fwp%2Fv2%2Fmedia&parent=184264"}],"wp:term":[{"taxonomy":"category","embeddable":true,"href":"https:\/\/diarioregionaldigital.com.br\/index.php?rest_route=%2Fwp%2Fv2%2Fcategories&post=184264"},{"taxonomy":"post_tag","embeddable":true,"href":"https:\/\/diarioregionaldigital.com.br\/index.php?rest_route=%2Fwp%2Fv2%2Ftags&post=184264"}],"curies":[{"name":"wp","href":"https:\/\/api.w.org\/{rel}","templated":true}]}}