{"id":184260,"date":"2021-06-22T19:02:27","date_gmt":"2021-06-22T22:02:27","guid":{"rendered":"https:\/\/diarioregionaldigital.com.br\/?p=184260"},"modified":"2021-06-22T19:02:27","modified_gmt":"2021-06-22T22:02:27","slug":"dolar-fecha-abaixo-de-r-5-pela-primeira-vez-em-mais-de-um-ano","status":"publish","type":"post","link":"https:\/\/diarioregionaldigital.com.br\/?p=184260","title":{"rendered":"D\u00f3lar fecha abaixo de R$ 5 pela primeira vez em mais de um ano"},"content":{"rendered":"<p>Influenciado pela perspectiva de aumento de juros no Brasil e pelo cen\u00e1rio internacional, o d\u00f3lar fechou abaixo de R$ 5 pela primeira vez em mais de um ano. A bolsa de valores recuperou-se no fim da tarde, mas encerrou o dia com leve queda.<img decoding=\"async\" src=\"https:\/\/agenciabrasil.ebc.com.br\/ebc.png?id=1413335&amp;o=node\" \/><img decoding=\"async\" src=\"https:\/\/agenciabrasil.ebc.com.br\/ebc.gif?id=1413335&amp;o=node\" \/><\/p>\n<p>O d\u00f3lar comercial fechou esta ter\u00e7a-feira (22) vendido a R$ 4,966, com recuo de R$ 0,057 (-1,13%). A cota\u00e7\u00e3o chegou a iniciar o dia em alta, mas reverteu o movimento e passou a operar em queda livre no fim da manh\u00e3.<\/p>\n<p>A moeda norte-americana est\u00e1 no menor n\u00edvel desde 10 de junho de 2020, quando estava em R$ 4,936. A divisa acumula queda de 4,95% em junho. No ano, a queda chega a 4,29%.<\/p>\n<p>O otimismo no c\u00e2mbio contrastou com o mercado de a\u00e7\u00f5es. O \u00edndice Ibovespa, da B3, fechou o dia aos 128.767 pontos, com recuo de 0,38%. O indicador chegou a cair 1,1% durante a manh\u00e3, mas recuperou-se durante a tarde.<\/p>\n<p>A divulga\u00e7\u00e3o da ata da reuni\u00e3o do Comit\u00ea de Pol\u00edtica Monet\u00e1ria (Copom) do Banco Central contribuiu para a queda do d\u00f3lar. O documento indicou que a autoridade monet\u00e1ria pode acelerar a alta de juros no Brasil, caso a infla\u00e7\u00e3o continue alta. Juros mais altos estimulam a entrada de capitais em pa\u00edses emergentes, diminuindo a press\u00e3o sobre o c\u00e2mbio.<\/p>\n<p>Paralelamente, a perspectiva de um aperto mais intenso na pol\u00edtica monet\u00e1ria afeta a bolsa. Com a alta da taxa Selic, os juros b\u00e1sicos da economia, os investidores se sentem estimulados a tirar recursos da bolsa e voltar a aplicar em renda fixa, que oferece menos riscos que o mercado de a\u00e7\u00f5es.<\/p>\n<p>O d\u00f3lar tamb\u00e9m caiu no exterior ap\u00f3s declara\u00e7\u00f5es de Jerome Powell, presidente do Federal Reserve (Fed, Banco Central norte-americano). Em apresenta\u00e7\u00e3o a deputados norte-americanos, ele disse que a infla\u00e7\u00e3o na maior economia do planeta \u00e9 transit\u00f3ria e que o Fed n\u00e3o pensa em retirar t\u00e3o cedo as medidas de est\u00edmulo para recuperar os Estados Unidos da crise gerada pela pandemia de covid-19.<\/p>\n<p><span style=\"font-weight: 400;\">Fonte: Ag\u00eancia Brasil\u00a0<\/span><span style=\"font-weight: 400;\"><br \/>\n<\/span><\/p>\n","protected":false},"excerpt":{"rendered":"<p>Influenciado pela perspectiva de aumento de juros no Brasil e pelo cen\u00e1rio internacional, o d\u00f3lar fechou abaixo de R$ 5 pela primeira vez em mais de um ano. A bolsa de valores recuperou-se no fim da tarde, mas encerrou o dia com leve queda. O d\u00f3lar comercial fechou esta ter\u00e7a-feira (22) vendido a R$ 4,966, [&hellip;]<\/p>\n","protected":false},"author":246,"featured_media":184261,"comment_status":"closed","ping_status":"closed","sticky":false,"template":"","format":"standard","meta":{"footnotes":""},"categories":[440,261,439],"tags":[],"class_list":["post-184260","post","type-post","status-publish","format-standard","has-post-thumbnail","hentry","category-destaques-do-dia","category-economia","category-ultima-hora"],"_links":{"self":[{"href":"https:\/\/diarioregionaldigital.com.br\/index.php?rest_route=\/wp\/v2\/posts\/184260","targetHints":{"allow":["GET"]}}],"collection":[{"href":"https:\/\/diarioregionaldigital.com.br\/index.php?rest_route=\/wp\/v2\/posts"}],"about":[{"href":"https:\/\/diarioregionaldigital.com.br\/index.php?rest_route=\/wp\/v2\/types\/post"}],"author":[{"embeddable":true,"href":"https:\/\/diarioregionaldigital.com.br\/index.php?rest_route=\/wp\/v2\/users\/246"}],"replies":[{"embeddable":true,"href":"https:\/\/diarioregionaldigital.com.br\/index.php?rest_route=%2Fwp%2Fv2%2Fcomments&post=184260"}],"version-history":[{"count":2,"href":"https:\/\/diarioregionaldigital.com.br\/index.php?rest_route=\/wp\/v2\/posts\/184260\/revisions"}],"predecessor-version":[{"id":184263,"href":"https:\/\/diarioregionaldigital.com.br\/index.php?rest_route=\/wp\/v2\/posts\/184260\/revisions\/184263"}],"wp:featuredmedia":[{"embeddable":true,"href":"https:\/\/diarioregionaldigital.com.br\/index.php?rest_route=\/wp\/v2\/media\/184261"}],"wp:attachment":[{"href":"https:\/\/diarioregionaldigital.com.br\/index.php?rest_route=%2Fwp%2Fv2%2Fmedia&parent=184260"}],"wp:term":[{"taxonomy":"category","embeddable":true,"href":"https:\/\/diarioregionaldigital.com.br\/index.php?rest_route=%2Fwp%2Fv2%2Fcategories&post=184260"},{"taxonomy":"post_tag","embeddable":true,"href":"https:\/\/diarioregionaldigital.com.br\/index.php?rest_route=%2Fwp%2Fv2%2Ftags&post=184260"}],"curies":[{"name":"wp","href":"https:\/\/api.w.org\/{rel}","templated":true}]}}