{"id":184248,"date":"2021-06-22T06:00:24","date_gmt":"2021-06-22T09:00:24","guid":{"rendered":"https:\/\/diarioregionaldigital.com.br\/?p=184248"},"modified":"2021-06-21T23:43:34","modified_gmt":"2021-06-22T02:43:34","slug":"cultura-regional","status":"publish","type":"post","link":"https:\/\/diarioregionaldigital.com.br\/?p=184248","title":{"rendered":"Cultura Regional"},"content":{"rendered":"<p style=\"text-align: center;\"><strong>Cultura Regional<\/strong><\/p>\n<p style=\"text-align: center;\">O Grupo Macau\u00e3 de Juiz de Fora completou 30 anos de hist\u00f3ria e teve v\u00e1rias comemora\u00e7\u00f5es. O Macau\u00e3 preserva e divulga a dan\u00e7a, m\u00fasicas e folguedos da cultura brasileira. Com 25 integrantes, fez sucesso no teatro do Sesc\/JF durante os anos de 1992 e 1993, com o espet\u00e1culo Ciranda das Esta\u00e7\u00f5es. Aplausos.<\/p>\n<p style=\"text-align: center;\"><strong>Entrega<\/strong><\/p>\n<p style=\"text-align: center;\">Em boa hora, o presidente da C\u00e2mara Municipal de Juiz de Fora, Juraci Scheffer visitou o MP de Juiz de Fora onde entregou \u00e0 promotora Danielle Vignoli uma c\u00f3pia do Primeiro Plano Estrat\u00e9gico da C\u00e2mara Municipal. Representando o Legislativo ele destacou ser um documento elaborado a partir de audi\u00eancias com v\u00e1rios setores da cidade.<\/p>\n<p style=\"text-align: center;\"><strong>Cargo Importante<\/strong><\/p>\n<p style=\"text-align: center;\">Din\u00e2micos e competentes, o ju\u00edzes Guilherme de Azeredo Passos e Ricardo Cavalcante Motta s\u00e3o os dois mais novos desembargadores do Tribunal de Justi\u00e7a de Minas Gerais. Eles tomaram posse em cerim\u00f4nia dirigida pelo presidente do TJ, desembargador Gilson Soares.<\/p>\n<p style=\"text-align: center;\"><strong>Samba<\/strong><\/p>\n<p style=\"text-align: center;\">O Rei do r\u00e1dio, Carlos Fernando cunha lan\u00e7ou em todas as plataformas digitais, o EP \u201cVem pro Samba\u201d, uma homenagem ao grande compositor Armando (Mam\u00e3o) Aguiar. Com sucesso absoluto, sua live no YouTube falou da repercuss\u00e3o nacional de \u201cTristeza p\u00e9 no ch\u00e3o\u201d.<\/p>\n<div id=\"attachment_184214\" style=\"width: 690px\" class=\"wp-caption aligncenter\"><img loading=\"lazy\" decoding=\"async\" aria-describedby=\"caption-attachment-184214\" class=\"wp-image-184214\" src=\"https:\/\/diarioregionaldigital.com.br\/wp-content\/uploads\/2021\/06\/fotoa-7-e1624328968370.jpeg\" alt=\"\" width=\"680\" height=\"493\" srcset=\"https:\/\/diarioregionaldigital.com.br\/wp-content\/uploads\/2021\/06\/fotoa-7-e1624328968370.jpeg 765w, https:\/\/diarioregionaldigital.com.br\/wp-content\/uploads\/2021\/06\/fotoa-7-e1624328968370-300x218.jpeg 300w, https:\/\/diarioregionaldigital.com.br\/wp-content\/uploads\/2021\/06\/fotoa-7-e1624328968370-360x261.jpeg 360w\" sizes=\"auto, (max-width: 680px) 100vw, 680px\" \/><p id=\"caption-attachment-184214\" class=\"wp-caption-text\">Pr\u00eamio \u201cOs Melhores de 2021\u201d para a \u00e1rea de educa\u00e7\u00e3o com o professor e psic\u00f3logo Fred Alvim<\/p><\/div>\n<div id=\"attachment_184216\" style=\"width: 690px\" class=\"wp-caption aligncenter\"><img loading=\"lazy\" decoding=\"async\" aria-describedby=\"caption-attachment-184216\" class=\"wp-image-184216\" src=\"https:\/\/diarioregionaldigital.com.br\/wp-content\/uploads\/2021\/06\/fotoaa-6-e1624329102211.jpg\" alt=\"\" width=\"680\" height=\"483\" srcset=\"https:\/\/diarioregionaldigital.com.br\/wp-content\/uploads\/2021\/06\/fotoaa-6-e1624329102211.jpg 1515w, https:\/\/diarioregionaldigital.com.br\/wp-content\/uploads\/2021\/06\/fotoaa-6-e1624329102211-300x213.jpg 300w, https:\/\/diarioregionaldigital.com.br\/wp-content\/uploads\/2021\/06\/fotoaa-6-e1624329102211-1024x727.jpg 1024w, https:\/\/diarioregionaldigital.com.br\/wp-content\/uploads\/2021\/06\/fotoaa-6-e1624329102211-768x545.jpg 768w, https:\/\/diarioregionaldigital.com.br\/wp-content\/uploads\/2021\/06\/fotoaa-6-e1624329102211-360x255.jpg 360w, https:\/\/diarioregionaldigital.com.br\/wp-content\/uploads\/2021\/06\/fotoaa-6-e1624329102211-100x70.jpg 100w\" sizes=\"auto, (max-width: 680px) 100vw, 680px\" \/><p id=\"caption-attachment-184216\" class=\"wp-caption-text\">A educadora Regina Mirian tur\u00edstando em S\u00e3o Jo\u00e3o del Rei<\/p><\/div>\n<div id=\"attachment_184217\" style=\"width: 690px\" class=\"wp-caption aligncenter\"><img loading=\"lazy\" decoding=\"async\" aria-describedby=\"caption-attachment-184217\" class=\"wp-image-184217\" src=\"https:\/\/diarioregionaldigital.com.br\/wp-content\/uploads\/2021\/06\/fotob-8-e1624329121337.jpg\" alt=\"\" width=\"680\" height=\"512\" srcset=\"https:\/\/diarioregionaldigital.com.br\/wp-content\/uploads\/2021\/06\/fotob-8-e1624329121337.jpg 574w, https:\/\/diarioregionaldigital.com.br\/wp-content\/uploads\/2021\/06\/fotob-8-e1624329121337-300x226.jpg 300w, https:\/\/diarioregionaldigital.com.br\/wp-content\/uploads\/2021\/06\/fotob-8-e1624329121337-360x271.jpg 360w\" sizes=\"auto, (max-width: 680px) 100vw, 680px\" \/><p id=\"caption-attachment-184217\" class=\"wp-caption-text\">Os lindos Sydnei Castro e sua m\u00e3e T\u00e2nia Maria de Castro (aniversariando)<\/p><\/div>\n<div id=\"attachment_184218\" style=\"width: 690px\" class=\"wp-caption aligncenter\"><img loading=\"lazy\" decoding=\"async\" aria-describedby=\"caption-attachment-184218\" class=\"wp-image-184218\" src=\"https:\/\/diarioregionaldigital.com.br\/wp-content\/uploads\/2021\/06\/fotoc-14-e1624329138120.jpg\" alt=\"\" width=\"680\" height=\"518\" srcset=\"https:\/\/diarioregionaldigital.com.br\/wp-content\/uploads\/2021\/06\/fotoc-14-e1624329138120.jpg 512w, https:\/\/diarioregionaldigital.com.br\/wp-content\/uploads\/2021\/06\/fotoc-14-e1624329138120-300x229.jpg 300w, https:\/\/diarioregionaldigital.com.br\/wp-content\/uploads\/2021\/06\/fotoc-14-e1624329138120-360x274.jpg 360w\" sizes=\"auto, (max-width: 680px) 100vw, 680px\" \/><p id=\"caption-attachment-184218\" class=\"wp-caption-text\">Aniversariante de destaque da temporada social, a bonita m\u00e9dica Jane Paulino<\/p><\/div>\n<div id=\"attachment_184220\" style=\"width: 690px\" class=\"wp-caption aligncenter\"><img loading=\"lazy\" decoding=\"async\" aria-describedby=\"caption-attachment-184220\" class=\"wp-image-184220\" src=\"https:\/\/diarioregionaldigital.com.br\/wp-content\/uploads\/2021\/06\/fotoe-10-e1624329152255.jpg\" alt=\"\" width=\"680\" height=\"471\" srcset=\"https:\/\/diarioregionaldigital.com.br\/wp-content\/uploads\/2021\/06\/fotoe-10-e1624329152255.jpg 897w, https:\/\/diarioregionaldigital.com.br\/wp-content\/uploads\/2021\/06\/fotoe-10-e1624329152255-300x208.jpg 300w, https:\/\/diarioregionaldigital.com.br\/wp-content\/uploads\/2021\/06\/fotoe-10-e1624329152255-768x532.jpg 768w, https:\/\/diarioregionaldigital.com.br\/wp-content\/uploads\/2021\/06\/fotoe-10-e1624329152255-360x249.jpg 360w, https:\/\/diarioregionaldigital.com.br\/wp-content\/uploads\/2021\/06\/fotoe-10-e1624329152255-100x70.jpg 100w\" sizes=\"auto, (max-width: 680px) 100vw, 680px\" \/><p id=\"caption-attachment-184220\" class=\"wp-caption-text\">Mulheres bonitas antes da pandemia Mariana Serpa e Adelaide Rodrigues<\/p><\/div>\n<div id=\"attachment_184221\" style=\"width: 690px\" class=\"wp-caption aligncenter\"><img loading=\"lazy\" decoding=\"async\" aria-describedby=\"caption-attachment-184221\" class=\"wp-image-184221\" src=\"https:\/\/diarioregionaldigital.com.br\/wp-content\/uploads\/2021\/06\/fotof-10-e1624329167996.jpg\" alt=\"\" width=\"680\" height=\"467\" srcset=\"https:\/\/diarioregionaldigital.com.br\/wp-content\/uploads\/2021\/06\/fotof-10-e1624329167996.jpg 482w, https:\/\/diarioregionaldigital.com.br\/wp-content\/uploads\/2021\/06\/fotof-10-e1624329167996-300x206.jpg 300w, https:\/\/diarioregionaldigital.com.br\/wp-content\/uploads\/2021\/06\/fotof-10-e1624329167996-360x247.jpg 360w, https:\/\/diarioregionaldigital.com.br\/wp-content\/uploads\/2021\/06\/fotof-10-e1624329167996-100x70.jpg 100w\" sizes=\"auto, (max-width: 680px) 100vw, 680px\" \/><p id=\"caption-attachment-184221\" class=\"wp-caption-text\">No Colher de Ch\u00e1 Bistr\u00f4, M\u00e1rcia Faria esperando dias melhores<\/p><\/div>\n<div id=\"attachment_184222\" style=\"width: 690px\" class=\"wp-caption aligncenter\"><img loading=\"lazy\" decoding=\"async\" aria-describedby=\"caption-attachment-184222\" class=\"wp-image-184222\" src=\"https:\/\/diarioregionaldigital.com.br\/wp-content\/uploads\/2021\/06\/fotog-12-e1624329184727.jpg\" alt=\"\" width=\"680\" height=\"489\" srcset=\"https:\/\/diarioregionaldigital.com.br\/wp-content\/uploads\/2021\/06\/fotog-12-e1624329184727.jpg 897w, https:\/\/diarioregionaldigital.com.br\/wp-content\/uploads\/2021\/06\/fotog-12-e1624329184727-300x216.jpg 300w, https:\/\/diarioregionaldigital.com.br\/wp-content\/uploads\/2021\/06\/fotog-12-e1624329184727-768x552.jpg 768w, https:\/\/diarioregionaldigital.com.br\/wp-content\/uploads\/2021\/06\/fotog-12-e1624329184727-360x259.jpg 360w\" sizes=\"auto, (max-width: 680px) 100vw, 680px\" \/><p id=\"caption-attachment-184222\" class=\"wp-caption-text\">Antes da pandemia, Sueli Mautoni ladeada dos filhos Cristiano e Eduardo<\/p><\/div>\n<p style=\"text-align: center;\"><strong>FOTOSS\u00cdNTESE<\/strong><\/p>\n<p>Com ast\u00facia e concentra\u00e7\u00e3o, Jo\u00e3o Pedro Chamhum conquistou medalha de ouro na Competi\u00e7\u00e3o Eletr\u00f4nica Global de Astronomia e Astrof\u00edsica, promovida pelo Comit\u00ea Internacional.<\/p>\n<p>O chefe do Departamento de Ilumina\u00e7\u00e3o P\u00fablica, Wilson Ferrarezi anunciou o novo programa de lumin\u00e1rias de \u2018led\u2019 que vai iluminar todas as ruas centrais de Juiz de Fora.<\/p>\n<p>A ArcelorMittal entrou firme na Campanha \u201dVamos ajudar quem precisa\u201d O objetivo \u00e9 combater a fome e ser\u00e1 em prol da Funda\u00e7\u00e3o Ricardo Moys\u00e9s J\u00fanior. Ao final da campanha a ArcelorMital dobrar\u00e1 o valor arrecadado, at\u00e9 R$ 1,2 milh\u00e3o. Informa\u00e7\u00f5es: www.famb.org.br\/doa\u00e7\u00e3o.<\/p>\n<p>Ap\u00f3s reuni\u00e3o, a Funalfa, Secretaria de Planejamento do Territ\u00f3rio e Participa\u00e7\u00e3o Popular e C\u00e2mara Municipal devem consolidar grupo de trabalho para a cria\u00e7\u00e3o do Afro Museu.<\/p>\n<p>A startup Clique Retire, de arm\u00e1rios inteligentes, captou R$32 milh\u00f5es em rodada de investimentos, e passa atuar em 60 cidades este ano.<\/p>\n<p>Aten\u00e7\u00e3o: a Fraz\u00e3o Leil\u00f5es realiza leil\u00e3o dias 6 e 7 de julho de 27 im\u00f3veis comerciais e pr\u00e9dios administrativos do Ita\u00fa Unibanco.<\/p>\n<p>Um grupo de elegantes lideradas por Florinha Carmo, marcaram presen\u00e7a no Eltoro Steakhouse, especializa\u00e7\u00e3o em carnes nobres. Por l\u00e1: Wanda Magnolo, Silvana Paiva Pinto, Let\u00edcia Fortini, Elaine Quaresma. O restaurante lan\u00e7ou seu aplicativo de delivery.<\/p>\n<p>Reforma Intima: \u201cEstou em obras, desculpem-me pelo transtorno\u201d. (Freud)<\/p>\n<p><img loading=\"lazy\" decoding=\"async\" class=\"aligncenter size-full wp-image-184249\" src=\"https:\/\/diarioregionaldigital.com.br\/wp-content\/uploads\/2021\/06\/anuncio31-scaled.jpg\" alt=\"\" width=\"2560\" height=\"987\" srcset=\"https:\/\/diarioregionaldigital.com.br\/wp-content\/uploads\/2021\/06\/anuncio31-scaled.jpg 2560w, https:\/\/diarioregionaldigital.com.br\/wp-content\/uploads\/2021\/06\/anuncio31-300x116.jpg 300w, https:\/\/diarioregionaldigital.com.br\/wp-content\/uploads\/2021\/06\/anuncio31-1024x395.jpg 1024w, https:\/\/diarioregionaldigital.com.br\/wp-content\/uploads\/2021\/06\/anuncio31-768x296.jpg 768w, https:\/\/diarioregionaldigital.com.br\/wp-content\/uploads\/2021\/06\/anuncio31-1536x592.jpg 1536w, https:\/\/diarioregionaldigital.com.br\/wp-content\/uploads\/2021\/06\/anuncio31-2048x790.jpg 2048w, https:\/\/diarioregionaldigital.com.br\/wp-content\/uploads\/2021\/06\/anuncio31-360x139.jpg 360w\" sizes=\"auto, (max-width: 2560px) 100vw, 2560px\" \/><\/p>\n","protected":false},"excerpt":{"rendered":"<p>Cultura Regional O Grupo Macau\u00e3 de Juiz de Fora completou 30 anos de hist\u00f3ria e teve v\u00e1rias comemora\u00e7\u00f5es. O Macau\u00e3 preserva e divulga a dan\u00e7a, m\u00fasicas e folguedos da cultura brasileira. Com 25 integrantes, fez sucesso no teatro do Sesc\/JF durante os anos de 1992 e 1993, com o espet\u00e1culo Ciranda das Esta\u00e7\u00f5es. Aplausos. Entrega [&hellip;]<\/p>\n","protected":false},"author":253,"featured_media":184214,"comment_status":"closed","ping_status":"closed","sticky":false,"template":"","format":"standard","meta":{"footnotes":""},"categories":[264],"tags":[],"class_list":["post-184248","post","type-post","status-publish","format-standard","has-post-thumbnail","hentry","category-eduardo-gomes"],"_links":{"self":[{"href":"https:\/\/diarioregionaldigital.com.br\/index.php?rest_route=\/wp\/v2\/posts\/184248","targetHints":{"allow":["GET"]}}],"collection":[{"href":"https:\/\/diarioregionaldigital.com.br\/index.php?rest_route=\/wp\/v2\/posts"}],"about":[{"href":"https:\/\/diarioregionaldigital.com.br\/index.php?rest_route=\/wp\/v2\/types\/post"}],"author":[{"embeddable":true,"href":"https:\/\/diarioregionaldigital.com.br\/index.php?rest_route=\/wp\/v2\/users\/253"}],"replies":[{"embeddable":true,"href":"https:\/\/diarioregionaldigital.com.br\/index.php?rest_route=%2Fwp%2Fv2%2Fcomments&post=184248"}],"version-history":[{"count":1,"href":"https:\/\/diarioregionaldigital.com.br\/index.php?rest_route=\/wp\/v2\/posts\/184248\/revisions"}],"predecessor-version":[{"id":184250,"href":"https:\/\/diarioregionaldigital.com.br\/index.php?rest_route=\/wp\/v2\/posts\/184248\/revisions\/184250"}],"wp:featuredmedia":[{"embeddable":true,"href":"https:\/\/diarioregionaldigital.com.br\/index.php?rest_route=\/wp\/v2\/media\/184214"}],"wp:attachment":[{"href":"https:\/\/diarioregionaldigital.com.br\/index.php?rest_route=%2Fwp%2Fv2%2Fmedia&parent=184248"}],"wp:term":[{"taxonomy":"category","embeddable":true,"href":"https:\/\/diarioregionaldigital.com.br\/index.php?rest_route=%2Fwp%2Fv2%2Fcategories&post=184248"},{"taxonomy":"post_tag","embeddable":true,"href":"https:\/\/diarioregionaldigital.com.br\/index.php?rest_route=%2Fwp%2Fv2%2Ftags&post=184248"}],"curies":[{"name":"wp","href":"https:\/\/api.w.org\/{rel}","templated":true}]}}