{"id":184241,"date":"2021-06-21T22:00:19","date_gmt":"2021-06-22T01:00:19","guid":{"rendered":"https:\/\/diarioregionaldigital.com.br\/?p=184241"},"modified":"2021-06-21T22:00:19","modified_gmt":"2021-06-22T01:00:19","slug":"policia-civil-realiza-mais-uma-acao-de-combate-ao-trafico-de-drogas-em-juiz-de-fora","status":"publish","type":"post","link":"https:\/\/diarioregionaldigital.com.br\/?p=184241","title":{"rendered":"Pol\u00edcia Civil realiza mais uma a\u00e7\u00e3o de combate ao tr\u00e1fico de drogas em Juiz de Fora"},"content":{"rendered":"<p>Nesta segunda-feira (21\/6), a Pol\u00edcia Civil de Minas Gerais realizou uma a\u00e7\u00e3o no combate ao tr\u00e1fico de drogas no munic\u00edpio de Juiz de Fora, na Zona da Mata mineira. Drogas, aparelhos celulares e uma motocicleta foram apreendidos. Dois homens, de 18 e 23 anos foram detidos.<\/p>\n<p>Atrav\u00e9s de trabalho investigativo, policiais civis da Delegacia de Combate ao Narcotr\u00e1fico se deslocaram em dilig\u00eancias at\u00e9 um ponto de venda de drogas, conhecido como &#8220;Beco do Esqueleto&#8221;, no bairro Linhares. No local, conseguiram realizar a pris\u00e3o, em flagrante delito, de dois suspeitos que estavam comercializando drogas no local, apreendendo diversas buchas de maconha, j\u00e1 embaladas para venda, al\u00e9m de aparelhos celulares e uma motocicleta.<\/p>\n<p>Conforme informou a assessoria, com mais esta pris\u00e3o realizada hoje, completa-se a marca de 99 pris\u00f5es efetuada pela delegacia especializada, marca alcan\u00e7ada computando dados a partir de fevereiro deste ano. \u201cContinuaremos com estas a\u00e7\u00f5es, na busca incans\u00e1vel de criminosos pela cidade\u201d, finalizou o delegado Rafael Gomes.<\/p>\n<p>&nbsp;<\/p>\n","protected":false},"excerpt":{"rendered":"<p>Nesta segunda-feira (21\/6), a Pol\u00edcia Civil de Minas Gerais realizou uma a\u00e7\u00e3o no combate ao tr\u00e1fico de drogas no munic\u00edpio de Juiz de Fora, na Zona da Mata mineira. Drogas, aparelhos celulares e uma motocicleta foram apreendidos. Dois homens, de 18 e 23 anos foram detidos. Atrav\u00e9s de trabalho investigativo, policiais civis da Delegacia de [&hellip;]<\/p>\n","protected":false},"author":246,"featured_media":184242,"comment_status":"closed","ping_status":"closed","sticky":false,"template":"","format":"standard","meta":{"footnotes":""},"categories":[301,1229],"tags":[],"class_list":["post-184241","post","type-post","status-publish","format-standard","has-post-thumbnail","hentry","category-artigos-policiais","category-policial"],"_links":{"self":[{"href":"https:\/\/diarioregionaldigital.com.br\/index.php?rest_route=\/wp\/v2\/posts\/184241","targetHints":{"allow":["GET"]}}],"collection":[{"href":"https:\/\/diarioregionaldigital.com.br\/index.php?rest_route=\/wp\/v2\/posts"}],"about":[{"href":"https:\/\/diarioregionaldigital.com.br\/index.php?rest_route=\/wp\/v2\/types\/post"}],"author":[{"embeddable":true,"href":"https:\/\/diarioregionaldigital.com.br\/index.php?rest_route=\/wp\/v2\/users\/246"}],"replies":[{"embeddable":true,"href":"https:\/\/diarioregionaldigital.com.br\/index.php?rest_route=%2Fwp%2Fv2%2Fcomments&post=184241"}],"version-history":[{"count":2,"href":"https:\/\/diarioregionaldigital.com.br\/index.php?rest_route=\/wp\/v2\/posts\/184241\/revisions"}],"predecessor-version":[{"id":184244,"href":"https:\/\/diarioregionaldigital.com.br\/index.php?rest_route=\/wp\/v2\/posts\/184241\/revisions\/184244"}],"wp:featuredmedia":[{"embeddable":true,"href":"https:\/\/diarioregionaldigital.com.br\/index.php?rest_route=\/wp\/v2\/media\/184242"}],"wp:attachment":[{"href":"https:\/\/diarioregionaldigital.com.br\/index.php?rest_route=%2Fwp%2Fv2%2Fmedia&parent=184241"}],"wp:term":[{"taxonomy":"category","embeddable":true,"href":"https:\/\/diarioregionaldigital.com.br\/index.php?rest_route=%2Fwp%2Fv2%2Fcategories&post=184241"},{"taxonomy":"post_tag","embeddable":true,"href":"https:\/\/diarioregionaldigital.com.br\/index.php?rest_route=%2Fwp%2Fv2%2Ftags&post=184241"}],"curies":[{"name":"wp","href":"https:\/\/api.w.org\/{rel}","templated":true}]}}