{"id":184237,"date":"2021-06-21T21:54:57","date_gmt":"2021-06-22T00:54:57","guid":{"rendered":"https:\/\/diarioregionaldigital.com.br\/?p=184237"},"modified":"2021-06-21T21:54:57","modified_gmt":"2021-06-22T00:54:57","slug":"estado-notifica-mais-de-mil-novos-casos-por-covid-19-4","status":"publish","type":"post","link":"https:\/\/diarioregionaldigital.com.br\/?p=184237","title":{"rendered":"Estado notifica mais de mil novos casos por Covid-19"},"content":{"rendered":"<p>O novo\u00a0<a href=\"https:\/\/coronavirus.saude.mg.gov.br\/images\/1_2021\/06-junho\/21-06-COVID-19_BOLETIM20210621.pdf\">boletim epidemiol\u00f3gico\u00a0<\/a>publicado nesta segunda-feira (21), pela Secretaria de Estado da Sa\u00fade de Minas Gerais (SES-MG), informa que nas \u00faltimas 24h, o estado registrou mais 1.587 novos casos por Coronav\u00edrus, totalizando 1.739.929 pessoas infectadas. Conforme o levantamento, foram contabilizadas mais 47 mortes, acumulando 44.583 vidas perdidas.<\/p>\n<p>Al\u00e9m disso, 1.604.492 pacientes est\u00e3o recuperados da doen\u00e7a, representando 91,8 % dos casos. Quanto aos dados de hospitaliza\u00e7\u00e3o, 152.230 pacientes estiveram internados e 1.587.699 estiveram em isolamento domiciliar. At\u00e9 o momento, 6.389.285 pessoas receberam a primeira dose da vacina e 2.632.072 a segunda.<\/p>\n","protected":false},"excerpt":{"rendered":"<p>O novo\u00a0boletim epidemiol\u00f3gico\u00a0publicado nesta segunda-feira (21), pela Secretaria de Estado da Sa\u00fade de Minas Gerais (SES-MG), informa que nas \u00faltimas 24h, o estado registrou mais 1.587 novos casos por Coronav\u00edrus, totalizando 1.739.929 pessoas infectadas. Conforme o levantamento, foram contabilizadas mais 47 mortes, acumulando 44.583 vidas perdidas. Al\u00e9m disso, 1.604.492 pacientes est\u00e3o recuperados da doen\u00e7a, representando [&hellip;]<\/p>\n","protected":false},"author":246,"featured_media":184238,"comment_status":"closed","ping_status":"closed","sticky":false,"template":"","format":"standard","meta":{"footnotes":""},"categories":[252,439],"tags":[],"class_list":["post-184237","post","type-post","status-publish","format-standard","has-post-thumbnail","hentry","category-regiao","category-ultima-hora"],"_links":{"self":[{"href":"https:\/\/diarioregionaldigital.com.br\/index.php?rest_route=\/wp\/v2\/posts\/184237","targetHints":{"allow":["GET"]}}],"collection":[{"href":"https:\/\/diarioregionaldigital.com.br\/index.php?rest_route=\/wp\/v2\/posts"}],"about":[{"href":"https:\/\/diarioregionaldigital.com.br\/index.php?rest_route=\/wp\/v2\/types\/post"}],"author":[{"embeddable":true,"href":"https:\/\/diarioregionaldigital.com.br\/index.php?rest_route=\/wp\/v2\/users\/246"}],"replies":[{"embeddable":true,"href":"https:\/\/diarioregionaldigital.com.br\/index.php?rest_route=%2Fwp%2Fv2%2Fcomments&post=184237"}],"version-history":[{"count":2,"href":"https:\/\/diarioregionaldigital.com.br\/index.php?rest_route=\/wp\/v2\/posts\/184237\/revisions"}],"predecessor-version":[{"id":184240,"href":"https:\/\/diarioregionaldigital.com.br\/index.php?rest_route=\/wp\/v2\/posts\/184237\/revisions\/184240"}],"wp:featuredmedia":[{"embeddable":true,"href":"https:\/\/diarioregionaldigital.com.br\/index.php?rest_route=\/wp\/v2\/media\/184238"}],"wp:attachment":[{"href":"https:\/\/diarioregionaldigital.com.br\/index.php?rest_route=%2Fwp%2Fv2%2Fmedia&parent=184237"}],"wp:term":[{"taxonomy":"category","embeddable":true,"href":"https:\/\/diarioregionaldigital.com.br\/index.php?rest_route=%2Fwp%2Fv2%2Fcategories&post=184237"},{"taxonomy":"post_tag","embeddable":true,"href":"https:\/\/diarioregionaldigital.com.br\/index.php?rest_route=%2Fwp%2Fv2%2Ftags&post=184237"}],"curies":[{"name":"wp","href":"https:\/\/api.w.org\/{rel}","templated":true}]}}