{"id":184233,"date":"2021-06-21T20:39:10","date_gmt":"2021-06-21T23:39:10","guid":{"rendered":"https:\/\/diarioregionaldigital.com.br\/?p=184233"},"modified":"2021-06-21T20:39:10","modified_gmt":"2021-06-21T23:39:10","slug":"parque-da-lajinha-reabriu-no-final-de-semana-com-1-326-visitacoes","status":"publish","type":"post","link":"https:\/\/diarioregionaldigital.com.br\/?p=184233","title":{"rendered":"Parque da Lajinha reabriu no final de semana com 1.326 visita\u00e7\u00f5es"},"content":{"rendered":"<p>Neste final de semana o Parque Municipal da Lajinha reabriu com a presen\u00e7a de 1.326 visitantes que estiveram no local, divididos entre s\u00e1bado (427 pessoas) e domingo (889 pessoas). No s\u00e1bado, 19, houve distribui\u00e7\u00e3o de 150 mudas arb\u00f3reas: ip\u00ea amarelo, goiabeira e urucum, cedidas pelo IEF Zona da Mata.<\/p>\n<p>Segundo informa\u00e7\u00f5es do site da Prefeitura de Juiz de Fora, a Sesmaur conta com a colabora\u00e7\u00e3o de toda a popula\u00e7\u00e3o no cumprimento das regras de funcionamento do Parque, sobretudo sobre o uso de m\u00e1scaras durante toda a perman\u00eancia no local. Atendendo \u00e0s exig\u00eancias sanit\u00e1rias, continuar\u00e3o suspensos os ensaios fotogr\u00e1ficos, a realiza\u00e7\u00e3o de eventos e piqueniques, a utiliza\u00e7\u00e3o dos parques infantis e aparelhos de gin\u00e1stica. O uso dos bebedouros somente ser\u00e1 permitido com garrafas ou copos, sendo proibido o jato diretamente na boca. O servi\u00e7o de pedalinho ser\u00e1 mantido, seguindo cuidados, como a distribui\u00e7\u00e3o de senhas para evitar filas, a utiliza\u00e7\u00e3o do \u00e1lcool nas m\u00e3os e tamb\u00e9m na higieniza\u00e7\u00e3o dos equipamentos e coletes. Na fila para entrada, haver\u00e1 a aferi\u00e7\u00e3o da temperatura e dever\u00e1 ser mantida a dist\u00e2ncia m\u00ednima de dois metros entre as pessoas, respeitando as sinaliza\u00e7\u00f5es de distanciamento no ch\u00e3o. O hor\u00e1rio de funcionamento ser\u00e1 das 8h \u00e0s 14h, de ter\u00e7a-feira a domingo, e estar\u00e1 permitida a perman\u00eancia de 200 pessoas no local ao mesmo tempo.<\/p>\n<p>O controle de todos os protocolos \u00e9 realizado pelos servidores do Parque, juntamente com a Guarda Municipal Ambiental. A reabertura do espa\u00e7o foi poss\u00edvel devido \u00e0 parceria com o Departamento Municipal de Limpeza Urbana (Demlurb) e o Instituto Estadual de Florestas (IEF).<\/p>\n<p>Desde s\u00e1bado o parque conta com um posto fixo para a arrecada\u00e7\u00e3o de alimentos n\u00e3o perec\u00edveis e produtos de higiene, que ser\u00e3o doados para a Campanha \u201cJuiz de Fora Solid\u00e1ria\u201d.<\/p>\n","protected":false},"excerpt":{"rendered":"<p>Neste final de semana o Parque Municipal da Lajinha reabriu com a presen\u00e7a de 1.326 visitantes que estiveram no local, divididos entre s\u00e1bado (427 pessoas) e domingo (889 pessoas). No s\u00e1bado, 19, houve distribui\u00e7\u00e3o de 150 mudas arb\u00f3reas: ip\u00ea amarelo, goiabeira e urucum, cedidas pelo IEF Zona da Mata. Segundo informa\u00e7\u00f5es do site da Prefeitura [&hellip;]<\/p>\n","protected":false},"author":246,"featured_media":184234,"comment_status":"closed","ping_status":"closed","sticky":false,"template":"","format":"standard","meta":{"footnotes":""},"categories":[253,436,439],"tags":[],"class_list":["post-184233","post","type-post","status-publish","format-standard","has-post-thumbnail","hentry","category-cidade","category-destaque-da-semana","category-ultima-hora"],"_links":{"self":[{"href":"https:\/\/diarioregionaldigital.com.br\/index.php?rest_route=\/wp\/v2\/posts\/184233","targetHints":{"allow":["GET"]}}],"collection":[{"href":"https:\/\/diarioregionaldigital.com.br\/index.php?rest_route=\/wp\/v2\/posts"}],"about":[{"href":"https:\/\/diarioregionaldigital.com.br\/index.php?rest_route=\/wp\/v2\/types\/post"}],"author":[{"embeddable":true,"href":"https:\/\/diarioregionaldigital.com.br\/index.php?rest_route=\/wp\/v2\/users\/246"}],"replies":[{"embeddable":true,"href":"https:\/\/diarioregionaldigital.com.br\/index.php?rest_route=%2Fwp%2Fv2%2Fcomments&post=184233"}],"version-history":[{"count":1,"href":"https:\/\/diarioregionaldigital.com.br\/index.php?rest_route=\/wp\/v2\/posts\/184233\/revisions"}],"predecessor-version":[{"id":184235,"href":"https:\/\/diarioregionaldigital.com.br\/index.php?rest_route=\/wp\/v2\/posts\/184233\/revisions\/184235"}],"wp:featuredmedia":[{"embeddable":true,"href":"https:\/\/diarioregionaldigital.com.br\/index.php?rest_route=\/wp\/v2\/media\/184234"}],"wp:attachment":[{"href":"https:\/\/diarioregionaldigital.com.br\/index.php?rest_route=%2Fwp%2Fv2%2Fmedia&parent=184233"}],"wp:term":[{"taxonomy":"category","embeddable":true,"href":"https:\/\/diarioregionaldigital.com.br\/index.php?rest_route=%2Fwp%2Fv2%2Fcategories&post=184233"},{"taxonomy":"post_tag","embeddable":true,"href":"https:\/\/diarioregionaldigital.com.br\/index.php?rest_route=%2Fwp%2Fv2%2Ftags&post=184233"}],"curies":[{"name":"wp","href":"https:\/\/api.w.org\/{rel}","templated":true}]}}