{"id":184227,"date":"2021-06-21T20:28:29","date_gmt":"2021-06-21T23:28:29","guid":{"rendered":"https:\/\/diarioregionaldigital.com.br\/?p=184227"},"modified":"2021-06-21T20:28:29","modified_gmt":"2021-06-21T23:28:29","slug":"doacao-de-800-doses-de-vacina-para-caes-e-feita-ao-canil-municipal","status":"publish","type":"post","link":"https:\/\/diarioregionaldigital.com.br\/?p=184227","title":{"rendered":"Doa\u00e7\u00e3o de 800 doses de vacina para c\u00e3es \u00e9 feita ao Canil Municipal"},"content":{"rendered":"<p>Nesta segunda-feira, 21, foi dado ao Canil Municipal da Prefeitura de Juiz de Fora (PJF)\u00a0 800 doses da vacina Nobivac (do tipo \u00d3ctupla, tamb\u00e9m conhecida como M\u00faltipla V8), para serem aplicadas nos c\u00e3es abrigados no local. Segundo informa\u00e7\u00f5es do site da Prefeitura de Juiz de Fora, a doa\u00e7\u00e3o foi feita pelo deputado estadual Noraldino J\u00fanior, que fez a entrega pessoalmente para a diretora do Canil, Rond\u00f4nia Tassi Muniz, e aproveitou a visita para conversar com os profissionais e estagi\u00e1rios do local.<\/p>\n<p>Segundo Rond\u00f4nia, \u201cessas vacinas contribuir\u00e3o para o controle e preven\u00e7\u00e3o de doen\u00e7as graves que atrapalham a sa\u00fade e o bem-estar dos animais acolhidos e que podem provocar uma poss\u00edvel epidemia. Algumas doen\u00e7as n\u00e3o t\u00eam cura ou dificilmente s\u00e3o tratadas, como a cinomose que \u00e9 altamente transmiss\u00edvel e tem baixa taxa de cura, podendo deixar sequelas; a leptospirose que tem muitas variantes, algumas zoon\u00f3ticas; a parvovirose que gera um grande n\u00famero de mortes de filhotes, principalmente, com gastroenterite severa. Tendo a vacina para controlar essas principais doen\u00e7as, poderemos ter maiores condi\u00e7\u00f5es de dar mais aten\u00e7\u00e3o ao tratamento de outras patologias dos animais que chegam aqui, como les\u00f5es, por exemplo. Al\u00e9m disso, essas vacinas v\u00e3o colaborar com a execu\u00e7\u00e3o do protocolo de entrada dos animais que inclui microchipagem, controle de parasita, vermifuga\u00e7\u00e3o e vacina\u00e7\u00e3o.<\/p>\n<p>O veterin\u00e1rio do Canil, F\u00e1bio Valverde, refor\u00e7ou que \u201cum dos desafios recorrentes dos profissionais do local \u00e9 tratar os c\u00e3es que, muitas vezes, j\u00e1 chegam com algumas dessas doen\u00e7as\u201d. Para F\u00e1bio, \u201cagora, com a chegada da V8, ser\u00e1 poss\u00edvel evitar a infec\u00e7\u00e3o de animais j\u00e1 abrigados e a reinfec\u00e7\u00e3o dos que chegam doentes e s\u00e3o tratados\u201d.<\/p>\n<p>O deputado Noraldino afirma que &#8220;a atual Administra\u00e7\u00e3o da Prefeitura demonstra sensibilidade e abre caminhos para que a causa animal e os animais de Juiz de Fora tenham tratamento diferenciado&#8221;. Ele parabenizou a nova dire\u00e7\u00e3o do Canil Municipal &#8220;pela continuidade dos trabalhos e interesse em melhorar cada vez mais a situa\u00e7\u00e3o do local&#8221; e ressaltou que &#8220;a popula\u00e7\u00e3o precisa entender que superlotar um canil n\u00e3o \u00e9 a solu\u00e7\u00e3o para os problemas que atingem a fauna\u201d. Para Noraldino, \u201cpor mais moderno que um abrigo seja, esse n\u00e3o \u00e9 o modelo ideal de tutela dos animais. Nesse sentido, a vis\u00e3o da Prefeitura vai ao encontro das necessidades da prote\u00e7\u00e3o animal com a realiza\u00e7\u00e3o de campanhas de ado\u00e7\u00e3o&#8221;, acrescenta.<\/p>\n<p>As doses da vacina recebidas pelo Canil Municipal protege c\u00e3es das seguintes doen\u00e7as: Cinomose canina, Adenov\u00edrus tipo 2, Coronavirose canina, Parainfluenza, Parvovirose- v\u00edrus modificados e v\u00edrus mortos, bacterina de Leptospira canicola e L. icterohaemorrhagiae.<\/p>\n","protected":false},"excerpt":{"rendered":"<p>Nesta segunda-feira, 21, foi dado ao Canil Municipal da Prefeitura de Juiz de Fora (PJF)\u00a0 800 doses da vacina Nobivac (do tipo \u00d3ctupla, tamb\u00e9m conhecida como M\u00faltipla V8), para serem aplicadas nos c\u00e3es abrigados no local. Segundo informa\u00e7\u00f5es do site da Prefeitura de Juiz de Fora, a doa\u00e7\u00e3o foi feita pelo deputado estadual Noraldino J\u00fanior, [&hellip;]<\/p>\n","protected":false},"author":246,"featured_media":184228,"comment_status":"closed","ping_status":"closed","sticky":false,"template":"","format":"standard","meta":{"footnotes":""},"categories":[253,436,439],"tags":[],"class_list":["post-184227","post","type-post","status-publish","format-standard","has-post-thumbnail","hentry","category-cidade","category-destaque-da-semana","category-ultima-hora"],"_links":{"self":[{"href":"https:\/\/diarioregionaldigital.com.br\/index.php?rest_route=\/wp\/v2\/posts\/184227","targetHints":{"allow":["GET"]}}],"collection":[{"href":"https:\/\/diarioregionaldigital.com.br\/index.php?rest_route=\/wp\/v2\/posts"}],"about":[{"href":"https:\/\/diarioregionaldigital.com.br\/index.php?rest_route=\/wp\/v2\/types\/post"}],"author":[{"embeddable":true,"href":"https:\/\/diarioregionaldigital.com.br\/index.php?rest_route=\/wp\/v2\/users\/246"}],"replies":[{"embeddable":true,"href":"https:\/\/diarioregionaldigital.com.br\/index.php?rest_route=%2Fwp%2Fv2%2Fcomments&post=184227"}],"version-history":[{"count":1,"href":"https:\/\/diarioregionaldigital.com.br\/index.php?rest_route=\/wp\/v2\/posts\/184227\/revisions"}],"predecessor-version":[{"id":184229,"href":"https:\/\/diarioregionaldigital.com.br\/index.php?rest_route=\/wp\/v2\/posts\/184227\/revisions\/184229"}],"wp:featuredmedia":[{"embeddable":true,"href":"https:\/\/diarioregionaldigital.com.br\/index.php?rest_route=\/wp\/v2\/media\/184228"}],"wp:attachment":[{"href":"https:\/\/diarioregionaldigital.com.br\/index.php?rest_route=%2Fwp%2Fv2%2Fmedia&parent=184227"}],"wp:term":[{"taxonomy":"category","embeddable":true,"href":"https:\/\/diarioregionaldigital.com.br\/index.php?rest_route=%2Fwp%2Fv2%2Fcategories&post=184227"},{"taxonomy":"post_tag","embeddable":true,"href":"https:\/\/diarioregionaldigital.com.br\/index.php?rest_route=%2Fwp%2Fv2%2Ftags&post=184227"}],"curies":[{"name":"wp","href":"https:\/\/api.w.org\/{rel}","templated":true}]}}