{"id":184114,"date":"2021-06-18T06:00:54","date_gmt":"2021-06-18T09:00:54","guid":{"rendered":"https:\/\/diarioregionaldigital.com.br\/?p=184114"},"modified":"2021-06-22T21:17:32","modified_gmt":"2021-06-23T00:17:32","slug":"new-wave","status":"publish","type":"post","link":"https:\/\/diarioregionaldigital.com.br\/?p=184114","title":{"rendered":"New Wave"},"content":{"rendered":"<p style=\"text-align: center;\"><strong>S\u00f3 Faltava Essa<\/strong><\/p>\n<p style=\"text-align: center;\">Sem alarde, pesquisadores do Instituto de Virologia de Wuhan anunciaram esta semana a descoberta de novos tipos de Coronav\u00edrus de morcegos. S\u00e3o parentes distantes do Sars- Cov-2, mas os pr\u00f3prios chineses ressaltam: esta \u00e9 \u201cS\u00f3 a ponta do iceberg\u201d de Coronav\u00edrus ainda desconhecidos e com potencial de causar doen\u00e7as.<\/p>\n<p style=\"text-align: center;\"><strong>Encontro de G\u00eanios<\/strong><\/p>\n<p style=\"text-align: center;\">Um encontro impensado e inusitado \u00e9 o que promete \u201cSkakespeare os Beatles \u2013 O caminho do g\u00eanio\u201d (Nova Fronteira), escrito pelo advogado Jos\u00e9 Carlos Neves e que chega \u00e0s livrarias no final de junho. Junta e tra\u00e7a paralelos, fase por fase, entre as trajet\u00f3rias do maior escritor de l\u00edngua inglesa e a da mais influente banda pop que j\u00e1 existiu.<\/p>\n<p style=\"text-align: center;\"><strong>No P\u00f3dio<\/strong><\/p>\n<p style=\"text-align: center;\">O Comit\u00ea Ol\u00edmpico do Brasil fechou parceria com a Fiber Knit, fabricante de m\u00e1scaras com filtro e tecido antiviral, e com a Kameleon Bags, fabricante de m\u00e1scaras com garrafas pet recicladas, para licenciamento de produtos do Time Brasil. Os patrocinadores Riachuelo e Havaianas tamb\u00e9m j\u00e1 licenciaram uma linha de produtos que geram royalties para o COB.<\/p>\n<p style=\"text-align: center;\"><strong>New Wave<\/strong><\/p>\n<p style=\"text-align: center;\">Se depender de beauty artists que proliferam nas redes sociais, ondas e nuvens surgem em maquiagens, enfeitam unhas e se tornam aliadas do alto-astral em tempos de confinamento.<\/p>\n<div id=\"attachment_184105\" style=\"width: 690px\" class=\"wp-caption aligncenter\"><img loading=\"lazy\" decoding=\"async\" aria-describedby=\"caption-attachment-184105\" class=\"wp-image-184105\" src=\"https:\/\/diarioregionaldigital.com.br\/wp-content\/uploads\/2021\/06\/fotoa-5-e1623979813498.jpeg\" alt=\"\" width=\"680\" height=\"450\" srcset=\"https:\/\/diarioregionaldigital.com.br\/wp-content\/uploads\/2021\/06\/fotoa-5-e1623979813498.jpeg 841w, https:\/\/diarioregionaldigital.com.br\/wp-content\/uploads\/2021\/06\/fotoa-5-e1623979813498-300x198.jpeg 300w, https:\/\/diarioregionaldigital.com.br\/wp-content\/uploads\/2021\/06\/fotoa-5-e1623979813498-768x508.jpeg 768w, https:\/\/diarioregionaldigital.com.br\/wp-content\/uploads\/2021\/06\/fotoa-5-e1623979813498-360x238.jpeg 360w\" sizes=\"auto, (max-width: 680px) 100vw, 680px\" \/><p id=\"caption-attachment-184105\" class=\"wp-caption-text\">Pr\u00eamio \u201cMelhores de 2021\u201d para Solar Flat Hotel com a gerente Luis Mario Moreira Abizaid<\/p><\/div>\n<div id=\"attachment_184106\" style=\"width: 690px\" class=\"wp-caption aligncenter\"><img loading=\"lazy\" decoding=\"async\" aria-describedby=\"caption-attachment-184106\" class=\"wp-image-184106\" src=\"https:\/\/diarioregionaldigital.com.br\/wp-content\/uploads\/2021\/06\/fotob-6-e1623979844899.jpg\" alt=\"\" width=\"680\" height=\"480\" srcset=\"https:\/\/diarioregionaldigital.com.br\/wp-content\/uploads\/2021\/06\/fotob-6-e1623979844899.jpg 1028w, https:\/\/diarioregionaldigital.com.br\/wp-content\/uploads\/2021\/06\/fotob-6-e1623979844899-300x212.jpg 300w, https:\/\/diarioregionaldigital.com.br\/wp-content\/uploads\/2021\/06\/fotob-6-e1623979844899-1024x723.jpg 1024w, https:\/\/diarioregionaldigital.com.br\/wp-content\/uploads\/2021\/06\/fotob-6-e1623979844899-768x542.jpg 768w, https:\/\/diarioregionaldigital.com.br\/wp-content\/uploads\/2021\/06\/fotob-6-e1623979844899-750x530.jpg 750w, https:\/\/diarioregionaldigital.com.br\/wp-content\/uploads\/2021\/06\/fotob-6-e1623979844899-360x254.jpg 360w, https:\/\/diarioregionaldigital.com.br\/wp-content\/uploads\/2021\/06\/fotob-6-e1623979844899-100x70.jpg 100w\" sizes=\"auto, (max-width: 680px) 100vw, 680px\" \/><p id=\"caption-attachment-184106\" class=\"wp-caption-text\">O outono-inverno em plena natureza da bonita Regina Reis<\/p><\/div>\n<div id=\"attachment_184107\" style=\"width: 690px\" class=\"wp-caption aligncenter\"><img loading=\"lazy\" decoding=\"async\" aria-describedby=\"caption-attachment-184107\" class=\"wp-image-184107\" src=\"https:\/\/diarioregionaldigital.com.br\/wp-content\/uploads\/2021\/06\/fotoc-12-e1623979872750.jpg\" alt=\"\" width=\"680\" height=\"498\" srcset=\"https:\/\/diarioregionaldigital.com.br\/wp-content\/uploads\/2021\/06\/fotoc-12-e1623979872750.jpg 1048w, https:\/\/diarioregionaldigital.com.br\/wp-content\/uploads\/2021\/06\/fotoc-12-e1623979872750-300x220.jpg 300w, https:\/\/diarioregionaldigital.com.br\/wp-content\/uploads\/2021\/06\/fotoc-12-e1623979872750-1024x749.jpg 1024w, https:\/\/diarioregionaldigital.com.br\/wp-content\/uploads\/2021\/06\/fotoc-12-e1623979872750-768x562.jpg 768w, https:\/\/diarioregionaldigital.com.br\/wp-content\/uploads\/2021\/06\/fotoc-12-e1623979872750-360x263.jpg 360w\" sizes=\"auto, (max-width: 680px) 100vw, 680px\" \/><p id=\"caption-attachment-184107\" class=\"wp-caption-text\">Curtindo o inverno com queijos e vinhos as fofoletes Lidiane Stambassi e Leyse Mageste Stambassi<\/p><\/div>\n<div id=\"attachment_184109\" style=\"width: 690px\" class=\"wp-caption aligncenter\"><img loading=\"lazy\" decoding=\"async\" aria-describedby=\"caption-attachment-184109\" class=\"wp-image-184109\" src=\"https:\/\/diarioregionaldigital.com.br\/wp-content\/uploads\/2021\/06\/fotoe-9-e1623979924626.jpg\" alt=\"\" width=\"680\" height=\"485\" srcset=\"https:\/\/diarioregionaldigital.com.br\/wp-content\/uploads\/2021\/06\/fotoe-9-e1623979924626.jpg 817w, https:\/\/diarioregionaldigital.com.br\/wp-content\/uploads\/2021\/06\/fotoe-9-e1623979924626-300x214.jpg 300w, https:\/\/diarioregionaldigital.com.br\/wp-content\/uploads\/2021\/06\/fotoe-9-e1623979924626-768x548.jpg 768w, https:\/\/diarioregionaldigital.com.br\/wp-content\/uploads\/2021\/06\/fotoe-9-e1623979924626-360x257.jpg 360w, https:\/\/diarioregionaldigital.com.br\/wp-content\/uploads\/2021\/06\/fotoe-9-e1623979924626-100x70.jpg 100w\" sizes=\"auto, (max-width: 680px) 100vw, 680px\" \/><p id=\"caption-attachment-184109\" class=\"wp-caption-text\">Um close no administrador Guilherme Nascimento<\/p><\/div>\n<div id=\"attachment_184110\" style=\"width: 690px\" class=\"wp-caption aligncenter\"><img loading=\"lazy\" decoding=\"async\" aria-describedby=\"caption-attachment-184110\" class=\"wp-image-184110\" src=\"https:\/\/diarioregionaldigital.com.br\/wp-content\/uploads\/2021\/06\/fotof-8-e1623979948817.jpg\" alt=\"\" width=\"680\" height=\"503\" srcset=\"https:\/\/diarioregionaldigital.com.br\/wp-content\/uploads\/2021\/06\/fotof-8-e1623979948817.jpg 1071w, https:\/\/diarioregionaldigital.com.br\/wp-content\/uploads\/2021\/06\/fotof-8-e1623979948817-300x222.jpg 300w, https:\/\/diarioregionaldigital.com.br\/wp-content\/uploads\/2021\/06\/fotof-8-e1623979948817-1024x757.jpg 1024w, https:\/\/diarioregionaldigital.com.br\/wp-content\/uploads\/2021\/06\/fotof-8-e1623979948817-768x568.jpg 768w, https:\/\/diarioregionaldigital.com.br\/wp-content\/uploads\/2021\/06\/fotof-8-e1623979948817-360x266.jpg 360w\" sizes=\"auto, (max-width: 680px) 100vw, 680px\" \/><p id=\"caption-attachment-184110\" class=\"wp-caption-text\">A fot\u00f3grafa Gal Oliveira, com esperan\u00e7a de dias melhores<\/p><\/div>\n<div id=\"attachment_184111\" style=\"width: 690px\" class=\"wp-caption aligncenter\"><img loading=\"lazy\" decoding=\"async\" aria-describedby=\"caption-attachment-184111\" class=\"wp-image-184111\" src=\"https:\/\/diarioregionaldigital.com.br\/wp-content\/uploads\/2021\/06\/fotog-10-e1623979981542.jpg\" alt=\"\" width=\"680\" height=\"528\" srcset=\"https:\/\/diarioregionaldigital.com.br\/wp-content\/uploads\/2021\/06\/fotog-10-e1623979981542.jpg 720w, https:\/\/diarioregionaldigital.com.br\/wp-content\/uploads\/2021\/06\/fotog-10-e1623979981542-300x233.jpg 300w, https:\/\/diarioregionaldigital.com.br\/wp-content\/uploads\/2021\/06\/fotog-10-e1623979981542-360x280.jpg 360w\" sizes=\"auto, (max-width: 680px) 100vw, 680px\" \/><p id=\"caption-attachment-184111\" class=\"wp-caption-text\">Formando casal 20, Gilmar Barbosa de Castro e Maria de F\u00e1tima Piva de Castro<\/p><\/div>\n<div id=\"attachment_184112\" style=\"width: 690px\" class=\"wp-caption aligncenter\"><img loading=\"lazy\" decoding=\"async\" aria-describedby=\"caption-attachment-184112\" class=\"wp-image-184112\" src=\"https:\/\/diarioregionaldigital.com.br\/wp-content\/uploads\/2021\/06\/fotoh-10-e1623980014686.jpg\" alt=\"\" width=\"680\" height=\"485\" srcset=\"https:\/\/diarioregionaldigital.com.br\/wp-content\/uploads\/2021\/06\/fotoh-10-e1623980014686.jpg 1407w, https:\/\/diarioregionaldigital.com.br\/wp-content\/uploads\/2021\/06\/fotoh-10-e1623980014686-300x214.jpg 300w, https:\/\/diarioregionaldigital.com.br\/wp-content\/uploads\/2021\/06\/fotoh-10-e1623980014686-1024x731.jpg 1024w, https:\/\/diarioregionaldigital.com.br\/wp-content\/uploads\/2021\/06\/fotoh-10-e1623980014686-768x548.jpg 768w, https:\/\/diarioregionaldigital.com.br\/wp-content\/uploads\/2021\/06\/fotoh-10-e1623980014686-360x257.jpg 360w, https:\/\/diarioregionaldigital.com.br\/wp-content\/uploads\/2021\/06\/fotoh-10-e1623980014686-100x70.jpg 100w\" sizes=\"auto, (max-width: 680px) 100vw, 680px\" \/><p id=\"caption-attachment-184112\" class=\"wp-caption-text\">O jornalista Felipe Siqueira apurando not\u00edcias em tempo real<\/p><\/div>\n<div id=\"attachment_184108\" style=\"width: 690px\" class=\"wp-caption aligncenter\"><img loading=\"lazy\" decoding=\"async\" aria-describedby=\"caption-attachment-184108\" class=\"wp-image-184108\" src=\"https:\/\/diarioregionaldigital.com.br\/wp-content\/uploads\/2021\/06\/fotod-9-e1623979896569.jpg\" alt=\"\" width=\"680\" height=\"441\" srcset=\"https:\/\/diarioregionaldigital.com.br\/wp-content\/uploads\/2021\/06\/fotod-9-e1623979896569.jpg 1642w, https:\/\/diarioregionaldigital.com.br\/wp-content\/uploads\/2021\/06\/fotod-9-e1623979896569-300x195.jpg 300w, https:\/\/diarioregionaldigital.com.br\/wp-content\/uploads\/2021\/06\/fotod-9-e1623979896569-1024x664.jpg 1024w, https:\/\/diarioregionaldigital.com.br\/wp-content\/uploads\/2021\/06\/fotod-9-e1623979896569-768x498.jpg 768w, https:\/\/diarioregionaldigital.com.br\/wp-content\/uploads\/2021\/06\/fotod-9-e1623979896569-1536x996.jpg 1536w, https:\/\/diarioregionaldigital.com.br\/wp-content\/uploads\/2021\/06\/fotod-9-e1623979896569-360x233.jpg 360w\" sizes=\"auto, (max-width: 680px) 100vw, 680px\" \/><p id=\"caption-attachment-184108\" class=\"wp-caption-text\">Direto da Espanha para esta coluna a bonita Jacqueline Toledo<\/p><\/div>\n<p style=\"text-align: center;\"><strong>FOTOSS\u00cdNTESE<\/strong><\/p>\n<p>Est\u00e1 chique e discreta a cole\u00e7\u00e3o inverno da loja Veneno, no Mister Shopping. A elegante Lucinda Silva comprova nos modelitos e acess\u00f3rios seu apurad\u00edssimo bom gosto.<\/p>\n<p>Embalado por bom momento, o ministro do turismo, Gilson Machado, foi convidado a se filiar ao PTB para se lan\u00e7ar candidato ao Senado por Pernambuco.<\/p>\n<p>Desobedi\u00eancia: H\u00e1 um decreto estadual do Governo da Bahia proibindo festas e aglomera\u00e7\u00f5es, mas a turma da casa de cerim\u00f4nias C\u00e9u de Pitinga, na paradis\u00edaca Arraial D\u2019Ajuda, em Porto Seguro n\u00e3o quer nem saber.<\/p>\n<p>A Casa &amp; V\u00eddeo abriu mais de 200 vagas de emprego na Grande S\u00e3o Paulo.<\/p>\n<p>Disciplinada e guerreira, a nadadora juiz-forana Larissa de Oliveira vai integrar a equipe brasileira nas Ol\u00edmpiadas de T\u00f3quio, onde cai disputar em dois revezamentos. Este colunista vai estar na torcida.<\/p>\n<p>A Associa\u00e7\u00e3o Nacional dos Detrans realizou em Bras\u00edlia (DF), seu 69\u00ba encontro nacional.<\/p>\n<p>Esta riquiss\u00edma a cole\u00e7\u00e3o de Joias da T\u00edvoli na Galeria Borges de Matos. Tais de Landa Gon\u00e7alves colocou na vitrine pe\u00e7as em ouro e brilhantes.<\/p>\n<p>Lan\u00e7ado em mar\u00e7o, o drive-thru no Parque da Lajinha arrecadou 130 quilos de alimentos al\u00e9m de uma cesta b\u00e1sica para a campanha Juiz de Fora Solid\u00e1ria. Viva!!<\/p>\n<p>Em tempos dif\u00edceis e com a pandemia em alta, o Projeto M\u00e3o Amigas esta arrecadando caixas de leite.<\/p>\n<p>Realidade: Passado o \u201cDia dos Namorados\u201d, chequei a conclus\u00e3o que o melhor amor \u00e9 o amor \u2013 pr\u00f3prio. Nem todos est\u00e3o disposto a seguir o lema \u201cna sa\u00fade e na doen\u00e7a\u201d. Bom dia.<\/p>\n<p><img loading=\"lazy\" decoding=\"async\" class=\"aligncenter size-full wp-image-184113\" src=\"https:\/\/diarioregionaldigital.com.br\/wp-content\/uploads\/2021\/06\/auncio71-scaled.jpg\" alt=\"\" width=\"2560\" height=\"973\" srcset=\"https:\/\/diarioregionaldigital.com.br\/wp-content\/uploads\/2021\/06\/auncio71-scaled.jpg 2560w, https:\/\/diarioregionaldigital.com.br\/wp-content\/uploads\/2021\/06\/auncio71-300x114.jpg 300w, https:\/\/diarioregionaldigital.com.br\/wp-content\/uploads\/2021\/06\/auncio71-1024x389.jpg 1024w, https:\/\/diarioregionaldigital.com.br\/wp-content\/uploads\/2021\/06\/auncio71-768x292.jpg 768w, https:\/\/diarioregionaldigital.com.br\/wp-content\/uploads\/2021\/06\/auncio71-1536x584.jpg 1536w, https:\/\/diarioregionaldigital.com.br\/wp-content\/uploads\/2021\/06\/auncio71-2048x778.jpg 2048w, https:\/\/diarioregionaldigital.com.br\/wp-content\/uploads\/2021\/06\/auncio71-360x137.jpg 360w\" sizes=\"auto, (max-width: 2560px) 100vw, 2560px\" \/><\/p>\n","protected":false},"excerpt":{"rendered":"<p>S\u00f3 Faltava Essa Sem alarde, pesquisadores do Instituto de Virologia de Wuhan anunciaram esta semana a descoberta de novos tipos de Coronav\u00edrus de morcegos. S\u00e3o parentes distantes do Sars- Cov-2, mas os pr\u00f3prios chineses ressaltam: esta \u00e9 \u201cS\u00f3 a ponta do iceberg\u201d de Coronav\u00edrus ainda desconhecidos e com potencial de causar doen\u00e7as. Encontro de G\u00eanios [&hellip;]<\/p>\n","protected":false},"author":253,"featured_media":184105,"comment_status":"closed","ping_status":"closed","sticky":false,"template":"","format":"standard","meta":{"footnotes":""},"categories":[264],"tags":[],"class_list":["post-184114","post","type-post","status-publish","format-standard","has-post-thumbnail","hentry","category-eduardo-gomes"],"_links":{"self":[{"href":"https:\/\/diarioregionaldigital.com.br\/index.php?rest_route=\/wp\/v2\/posts\/184114","targetHints":{"allow":["GET"]}}],"collection":[{"href":"https:\/\/diarioregionaldigital.com.br\/index.php?rest_route=\/wp\/v2\/posts"}],"about":[{"href":"https:\/\/diarioregionaldigital.com.br\/index.php?rest_route=\/wp\/v2\/types\/post"}],"author":[{"embeddable":true,"href":"https:\/\/diarioregionaldigital.com.br\/index.php?rest_route=\/wp\/v2\/users\/253"}],"replies":[{"embeddable":true,"href":"https:\/\/diarioregionaldigital.com.br\/index.php?rest_route=%2Fwp%2Fv2%2Fcomments&post=184114"}],"version-history":[{"count":1,"href":"https:\/\/diarioregionaldigital.com.br\/index.php?rest_route=\/wp\/v2\/posts\/184114\/revisions"}],"predecessor-version":[{"id":184115,"href":"https:\/\/diarioregionaldigital.com.br\/index.php?rest_route=\/wp\/v2\/posts\/184114\/revisions\/184115"}],"wp:featuredmedia":[{"embeddable":true,"href":"https:\/\/diarioregionaldigital.com.br\/index.php?rest_route=\/wp\/v2\/media\/184105"}],"wp:attachment":[{"href":"https:\/\/diarioregionaldigital.com.br\/index.php?rest_route=%2Fwp%2Fv2%2Fmedia&parent=184114"}],"wp:term":[{"taxonomy":"category","embeddable":true,"href":"https:\/\/diarioregionaldigital.com.br\/index.php?rest_route=%2Fwp%2Fv2%2Fcategories&post=184114"},{"taxonomy":"post_tag","embeddable":true,"href":"https:\/\/diarioregionaldigital.com.br\/index.php?rest_route=%2Fwp%2Fv2%2Ftags&post=184114"}],"curies":[{"name":"wp","href":"https:\/\/api.w.org\/{rel}","templated":true}]}}