{"id":184098,"date":"2021-06-17T19:36:33","date_gmt":"2021-06-17T22:36:33","guid":{"rendered":"https:\/\/diarioregionaldigital.com.br\/?p=184098"},"modified":"2021-06-17T19:36:33","modified_gmt":"2021-06-17T22:36:33","slug":"primeira-etapa-das-obras-de-contencao-no-grajau-foi-concluida","status":"publish","type":"post","link":"https:\/\/diarioregionaldigital.com.br\/?p=184098","title":{"rendered":"Primeira etapa das obras de conten\u00e7\u00e3o no Graja\u00fa foi conclu\u00edda"},"content":{"rendered":"<p>A primeira etapa da obra de conten\u00e7\u00e3o na rua Rosa Sffeir, no bairro Graja\u00fa, foi finalizada. A cortina atirantada, sistema de prote\u00e7\u00e3o de barrancos, j\u00e1 est\u00e1 em fase de acabamento, faltando somente a protens\u00e3o dos tirantes, tratamento utilizado para aumentar a resist\u00eancia do concreto. O seguimento da interven\u00e7\u00e3o consiste na execu\u00e7\u00e3o de outros muros e do solo grampeado que comp\u00f5em a obra com previs\u00e3o de t\u00e9rmino ainda no ano de 2021.<\/p>\n<p>\u201cO objetivo das obras de conten\u00e7\u00e3o \u00e9 garantir a estabilidade da encosta. Conclu\u00eddas as obras, as pessoas que estavam com suas casas interditadas poder\u00e3o retornar aos seus lares com seguran\u00e7a, principalmente no per\u00edodo de chuva\u201d, destaca a subsecretaria de Obras, Bruna Rocha.<\/p>\n<p>Segundo informa\u00e7\u00f5es do site da Prefeitura de Juiz de Fora, as obras de conten\u00e7\u00e3o no Graja\u00fa s\u00e3o parte de um conv\u00eanio da Prefeitura de Juiz de Fora com o Governo Federal, por meio do Minist\u00e9rio do Desenvolvimento Regional para elimina\u00e7\u00e3o de \u00e1reas de risco alto e muito alto, no valor de R$ 40 milh\u00f5es, e est\u00e1 sendo executada pela Preserva Engenharia.<\/p>\n<p>Deste conv\u00eanio, j\u00e1 foram inauguradas 11 obras no valor de R$ 12 milh\u00f5es, e outras cinco obras j\u00e1 est\u00e3o contratadas com o or\u00e7amento de R$ 7 milh\u00f5es.<\/p>\n<p>Apenas em 2021 j\u00e1 foram conclu\u00eddas duas obras de conten\u00e7\u00e3o no bairro Linhares: na rua do Boto e na rua Prof. Aguiar J\u00fanior. Ap\u00f3s a finaliza\u00e7\u00e3o das obras de conten\u00e7\u00e3o na rua Rosa Sffeir, no bairro Graja\u00fa, ser\u00e3o iniciadas as interven\u00e7\u00f5es de conten\u00e7\u00e3o no bairro Santa Luzia.<\/p>\n","protected":false},"excerpt":{"rendered":"<p>A primeira etapa da obra de conten\u00e7\u00e3o na rua Rosa Sffeir, no bairro Graja\u00fa, foi finalizada. A cortina atirantada, sistema de prote\u00e7\u00e3o de barrancos, j\u00e1 est\u00e1 em fase de acabamento, faltando somente a protens\u00e3o dos tirantes, tratamento utilizado para aumentar a resist\u00eancia do concreto. O seguimento da interven\u00e7\u00e3o consiste na execu\u00e7\u00e3o de outros muros e [&hellip;]<\/p>\n","protected":false},"author":246,"featured_media":184099,"comment_status":"closed","ping_status":"closed","sticky":false,"template":"","format":"standard","meta":{"footnotes":""},"categories":[253,436,439],"tags":[],"class_list":["post-184098","post","type-post","status-publish","format-standard","has-post-thumbnail","hentry","category-cidade","category-destaque-da-semana","category-ultima-hora"],"_links":{"self":[{"href":"https:\/\/diarioregionaldigital.com.br\/index.php?rest_route=\/wp\/v2\/posts\/184098","targetHints":{"allow":["GET"]}}],"collection":[{"href":"https:\/\/diarioregionaldigital.com.br\/index.php?rest_route=\/wp\/v2\/posts"}],"about":[{"href":"https:\/\/diarioregionaldigital.com.br\/index.php?rest_route=\/wp\/v2\/types\/post"}],"author":[{"embeddable":true,"href":"https:\/\/diarioregionaldigital.com.br\/index.php?rest_route=\/wp\/v2\/users\/246"}],"replies":[{"embeddable":true,"href":"https:\/\/diarioregionaldigital.com.br\/index.php?rest_route=%2Fwp%2Fv2%2Fcomments&post=184098"}],"version-history":[{"count":1,"href":"https:\/\/diarioregionaldigital.com.br\/index.php?rest_route=\/wp\/v2\/posts\/184098\/revisions"}],"predecessor-version":[{"id":184100,"href":"https:\/\/diarioregionaldigital.com.br\/index.php?rest_route=\/wp\/v2\/posts\/184098\/revisions\/184100"}],"wp:featuredmedia":[{"embeddable":true,"href":"https:\/\/diarioregionaldigital.com.br\/index.php?rest_route=\/wp\/v2\/media\/184099"}],"wp:attachment":[{"href":"https:\/\/diarioregionaldigital.com.br\/index.php?rest_route=%2Fwp%2Fv2%2Fmedia&parent=184098"}],"wp:term":[{"taxonomy":"category","embeddable":true,"href":"https:\/\/diarioregionaldigital.com.br\/index.php?rest_route=%2Fwp%2Fv2%2Fcategories&post=184098"},{"taxonomy":"post_tag","embeddable":true,"href":"https:\/\/diarioregionaldigital.com.br\/index.php?rest_route=%2Fwp%2Fv2%2Ftags&post=184098"}],"curies":[{"name":"wp","href":"https:\/\/api.w.org\/{rel}","templated":true}]}}