{"id":184095,"date":"2021-06-17T19:28:39","date_gmt":"2021-06-17T22:28:39","guid":{"rendered":"https:\/\/diarioregionaldigital.com.br\/?p=184095"},"modified":"2021-06-17T19:28:39","modified_gmt":"2021-06-17T22:28:39","slug":"sera-reaberto-neste-sabado-dia-19-o-parque-da-lajinha","status":"publish","type":"post","link":"https:\/\/diarioregionaldigital.com.br\/?p=184095","title":{"rendered":"Ser\u00e1 reaberto neste s\u00e1bado, dia 19, o Parque da Lajinha"},"content":{"rendered":"<p>A partir deste s\u00e1bado, dia 19, o Parque Municipal da Lajinha ser\u00e1 reaberto para visita\u00e7\u00e3o p\u00fablica em virtude da mudan\u00e7a para a Faixa Laranja do Programa \u201cJuiz de Fora Vida\u201d. Segundo informa\u00e7\u00f5es do site da Prefeitura de Juiz de Fora, haver\u00e1 distribui\u00e7\u00e3o de mudas ornamentais, e tamb\u00e9m ser\u00e1 inaugurado um posto para a arrecada\u00e7\u00e3o de alimentos n\u00e3o perec\u00edveis e produtos de higiene, que ser\u00e3o doados para a Campanha \u201cJuiz de Fora Solid\u00e1ria\u201d.<\/p>\n<p>\u201cO Parque da Lajinha \u00e9 uma \u00e1rea verde de grande import\u00e2ncia para a nossa cidade. Temos esperan\u00e7a de que, agora, com uma situa\u00e7\u00e3o sanit\u00e1ria mais est\u00e1vel, vamos poder mant\u00ea-lo aberto de forma mais cont\u00ednua. Nossa inten\u00e7\u00e3o \u00e9 ter mais a\u00e7\u00f5es permanentes, de solidariedade e educa\u00e7\u00e3o ambiental\u201d, destacou Aline Junqueira, secret\u00e1ria da Sesmaur, ponderando sobre a import\u00e2ncia de manter os protocolos de seguran\u00e7a.<\/p>\n<p>A Sesmaur conta com a colabora\u00e7\u00e3o de toda a popula\u00e7\u00e3o no cumprimento das regras de funcionamento do Parque, sobretudo sobre o uso de m\u00e1scaras durante toda a perman\u00eancia no local. Atendendo \u00e0s exig\u00eancias sanit\u00e1rias, continuar\u00e3o suspensos os ensaios fotogr\u00e1ficos, a realiza\u00e7\u00e3o de eventos e piqueniques, a utiliza\u00e7\u00e3o dos parques infantis e aparelhos de gin\u00e1stica.<\/p>\n","protected":false},"excerpt":{"rendered":"<p>A partir deste s\u00e1bado, dia 19, o Parque Municipal da Lajinha ser\u00e1 reaberto para visita\u00e7\u00e3o p\u00fablica em virtude da mudan\u00e7a para a Faixa Laranja do Programa \u201cJuiz de Fora Vida\u201d. Segundo informa\u00e7\u00f5es do site da Prefeitura de Juiz de Fora, haver\u00e1 distribui\u00e7\u00e3o de mudas ornamentais, e tamb\u00e9m ser\u00e1 inaugurado um posto para a arrecada\u00e7\u00e3o de [&hellip;]<\/p>\n","protected":false},"author":246,"featured_media":184096,"comment_status":"closed","ping_status":"closed","sticky":false,"template":"","format":"standard","meta":{"footnotes":""},"categories":[253,436,439],"tags":[],"class_list":["post-184095","post","type-post","status-publish","format-standard","has-post-thumbnail","hentry","category-cidade","category-destaque-da-semana","category-ultima-hora"],"_links":{"self":[{"href":"https:\/\/diarioregionaldigital.com.br\/index.php?rest_route=\/wp\/v2\/posts\/184095","targetHints":{"allow":["GET"]}}],"collection":[{"href":"https:\/\/diarioregionaldigital.com.br\/index.php?rest_route=\/wp\/v2\/posts"}],"about":[{"href":"https:\/\/diarioregionaldigital.com.br\/index.php?rest_route=\/wp\/v2\/types\/post"}],"author":[{"embeddable":true,"href":"https:\/\/diarioregionaldigital.com.br\/index.php?rest_route=\/wp\/v2\/users\/246"}],"replies":[{"embeddable":true,"href":"https:\/\/diarioregionaldigital.com.br\/index.php?rest_route=%2Fwp%2Fv2%2Fcomments&post=184095"}],"version-history":[{"count":1,"href":"https:\/\/diarioregionaldigital.com.br\/index.php?rest_route=\/wp\/v2\/posts\/184095\/revisions"}],"predecessor-version":[{"id":184097,"href":"https:\/\/diarioregionaldigital.com.br\/index.php?rest_route=\/wp\/v2\/posts\/184095\/revisions\/184097"}],"wp:featuredmedia":[{"embeddable":true,"href":"https:\/\/diarioregionaldigital.com.br\/index.php?rest_route=\/wp\/v2\/media\/184096"}],"wp:attachment":[{"href":"https:\/\/diarioregionaldigital.com.br\/index.php?rest_route=%2Fwp%2Fv2%2Fmedia&parent=184095"}],"wp:term":[{"taxonomy":"category","embeddable":true,"href":"https:\/\/diarioregionaldigital.com.br\/index.php?rest_route=%2Fwp%2Fv2%2Fcategories&post=184095"},{"taxonomy":"post_tag","embeddable":true,"href":"https:\/\/diarioregionaldigital.com.br\/index.php?rest_route=%2Fwp%2Fv2%2Ftags&post=184095"}],"curies":[{"name":"wp","href":"https:\/\/api.w.org\/{rel}","templated":true}]}}