{"id":184076,"date":"2021-06-17T18:05:31","date_gmt":"2021-06-17T21:05:31","guid":{"rendered":"https:\/\/diarioregionaldigital.com.br\/?p=184076"},"modified":"2021-06-17T18:06:42","modified_gmt":"2021-06-17T21:06:42","slug":"minas-e-estado-mais-rapido-para-se-abrir-empresa-no-brasil-indica-relatorio","status":"publish","type":"post","link":"https:\/\/diarioregionaldigital.com.br\/?p=184076","title":{"rendered":"Minas \u00e9 estado mais r\u00e1pido para se abrir empresa no Brasil, indica relat\u00f3rio"},"content":{"rendered":"<p>Dados do estudo Doing Business Subnacional Brasil 2021, do Banco Mundial, apontam que Minas Gerais \u00e9 o estado brasileiro em que a abertura de empresas \u00e9 feita de forma mais r\u00e1pida. Pela primeira vez, a pesquisa analisou o ambiente de neg\u00f3cios dos 26 estados brasileiros e do Distrito Federal.<\/p>\n<p>O relat\u00f3rio avalia o desempenho dos estados em diferentes aspectos fundamentais para o empreendedorismo: o processo de abertura de empresas, a concess\u00e3o de alvar\u00e1s de constru\u00e7\u00e3o, o registro de propriedades, o pagamento de impostos e a execu\u00e7\u00e3o de contratos.<\/p>\n<p>Em Minas, a\u00a0<a href=\"http:\/\/www.jucemg.mg.gov.br\/\">Junta Comercial do Estado de Minas Gerais (Jucemg)<\/a>\u00a0tem se empenhado no objetivo da atual gest\u00e3o de facilitar o ambiente de neg\u00f3cios com investimentos em tecnologia, desburocratizando, simplificando, proporcionando rapidez, seguran\u00e7a e redu\u00e7\u00e3o de custos no processo de formaliza\u00e7\u00e3o de empresas. Esta \u00e9, inclusive, uma das diretrizes do governador Romeu Zema para que Minas Gerais destrave o desenvolvimento econ\u00f4mico e seja um Estado cada vez mais amigo de quem quer investir e empreender.<\/p>\n<p><strong>Relat\u00f3rio<\/strong><\/p>\n<p>Todos os anos o Banco Mundial realiza o Doing Business Global, que mede o ambiente de neg\u00f3cios em 190 pa\u00edses. No relat\u00f3rio de 2020, o Brasil ocupava a 124\u00aa posi\u00e7\u00e3o no ranking. Com a amplia\u00e7\u00e3o da pesquisa no pa\u00eds, torna-se poss\u00edvel conhecer indicadores de competitividade para al\u00e9m das capitais de S\u00e3o Paulo e Rio\u00a0de Janeiro, que j\u00e1 eram avaliadas anualmente.<\/p>\n<p><span style=\"font-weight: 400;\">Fonte: Ag\u00eancia\u00a0 Minas<\/span><\/p>\n","protected":false},"excerpt":{"rendered":"<p>Dados do estudo Doing Business Subnacional Brasil 2021, do Banco Mundial, apontam que Minas Gerais \u00e9 o estado brasileiro em que a abertura de empresas \u00e9 feita de forma mais r\u00e1pida. Pela primeira vez, a pesquisa analisou o ambiente de neg\u00f3cios dos 26 estados brasileiros e do Distrito Federal. O relat\u00f3rio avalia o desempenho dos [&hellip;]<\/p>\n","protected":false},"author":246,"featured_media":184077,"comment_status":"closed","ping_status":"closed","sticky":false,"template":"","format":"standard","meta":{"footnotes":""},"categories":[436,440,254,439],"tags":[],"class_list":["post-184076","post","type-post","status-publish","format-standard","has-post-thumbnail","hentry","category-destaque-da-semana","category-destaques-do-dia","category-politica","category-ultima-hora"],"_links":{"self":[{"href":"https:\/\/diarioregionaldigital.com.br\/index.php?rest_route=\/wp\/v2\/posts\/184076","targetHints":{"allow":["GET"]}}],"collection":[{"href":"https:\/\/diarioregionaldigital.com.br\/index.php?rest_route=\/wp\/v2\/posts"}],"about":[{"href":"https:\/\/diarioregionaldigital.com.br\/index.php?rest_route=\/wp\/v2\/types\/post"}],"author":[{"embeddable":true,"href":"https:\/\/diarioregionaldigital.com.br\/index.php?rest_route=\/wp\/v2\/users\/246"}],"replies":[{"embeddable":true,"href":"https:\/\/diarioregionaldigital.com.br\/index.php?rest_route=%2Fwp%2Fv2%2Fcomments&post=184076"}],"version-history":[{"count":1,"href":"https:\/\/diarioregionaldigital.com.br\/index.php?rest_route=\/wp\/v2\/posts\/184076\/revisions"}],"predecessor-version":[{"id":184078,"href":"https:\/\/diarioregionaldigital.com.br\/index.php?rest_route=\/wp\/v2\/posts\/184076\/revisions\/184078"}],"wp:featuredmedia":[{"embeddable":true,"href":"https:\/\/diarioregionaldigital.com.br\/index.php?rest_route=\/wp\/v2\/media\/184077"}],"wp:attachment":[{"href":"https:\/\/diarioregionaldigital.com.br\/index.php?rest_route=%2Fwp%2Fv2%2Fmedia&parent=184076"}],"wp:term":[{"taxonomy":"category","embeddable":true,"href":"https:\/\/diarioregionaldigital.com.br\/index.php?rest_route=%2Fwp%2Fv2%2Fcategories&post=184076"},{"taxonomy":"post_tag","embeddable":true,"href":"https:\/\/diarioregionaldigital.com.br\/index.php?rest_route=%2Fwp%2Fv2%2Ftags&post=184076"}],"curies":[{"name":"wp","href":"https:\/\/api.w.org\/{rel}","templated":true}]}}