{"id":184043,"date":"2021-06-16T22:38:43","date_gmt":"2021-06-17T01:38:43","guid":{"rendered":"https:\/\/diarioregionaldigital.com.br\/?p=184043"},"modified":"2021-06-16T22:38:43","modified_gmt":"2021-06-17T01:38:43","slug":"policia-militar-prende-autores-de-roubo-no-bairro-parque-sao-pedro","status":"publish","type":"post","link":"https:\/\/diarioregionaldigital.com.br\/?p=184043","title":{"rendered":"Pol\u00edcia Militar prende autores de roubo no bairro Parque S\u00e3o Pedro"},"content":{"rendered":"<p>Na noite de ter\u00e7a-feira, 16jun21 por volta das 20h41min, foram recebidas informa\u00e7\u00f5es via COPOM de um roubo em andamento na Rua Major Reinaldo Lawal no bairro Parque S\u00e3o Pedro. A v\u00edtima, um homem de 41 anos, teve sua motocicleta HONDA CB 300 cor vermelha e a sua mochila, roubadas por dois autores armados com uma arma de fogo. A v\u00edtima imediatamente iniciou o acompanhamento dos autores, seguindo-os em um outro ve\u00edculo e repassando em tempo real as informa\u00e7\u00f5es ao 190. De posse das caracter\u00edsticas, a motocicleta sendo conduzida pelo autor de 19 anos, foi visualizada e abordada pelos policiais militares no bairro Parque das \u00c1guas, tendo o autor afirmado que recebeu o ve\u00edculo de um outro envolvido no crime. Realizadas as dilig\u00eancias at\u00e9 o local denunciado, no mesmo bairro, a Pol\u00edcia Militar realizou a pris\u00e3o do segundo autor, um homem de 30 anos, que estava escondido no interior de uma resid\u00eancia. Na abordagem tamb\u00e9m foi constatado um tr\u00e1fico de drogas, sendo presos mais tr\u00eas autores, uma mulher de 26 anos e dois homens, ambos de 26 anos. Um dos autores estava inclusive com mandado de pris\u00e3o em aberto em desfavor. Durante as buscas foram apreendidos: 01 barra de maconha, 61 buchas de maconha, 01 balan\u00e7a de precis\u00e3o, 03 papelotes de coca\u00edna, diversos sacos para embalar, 01 muni\u00e7\u00e3o calibre 9 mm, 01 m\u00e1quina de cart\u00e3o, 02 capacetes e 02 telefones celulares, al\u00e9m de uma arma falsa usada no assalto. A motocicleta da v\u00edtima foi recuperada, bem como, a mochila contendo R$1.160,00 em dinheiro (parte dos R$ 3.000,00 roubados), uma Echo Dot e uma fonte. Todos os autores foram presos em flagrante delito e conduzidos \u00e0 Delegacia.<\/p>\n","protected":false},"excerpt":{"rendered":"<p>Na noite de ter\u00e7a-feira, 16jun21 por volta das 20h41min, foram recebidas informa\u00e7\u00f5es via COPOM de um roubo em andamento na Rua Major Reinaldo Lawal no bairro Parque S\u00e3o Pedro. A v\u00edtima, um homem de 41 anos, teve sua motocicleta HONDA CB 300 cor vermelha e a sua mochila, roubadas por dois autores armados com uma [&hellip;]<\/p>\n","protected":false},"author":246,"featured_media":184045,"comment_status":"closed","ping_status":"closed","sticky":false,"template":"","format":"standard","meta":{"footnotes":""},"categories":[301,1229],"tags":[],"class_list":["post-184043","post","type-post","status-publish","format-standard","has-post-thumbnail","hentry","category-artigos-policiais","category-policial"],"_links":{"self":[{"href":"https:\/\/diarioregionaldigital.com.br\/index.php?rest_route=\/wp\/v2\/posts\/184043","targetHints":{"allow":["GET"]}}],"collection":[{"href":"https:\/\/diarioregionaldigital.com.br\/index.php?rest_route=\/wp\/v2\/posts"}],"about":[{"href":"https:\/\/diarioregionaldigital.com.br\/index.php?rest_route=\/wp\/v2\/types\/post"}],"author":[{"embeddable":true,"href":"https:\/\/diarioregionaldigital.com.br\/index.php?rest_route=\/wp\/v2\/users\/246"}],"replies":[{"embeddable":true,"href":"https:\/\/diarioregionaldigital.com.br\/index.php?rest_route=%2Fwp%2Fv2%2Fcomments&post=184043"}],"version-history":[{"count":1,"href":"https:\/\/diarioregionaldigital.com.br\/index.php?rest_route=\/wp\/v2\/posts\/184043\/revisions"}],"predecessor-version":[{"id":184046,"href":"https:\/\/diarioregionaldigital.com.br\/index.php?rest_route=\/wp\/v2\/posts\/184043\/revisions\/184046"}],"wp:featuredmedia":[{"embeddable":true,"href":"https:\/\/diarioregionaldigital.com.br\/index.php?rest_route=\/wp\/v2\/media\/184045"}],"wp:attachment":[{"href":"https:\/\/diarioregionaldigital.com.br\/index.php?rest_route=%2Fwp%2Fv2%2Fmedia&parent=184043"}],"wp:term":[{"taxonomy":"category","embeddable":true,"href":"https:\/\/diarioregionaldigital.com.br\/index.php?rest_route=%2Fwp%2Fv2%2Fcategories&post=184043"},{"taxonomy":"post_tag","embeddable":true,"href":"https:\/\/diarioregionaldigital.com.br\/index.php?rest_route=%2Fwp%2Fv2%2Ftags&post=184043"}],"curies":[{"name":"wp","href":"https:\/\/api.w.org\/{rel}","templated":true}]}}