{"id":184038,"date":"2021-06-17T06:00:11","date_gmt":"2021-06-17T09:00:11","guid":{"rendered":"https:\/\/diarioregionaldigital.com.br\/?p=184038"},"modified":"2021-06-16T22:38:55","modified_gmt":"2021-06-17T01:38:55","slug":"papo-serio","status":"publish","type":"post","link":"https:\/\/diarioregionaldigital.com.br\/?p=184038","title":{"rendered":"Papo S\u00e9rio"},"content":{"rendered":"<p style=\"text-align: center;\"><strong>L\u00e1 Vai Ele<\/strong><\/p>\n<p style=\"text-align: center;\">Viajante no extremo, o ator Fl\u00e1vio Fusco que brilhou nos palcos do Rio de Janeiro, resolveu se aventurar no turismo e tem apresentado o programa \u201cFui com Fusco\u201d, no YouTube. Suas \u00faltimas e lindas exibi\u00e7\u00f5es mostram mulheres que gostam de viajar.<\/p>\n<p style=\"text-align: center;\"><strong>Economia<\/strong><\/p>\n<p style=\"text-align: center;\">O presidente do Bradesco Oct\u00e1vio de Lazari, disse recentemente que poderia abrir o capital da Next, o banco digital do grupo, dentro de dois anos, no Bradesco, por\u00e9m o prazo para o IPO \u00e9 mais curto \u2013 at\u00e9 o fim de 2021.<\/p>\n<p style=\"text-align: center;\"><strong>Pequenos Poderes<\/strong><\/p>\n<p style=\"text-align: center;\">Em tempos de pandemia, os agentes aut\u00f4nomos viram \u2018cisnes\u2019 e revelam o poder dos pequenos Antigos \u201cpatinhos feios\u201d do mercado, agente aut\u00f4nomos de investimento tiram proveito da disputa entre BTG e XP por suas carteiras bilion\u00e1rias. Para vincularem seus clientes a um deles, assessorias negociam vantagens como sociedade para virarem corretoras.<\/p>\n<p style=\"text-align: center;\"><strong>Papo S\u00e9rio<\/strong><\/p>\n<p style=\"text-align: center;\">Gerente de Produto Moda e Joias do Senac, Leana Braga est\u00e1 \u00e0 frente do e-book \u201cDesafios e oportunidades para a moda na pandemia\u201d, em que d\u00e1 dicas e aponta tend\u00eancias para profissionais da \u00e1rea. Para ela a transforma\u00e7\u00e3o digital seja o grande aprendizado.<\/p>\n<div id=\"attachment_184029\" style=\"width: 690px\" class=\"wp-caption aligncenter\"><img loading=\"lazy\" decoding=\"async\" aria-describedby=\"caption-attachment-184029\" class=\"wp-image-184029\" src=\"https:\/\/diarioregionaldigital.com.br\/wp-content\/uploads\/2021\/06\/fotoa-4-e1623893427818.jpeg\" alt=\"\" width=\"680\" height=\"490\" srcset=\"https:\/\/diarioregionaldigital.com.br\/wp-content\/uploads\/2021\/06\/fotoa-4-e1623893427818.jpeg 950w, https:\/\/diarioregionaldigital.com.br\/wp-content\/uploads\/2021\/06\/fotoa-4-e1623893427818-300x216.jpeg 300w, https:\/\/diarioregionaldigital.com.br\/wp-content\/uploads\/2021\/06\/fotoa-4-e1623893427818-768x553.jpeg 768w, https:\/\/diarioregionaldigital.com.br\/wp-content\/uploads\/2021\/06\/fotoa-4-e1623893427818-360x259.jpeg 360w\" sizes=\"auto, (max-width: 680px) 100vw, 680px\" \/><p id=\"caption-attachment-184029\" class=\"wp-caption-text\">Trof\u00e9u \u201cOs Melhores de 2021\u201d, para a m\u00e9dica dermatologista La\u00eds Vieira<\/p><\/div>\n<div id=\"attachment_184030\" style=\"width: 690px\" class=\"wp-caption aligncenter\"><img loading=\"lazy\" decoding=\"async\" aria-describedby=\"caption-attachment-184030\" class=\"wp-image-184030\" src=\"https:\/\/diarioregionaldigital.com.br\/wp-content\/uploads\/2021\/06\/fotoaa-1-e1623893448886.jpeg\" alt=\"\" width=\"680\" height=\"467\" srcset=\"https:\/\/diarioregionaldigital.com.br\/wp-content\/uploads\/2021\/06\/fotoaa-1-e1623893448886.jpeg 617w, https:\/\/diarioregionaldigital.com.br\/wp-content\/uploads\/2021\/06\/fotoaa-1-e1623893448886-300x206.jpeg 300w, https:\/\/diarioregionaldigital.com.br\/wp-content\/uploads\/2021\/06\/fotoaa-1-e1623893448886-360x247.jpeg 360w, https:\/\/diarioregionaldigital.com.br\/wp-content\/uploads\/2021\/06\/fotoaa-1-e1623893448886-100x70.jpeg 100w\" sizes=\"auto, (max-width: 680px) 100vw, 680px\" \/><p id=\"caption-attachment-184030\" class=\"wp-caption-text\">O bonito casal Oleg e Mariana Abramov, no encerramento da campanha do Dia dos Namorados Loja Capri<\/p><\/div>\n<div id=\"attachment_184032\" style=\"width: 690px\" class=\"wp-caption aligncenter\"><img loading=\"lazy\" decoding=\"async\" aria-describedby=\"caption-attachment-184032\" class=\"wp-image-184032\" src=\"https:\/\/diarioregionaldigital.com.br\/wp-content\/uploads\/2021\/06\/fotoc-11-e1623893642945.jpg\" alt=\"\" width=\"680\" height=\"490\" srcset=\"https:\/\/diarioregionaldigital.com.br\/wp-content\/uploads\/2021\/06\/fotoc-11-e1623893642945.jpg 747w, https:\/\/diarioregionaldigital.com.br\/wp-content\/uploads\/2021\/06\/fotoc-11-e1623893642945-300x216.jpg 300w, https:\/\/diarioregionaldigital.com.br\/wp-content\/uploads\/2021\/06\/fotoc-11-e1623893642945-360x259.jpg 360w\" sizes=\"auto, (max-width: 680px) 100vw, 680px\" \/><p id=\"caption-attachment-184032\" class=\"wp-caption-text\">Aniversariante de destaque da temporada social, o boa pra\u00e7a Jarbas Batitucci<\/p><\/div>\n<div id=\"attachment_184031\" style=\"width: 690px\" class=\"wp-caption aligncenter\"><img loading=\"lazy\" decoding=\"async\" aria-describedby=\"caption-attachment-184031\" class=\"wp-image-184031\" src=\"https:\/\/diarioregionaldigital.com.br\/wp-content\/uploads\/2021\/06\/fotobb-e1623893473730.jpg\" alt=\"\" width=\"680\" height=\"465\" srcset=\"https:\/\/diarioregionaldigital.com.br\/wp-content\/uploads\/2021\/06\/fotobb-e1623893473730.jpg 747w, https:\/\/diarioregionaldigital.com.br\/wp-content\/uploads\/2021\/06\/fotobb-e1623893473730-300x205.jpg 300w, https:\/\/diarioregionaldigital.com.br\/wp-content\/uploads\/2021\/06\/fotobb-e1623893473730-360x246.jpg 360w\" sizes=\"auto, (max-width: 680px) 100vw, 680px\" \/><p id=\"caption-attachment-184031\" class=\"wp-caption-text\">Mulheres de arte e cultura em noite de festa antes da pandemia, Regina Mirian e Lygia Toledo<\/p><\/div>\n<div id=\"attachment_184033\" style=\"width: 690px\" class=\"wp-caption aligncenter\"><img loading=\"lazy\" decoding=\"async\" aria-describedby=\"caption-attachment-184033\" class=\"wp-image-184033\" src=\"https:\/\/diarioregionaldigital.com.br\/wp-content\/uploads\/2021\/06\/fotocc-e1623893661918.jpeg\" alt=\"\" width=\"680\" height=\"453\" srcset=\"https:\/\/diarioregionaldigital.com.br\/wp-content\/uploads\/2021\/06\/fotocc-e1623893661918.jpeg 1161w, https:\/\/diarioregionaldigital.com.br\/wp-content\/uploads\/2021\/06\/fotocc-e1623893661918-300x200.jpeg 300w, https:\/\/diarioregionaldigital.com.br\/wp-content\/uploads\/2021\/06\/fotocc-e1623893661918-1024x683.jpeg 1024w, https:\/\/diarioregionaldigital.com.br\/wp-content\/uploads\/2021\/06\/fotocc-e1623893661918-768x512.jpeg 768w, https:\/\/diarioregionaldigital.com.br\/wp-content\/uploads\/2021\/06\/fotocc-e1623893661918-360x240.jpeg 360w\" sizes=\"auto, (max-width: 680px) 100vw, 680px\" \/><p id=\"caption-attachment-184033\" class=\"wp-caption-text\">Com o Trofeu Ouro no Pr\u00eamio Ecos da Literatura 2020 com o livro Leco e Seus Amigos Monstrinhos a autora Alice Gervason e o ilustrador Alberto Pinto<\/p><\/div>\n<div id=\"attachment_184035\" style=\"width: 690px\" class=\"wp-caption aligncenter\"><img loading=\"lazy\" decoding=\"async\" aria-describedby=\"caption-attachment-184035\" class=\"wp-image-184035\" src=\"https:\/\/diarioregionaldigital.com.br\/wp-content\/uploads\/2021\/06\/fotoe-8-e1623893702175.jpg\" alt=\"\" width=\"680\" height=\"502\" srcset=\"https:\/\/diarioregionaldigital.com.br\/wp-content\/uploads\/2021\/06\/fotoe-8-e1623893702175.jpg 829w, https:\/\/diarioregionaldigital.com.br\/wp-content\/uploads\/2021\/06\/fotoe-8-e1623893702175-300x221.jpg 300w, https:\/\/diarioregionaldigital.com.br\/wp-content\/uploads\/2021\/06\/fotoe-8-e1623893702175-768x567.jpg 768w, https:\/\/diarioregionaldigital.com.br\/wp-content\/uploads\/2021\/06\/fotoe-8-e1623893702175-360x266.jpg 360w\" sizes=\"auto, (max-width: 680px) 100vw, 680px\" \/><p id=\"caption-attachment-184035\" class=\"wp-caption-text\">Bailando muito a professora de jazz da Corpus, Ana Cl\u00e1udia Monteiro<\/p><\/div>\n<div id=\"attachment_184037\" style=\"width: 690px\" class=\"wp-caption aligncenter\"><img loading=\"lazy\" decoding=\"async\" aria-describedby=\"caption-attachment-184037\" class=\"wp-image-184037\" src=\"https:\/\/diarioregionaldigital.com.br\/wp-content\/uploads\/2021\/06\/fotoh-9-e1623893724250.jpg\" alt=\"\" width=\"680\" height=\"496\" srcset=\"https:\/\/diarioregionaldigital.com.br\/wp-content\/uploads\/2021\/06\/fotoh-9-e1623893724250.jpg 706w, https:\/\/diarioregionaldigital.com.br\/wp-content\/uploads\/2021\/06\/fotoh-9-e1623893724250-300x219.jpg 300w, https:\/\/diarioregionaldigital.com.br\/wp-content\/uploads\/2021\/06\/fotoh-9-e1623893724250-360x263.jpg 360w\" sizes=\"auto, (max-width: 680px) 100vw, 680px\" \/><p id=\"caption-attachment-184037\" class=\"wp-caption-text\">Premiados no N\u00facleo Urbano 2020\/JF, os arquitetos, Aline Vanelli e Mois\u00e9s Veriato<\/p><\/div>\n<div id=\"attachment_184034\" style=\"width: 690px\" class=\"wp-caption aligncenter\"><img loading=\"lazy\" decoding=\"async\" aria-describedby=\"caption-attachment-184034\" class=\"wp-image-184034\" src=\"https:\/\/diarioregionaldigital.com.br\/wp-content\/uploads\/2021\/06\/fotod-1-e1623893683395.jpeg\" alt=\"\" width=\"680\" height=\"487\" srcset=\"https:\/\/diarioregionaldigital.com.br\/wp-content\/uploads\/2021\/06\/fotod-1-e1623893683395.jpeg 1184w, https:\/\/diarioregionaldigital.com.br\/wp-content\/uploads\/2021\/06\/fotod-1-e1623893683395-300x215.jpeg 300w, https:\/\/diarioregionaldigital.com.br\/wp-content\/uploads\/2021\/06\/fotod-1-e1623893683395-1024x733.jpeg 1024w, https:\/\/diarioregionaldigital.com.br\/wp-content\/uploads\/2021\/06\/fotod-1-e1623893683395-768x550.jpeg 768w, https:\/\/diarioregionaldigital.com.br\/wp-content\/uploads\/2021\/06\/fotod-1-e1623893683395-360x258.jpeg 360w\" sizes=\"auto, (max-width: 680px) 100vw, 680px\" \/><p id=\"caption-attachment-184034\" class=\"wp-caption-text\">No Berttu\u2019s durante almo\u00e7o de casamento o lindo casal Frederico Lima e Marcella Gervason ladeados de Cust\u00f3dio Furtado, Ana Paula Gervason e Daniella Gervason<\/p><\/div>\n<p style=\"text-align: center;\"><strong>FOTOSS\u00cdNTESE<\/strong><\/p>\n<p>Muito querido e competente o publicit\u00e1rio Luiz Carlos Lyra est\u00e1 no bate e volta. Vai ficar mais uma temporada em JF no ramo de im\u00f3veis.<\/p>\n<p>Templo da arte em Juiz de Fora, a Associa\u00e7\u00e3o de Belas Artes Ant\u00f4nio Parreiras na Pra\u00e7a da Esta\u00e7\u00e3o est\u00e1 caindo os peda\u00e7os. Se a Prefeitura n\u00e3o achar uma solu\u00e7\u00e3o para reforma ou mudan\u00e7a de local a institui\u00e7\u00e3o pode fechar as portas. Pedimos a prefeita Margarida Salom\u00e3o tome as provid\u00eancias.<\/p>\n<p>O governador de Minas Romeu Zema voltou a reafirmar a intens\u00e3o de disputar a reelei\u00e7\u00e3o no ano que vem.<\/p>\n<p>Desrespeito: os registros de reclama\u00e7\u00f5es pelo \u201cN\u00e3o me ligue\u201d aumentaram 76% e de acordo com o Procon a oferta de empr\u00e9stimo consignado foi o assunto mais reclamado pelos consumidores.<\/p>\n<p>Luciano Larcher CEO do Grupo Larcher usa metodologia em sua empresa onde criou uma planilha b\u00e1sica para defini\u00e7\u00e3o de Objetivos e Resultados Chaves.<\/p>\n<p>B.O: No distrito de humait\u00e1 (MG), ap\u00f3s den\u00fancia, um grupo de homens \u00e9 preso por desmatar \u00e1rea de Mata Atl\u00e2ntica. Os suspeitos se recusaram a informar o nome do contratante.<\/p>\n<p>Percorrendo todos os territ\u00f3rios, as universidades Getty e Stanford, de Nova York, adquiriram, por interm\u00e9dio da Livraria Susanne Bach, no Rio, a trilogia \u201cArquitetura Ecl\u00e9tica, Art D\u00e9co e Moderna em Juiz de Fora\u201d, assinada pelo arquiteto Ant\u00f4nio Carlos Duarte.<\/p>\n<p>Foi em Cabo Frio, a comemora\u00e7\u00e3o do anivers\u00e1rio do empres\u00e1rio Ivan Queir\u00f3s. J\u00e1 Luciana Mello reuniu poucos e bons para festejar idade nova em Arma\u00e7\u00e3o de B\u00fazios.<\/p>\n<p>Conte\u00fado: \u201cA escola n\u00e3o \u00e9 somente local de aprendizagem de disciplinas curriculares. \u00c9 tamb\u00e9m um espa\u00e7o vital de socializa\u00e7\u00e3o\u201d. Bom dia.<\/p>\n<p><img loading=\"lazy\" decoding=\"async\" class=\"aligncenter size-full wp-image-184044\" src=\"https:\/\/diarioregionaldigital.com.br\/wp-content\/uploads\/2021\/06\/anuncio65-scaled.jpg\" alt=\"\" width=\"2560\" height=\"926\" srcset=\"https:\/\/diarioregionaldigital.com.br\/wp-content\/uploads\/2021\/06\/anuncio65-scaled.jpg 2560w, https:\/\/diarioregionaldigital.com.br\/wp-content\/uploads\/2021\/06\/anuncio65-300x109.jpg 300w, https:\/\/diarioregionaldigital.com.br\/wp-content\/uploads\/2021\/06\/anuncio65-1024x371.jpg 1024w, https:\/\/diarioregionaldigital.com.br\/wp-content\/uploads\/2021\/06\/anuncio65-768x278.jpg 768w, https:\/\/diarioregionaldigital.com.br\/wp-content\/uploads\/2021\/06\/anuncio65-1536x556.jpg 1536w, https:\/\/diarioregionaldigital.com.br\/wp-content\/uploads\/2021\/06\/anuncio65-2048x741.jpg 2048w, https:\/\/diarioregionaldigital.com.br\/wp-content\/uploads\/2021\/06\/anuncio65-360x130.jpg 360w\" sizes=\"auto, (max-width: 2560px) 100vw, 2560px\" \/><\/p>\n","protected":false},"excerpt":{"rendered":"<p>L\u00e1 Vai Ele Viajante no extremo, o ator Fl\u00e1vio Fusco que brilhou nos palcos do Rio de Janeiro, resolveu se aventurar no turismo e tem apresentado o programa \u201cFui com Fusco\u201d, no YouTube. Suas \u00faltimas e lindas exibi\u00e7\u00f5es mostram mulheres que gostam de viajar. Economia O presidente do Bradesco Oct\u00e1vio de Lazari, disse recentemente que [&hellip;]<\/p>\n","protected":false},"author":253,"featured_media":184029,"comment_status":"closed","ping_status":"closed","sticky":false,"template":"","format":"standard","meta":{"footnotes":""},"categories":[264],"tags":[],"class_list":["post-184038","post","type-post","status-publish","format-standard","has-post-thumbnail","hentry","category-eduardo-gomes"],"_links":{"self":[{"href":"https:\/\/diarioregionaldigital.com.br\/index.php?rest_route=\/wp\/v2\/posts\/184038","targetHints":{"allow":["GET"]}}],"collection":[{"href":"https:\/\/diarioregionaldigital.com.br\/index.php?rest_route=\/wp\/v2\/posts"}],"about":[{"href":"https:\/\/diarioregionaldigital.com.br\/index.php?rest_route=\/wp\/v2\/types\/post"}],"author":[{"embeddable":true,"href":"https:\/\/diarioregionaldigital.com.br\/index.php?rest_route=\/wp\/v2\/users\/253"}],"replies":[{"embeddable":true,"href":"https:\/\/diarioregionaldigital.com.br\/index.php?rest_route=%2Fwp%2Fv2%2Fcomments&post=184038"}],"version-history":[{"count":1,"href":"https:\/\/diarioregionaldigital.com.br\/index.php?rest_route=\/wp\/v2\/posts\/184038\/revisions"}],"predecessor-version":[{"id":184047,"href":"https:\/\/diarioregionaldigital.com.br\/index.php?rest_route=\/wp\/v2\/posts\/184038\/revisions\/184047"}],"wp:featuredmedia":[{"embeddable":true,"href":"https:\/\/diarioregionaldigital.com.br\/index.php?rest_route=\/wp\/v2\/media\/184029"}],"wp:attachment":[{"href":"https:\/\/diarioregionaldigital.com.br\/index.php?rest_route=%2Fwp%2Fv2%2Fmedia&parent=184038"}],"wp:term":[{"taxonomy":"category","embeddable":true,"href":"https:\/\/diarioregionaldigital.com.br\/index.php?rest_route=%2Fwp%2Fv2%2Fcategories&post=184038"},{"taxonomy":"post_tag","embeddable":true,"href":"https:\/\/diarioregionaldigital.com.br\/index.php?rest_route=%2Fwp%2Fv2%2Ftags&post=184038"}],"curies":[{"name":"wp","href":"https:\/\/api.w.org\/{rel}","templated":true}]}}