{"id":184026,"date":"2021-06-16T19:40:43","date_gmt":"2021-06-16T22:40:43","guid":{"rendered":"https:\/\/diarioregionaldigital.com.br\/?p=184026"},"modified":"2021-06-16T19:40:43","modified_gmt":"2021-06-16T22:40:43","slug":"pavimentacao-asfaltica-e-realizada-no-democrata-e-no-nossa-senhora-aparecida-pela-empav","status":"publish","type":"post","link":"https:\/\/diarioregionaldigital.com.br\/?p=184026","title":{"rendered":"Pavimenta\u00e7\u00e3o asf\u00e1ltica \u00e9 realizada no Democrata e no Nossa Senhora Aparecida pela Empav"},"content":{"rendered":"<p>Segundo informa\u00e7\u00f5es do site da Prefeitura de Juiz de Fora, em continuidade \u00e0 Opera\u00e7\u00e3o tapa-buraco da Prefeitura de Juiz de Fora (PJF), equipes da Empresa Municipal de Pavimenta\u00e7\u00e3o e Urbaniza\u00e7\u00e3o (Empav) realizaram, nesta quarta-feira,16, atendimentos em diversas ruas da cidade.<\/p>\n<p><b>Confira a lista completa de ruas atendidas<\/b><\/p>\n<p>Rua Robson de Costa Magalh\u00e3es &#8211; Ipiranga<br \/>\nRua Cl\u00f3vis Jaguaribe Santos &#8211; Santa Efig\u00eania<br \/>\nRua Doutor D\u00e9lcio Fortini &#8211; Santa Efig\u00eania<br \/>\nRua Vi\u00e7osa &#8211; Democrata<br \/>\nRua Carangola &#8211; Democrata<br \/>\nAvenida Doardino Longo &#8211; Barbosa Lage<br \/>\nRua Nair de Prado Manso &#8211; Barbosa Lage<br \/>\nRua Jos\u00e9 Louren\u00e7o &#8211; S\u00e3o Pedro<br \/>\nRua das Miss\u00f5es &#8211; Graja\u00fa<br \/>\nRua Nossa Senhora Aparecida &#8211; Nossa Senhora Aparecida<br \/>\nRua Diamante &#8211; Pedras Preciosas<\/p>\n<p>Para solicitar estes e outros servi\u00e7os, entre em contato com o Gabinete de A\u00e7\u00e3o e Di\u00e1logo Comunit\u00e1rio, que recebe e organiza pedidos relativos a interven\u00e7\u00f5es e melhorias urbanas. O contato pode ser feito atrav\u00e9s de liga\u00e7\u00e3o telef\u00f4nica pelo n\u00famero (32) 3690-7241 ou via WhatsApp, utilizando o mesmo n\u00famero.<\/p>\n","protected":false},"excerpt":{"rendered":"<p>Segundo informa\u00e7\u00f5es do site da Prefeitura de Juiz de Fora, em continuidade \u00e0 Opera\u00e7\u00e3o tapa-buraco da Prefeitura de Juiz de Fora (PJF), equipes da Empresa Municipal de Pavimenta\u00e7\u00e3o e Urbaniza\u00e7\u00e3o (Empav) realizaram, nesta quarta-feira,16, atendimentos em diversas ruas da cidade. Confira a lista completa de ruas atendidas Rua Robson de Costa Magalh\u00e3es &#8211; Ipiranga Rua [&hellip;]<\/p>\n","protected":false},"author":246,"featured_media":184027,"comment_status":"closed","ping_status":"closed","sticky":false,"template":"","format":"standard","meta":{"footnotes":""},"categories":[253,436,439],"tags":[],"class_list":["post-184026","post","type-post","status-publish","format-standard","has-post-thumbnail","hentry","category-cidade","category-destaque-da-semana","category-ultima-hora"],"_links":{"self":[{"href":"https:\/\/diarioregionaldigital.com.br\/index.php?rest_route=\/wp\/v2\/posts\/184026","targetHints":{"allow":["GET"]}}],"collection":[{"href":"https:\/\/diarioregionaldigital.com.br\/index.php?rest_route=\/wp\/v2\/posts"}],"about":[{"href":"https:\/\/diarioregionaldigital.com.br\/index.php?rest_route=\/wp\/v2\/types\/post"}],"author":[{"embeddable":true,"href":"https:\/\/diarioregionaldigital.com.br\/index.php?rest_route=\/wp\/v2\/users\/246"}],"replies":[{"embeddable":true,"href":"https:\/\/diarioregionaldigital.com.br\/index.php?rest_route=%2Fwp%2Fv2%2Fcomments&post=184026"}],"version-history":[{"count":1,"href":"https:\/\/diarioregionaldigital.com.br\/index.php?rest_route=\/wp\/v2\/posts\/184026\/revisions"}],"predecessor-version":[{"id":184028,"href":"https:\/\/diarioregionaldigital.com.br\/index.php?rest_route=\/wp\/v2\/posts\/184026\/revisions\/184028"}],"wp:featuredmedia":[{"embeddable":true,"href":"https:\/\/diarioregionaldigital.com.br\/index.php?rest_route=\/wp\/v2\/media\/184027"}],"wp:attachment":[{"href":"https:\/\/diarioregionaldigital.com.br\/index.php?rest_route=%2Fwp%2Fv2%2Fmedia&parent=184026"}],"wp:term":[{"taxonomy":"category","embeddable":true,"href":"https:\/\/diarioregionaldigital.com.br\/index.php?rest_route=%2Fwp%2Fv2%2Fcategories&post=184026"},{"taxonomy":"post_tag","embeddable":true,"href":"https:\/\/diarioregionaldigital.com.br\/index.php?rest_route=%2Fwp%2Fv2%2Ftags&post=184026"}],"curies":[{"name":"wp","href":"https:\/\/api.w.org\/{rel}","templated":true}]}}