{"id":184001,"date":"2021-06-16T18:27:23","date_gmt":"2021-06-16T21:27:23","guid":{"rendered":"https:\/\/diarioregionaldigital.com.br\/?p=184001"},"modified":"2021-06-16T19:43:36","modified_gmt":"2021-06-16T22:43:36","slug":"romeu-zema-assina-decreto-que-permite-empresas-de-todos-setores-a-investir-em-infraestrutura-viaria-em-minas","status":"publish","type":"post","link":"https:\/\/diarioregionaldigital.com.br\/?p=184001","title":{"rendered":"Romeu Zema assina decreto que permite empresas de todos setores a investir em infraestrutura vi\u00e1ria em Minas"},"content":{"rendered":"<p>O governador Romeu Zema assinou, nesta quarta-feira (16\/6), decreto que permite a empresas de todos os setores do estado utilizar at\u00e9 60% do chamado ICMS \u201cincremental\u201d em obras de infraestruturas vi\u00e1rias, como asfalto, duplica\u00e7\u00e3o, pontes, trevos, acessos.<\/p>\n<p>O objetivo da medida \u00e9 atrair mais empresas para o estado e, ao mesmo tempo, utilizar o cr\u00e9dito outorgado de ICMS para solucionar gargalos de infraestrutura que poderiam ser impeditivos \u00e0 instala\u00e7\u00e3o ou expans\u00e3o de novos neg\u00f3cios em Minas. O Estado ser\u00e1 o primeiro do pa\u00eds a conceder esse benef\u00edcio. Na atual gest\u00e3o, R$ 121 bilh\u00f5es j\u00e1 foram atra\u00eddos em novos investimentos.<\/p>\n<p>\u201cPara mim n\u00e3o teria satisfa\u00e7\u00e3o maior do que essa. \u00c9 uma ferramenta que vai praticamente dobrar investimentos na malha vi\u00e1ria do Estado. Essa inova\u00e7\u00e3o e criatividade vai viabilizar obras e atrair investimentos important\u00edssimos para Minas\u201d, afirmou o governador durante a assinatura.<\/p>\n<p>O ICMS incremental \u00e9 aquele gerado nas opera\u00e7\u00f5es da empresa a partir dos novos neg\u00f3cios (n\u00e3o vale para receitas j\u00e1 realizadas). A medida decretada permite que at\u00e9 60% do imposto que seria recolhido junto ao Estado sejam utilizados pelas empresas nas obras de infraestrutura vi\u00e1rias, seja mediante contrata\u00e7\u00e3o de prestadora do servi\u00e7o ou por meio do repasse de recursos financeiros ao governo mineiro, em contas espec\u00edficas.<\/p>\n<p>O secret\u00e1rio de Estado de\u00a0<a href=\"http:\/\/www.fazenda.mg.gov.br\/\" target=\"_blank\" rel=\"noopener\">Fazenda<\/a>, Gustavo Barbosa, destacou que o decreto da pasta atende a pedido do governador para que fosse feita a simplifica\u00e7\u00e3o tribut\u00e1ria.<\/p>\n<p>\u201cO Estado n\u00e3o tem recurso direto do caixa para esses investimentos (em infraestrutura) e podemos fazer isso inovando, o que \u00e9 importante por causa da Lei de Responsabilidade Fiscal, que nos obriga a qualquer dedu\u00e7\u00e3o de ICMS ser compensada. O que a empresa superar em recolhimento de ICMS ser\u00e1 destinado, em at\u00e9 60%, para a obra de infraestrutura. E temos que destacar que isso vale para todas as empresas\u201d, esclareceu Barbosa. O montante total do cr\u00e9dito outorgado de ICMS n\u00e3o poder\u00e1 ultrapassar o valor de R$ 100 milh\u00f5es por exerc\u00edcio financeiro.<\/p>\n<p>O secret\u00e1rio de Estado de\u00a0<a href=\"http:\/\/www.infraestrutura.mg.gov.br\/\" target=\"_blank\" rel=\"noopener\">Infraestrutura e Mobilidade<\/a>, Fernando Marcato, ressaltou que a medida permitir\u00e1 alavancar os investimentos em obras vi\u00e1rias em todo o estado. \u201cO setor sucroalcooleiro tinha 26 empresas aderentes a essa modalidade. Com esse decreto, todos os setores ter\u00e3o a mesma possibilidade\u201d, disse.<\/p>\n<p><strong>Comit\u00ea estadual<\/strong><\/p>\n<p>O decreto prev\u00ea a cria\u00e7\u00e3o de um comit\u00ea formado pelas Secretarias de Estado de Fazenda, Infraestrutura e Mobilidade,\u00a0<a href=\"http:\/\/www.planejamento.mg.gov.br\/\" target=\"_blank\" rel=\"noopener\">Planejamento e Gest\u00e3o<\/a>,\u00a0<a href=\"http:\/\/www.governo.mg.gov.br\/\" target=\"_blank\" rel=\"noopener\">Governo<\/a>,\u00a0<a href=\"http:\/\/www.secretariageral.mg.gov.br\/\" target=\"_blank\" rel=\"noopener\">Secretaria-Geral<\/a>\u00a0e\u00a0<a href=\"http:\/\/www.indi.mg.gov.br\/\" target=\"_blank\" rel=\"noopener\">Indi<\/a>, que ser\u00e1 respons\u00e1vel pela aprova\u00e7\u00e3o das obras.<\/p>\n<p>A concess\u00e3o do cr\u00e9dito outorgado est\u00e1 condicionada \u00e0 celebra\u00e7\u00e3o de Protocolo de Inten\u00e7\u00f5es, \u00e0 assinatura de Termo de Compromisso, bem como \u00e0 obten\u00e7\u00e3o de regime especial a ser concedido pelo superintendente de Tributa\u00e7\u00e3o da Secretaria de Estado de Fazenda (SEF\/MG).<\/p>\n<p><main class=\"clear margin-md-bottom-3\"><\/p>\n<div class=\"clear \">\n<p>Segundo a SEF\/MG, o\u00a0<a href=\"http:\/\/www.mg.gov.br\/\" target=\"_blank\" rel=\"noopener\">Govero do Estado<\/a>\u00a0ainda n\u00e3o concedeu o benef\u00edcio a nenhuma empresa, mas est\u00e1 em tratativas avan\u00e7adas com a Bem Brasil, uma das maiores produtoras de batata congelada do pa\u00eds localizada em Perdizes, no Alto Parana\u00edba. O diretor-presidente da empresa, Jo\u00e3o Em\u00edlio Rocheto, acompanhou o evento.<\/p>\n<p>O projeto de expans\u00e3o da Bem Brasil, com previs\u00e3o de investimento de R$ 700 milh\u00f5es e gera\u00e7\u00e3o de mais de 150 empregos diretos, depende da pavimenta\u00e7\u00e3o da MGC-462 que interliga o acesso entre a BR-262 e a BR-452, onde a ind\u00fastria est\u00e1 localizada.<\/p>\n<p>A pavimenta\u00e7\u00e3o desse trecho beneficiar\u00e1 diretamente produtores rurais, a popula\u00e7\u00e3o local e outras ind\u00fastrias localizadas na regi\u00e3o, facilitando o escoamento de produtos e reduzindo os custos com transporte das mesmas.<\/p>\n<p>O deputado estadual Bosco, tamb\u00e9m presente na assinatura, parabenizou o Estado pela iniciativa. \u201cO setor produtivo precisa de condi\u00e7\u00f5es para o transporte de materiais. Esse decreto permitir\u00e1 a retomada de importantes obras. Um exemplo \u00e9 a MGC-462, que teve a obra paralisada em 2014 e \u00e9 important\u00edssima para o escoamento da produ\u00e7\u00e3o do Alto Parana\u00edba\u201d, disse.<\/p>\n<p><strong>Presen\u00e7as<\/strong><\/p>\n<p>Tamb\u00e9m participaram da agenda o secret\u00e1rio de Estado de Governo, Igor Eto, o secret\u00e1rio-geral adjunto, Marcel Beghini; al\u00e9m de integrantes da secretaria de Fazenda, o prefeito de Perdizes, Ant\u00f4nio Roberto Bergamasco; entre outras lideran\u00e7as.<\/p>\n<p><span style=\"font-weight: 400;\">Fonte: Ag\u00eancia Minas <\/span><\/p>\n<\/div>\n<p><\/main><\/p>\n","protected":false},"excerpt":{"rendered":"<p>O governador Romeu Zema assinou, nesta quarta-feira (16\/6), decreto que permite a empresas de todos os setores do estado utilizar at\u00e9 60% do chamado ICMS \u201cincremental\u201d em obras de infraestruturas vi\u00e1rias, como asfalto, duplica\u00e7\u00e3o, pontes, trevos, acessos. O objetivo da medida \u00e9 atrair mais empresas para o estado e, ao mesmo tempo, utilizar o cr\u00e9dito [&hellip;]<\/p>\n","protected":false},"author":246,"featured_media":184002,"comment_status":"closed","ping_status":"closed","sticky":false,"template":"","format":"standard","meta":{"footnotes":""},"categories":[436,440,254,439],"tags":[],"class_list":["post-184001","post","type-post","status-publish","format-standard","has-post-thumbnail","hentry","category-destaque-da-semana","category-destaques-do-dia","category-politica","category-ultima-hora"],"_links":{"self":[{"href":"https:\/\/diarioregionaldigital.com.br\/index.php?rest_route=\/wp\/v2\/posts\/184001","targetHints":{"allow":["GET"]}}],"collection":[{"href":"https:\/\/diarioregionaldigital.com.br\/index.php?rest_route=\/wp\/v2\/posts"}],"about":[{"href":"https:\/\/diarioregionaldigital.com.br\/index.php?rest_route=\/wp\/v2\/types\/post"}],"author":[{"embeddable":true,"href":"https:\/\/diarioregionaldigital.com.br\/index.php?rest_route=\/wp\/v2\/users\/246"}],"replies":[{"embeddable":true,"href":"https:\/\/diarioregionaldigital.com.br\/index.php?rest_route=%2Fwp%2Fv2%2Fcomments&post=184001"}],"version-history":[{"count":1,"href":"https:\/\/diarioregionaldigital.com.br\/index.php?rest_route=\/wp\/v2\/posts\/184001\/revisions"}],"predecessor-version":[{"id":184003,"href":"https:\/\/diarioregionaldigital.com.br\/index.php?rest_route=\/wp\/v2\/posts\/184001\/revisions\/184003"}],"wp:featuredmedia":[{"embeddable":true,"href":"https:\/\/diarioregionaldigital.com.br\/index.php?rest_route=\/wp\/v2\/media\/184002"}],"wp:attachment":[{"href":"https:\/\/diarioregionaldigital.com.br\/index.php?rest_route=%2Fwp%2Fv2%2Fmedia&parent=184001"}],"wp:term":[{"taxonomy":"category","embeddable":true,"href":"https:\/\/diarioregionaldigital.com.br\/index.php?rest_route=%2Fwp%2Fv2%2Fcategories&post=184001"},{"taxonomy":"post_tag","embeddable":true,"href":"https:\/\/diarioregionaldigital.com.br\/index.php?rest_route=%2Fwp%2Fv2%2Ftags&post=184001"}],"curies":[{"name":"wp","href":"https:\/\/api.w.org\/{rel}","templated":true}]}}