{"id":183998,"date":"2021-06-16T18:24:17","date_gmt":"2021-06-16T21:24:17","guid":{"rendered":"https:\/\/diarioregionaldigital.com.br\/?p=183998"},"modified":"2021-06-16T18:24:17","modified_gmt":"2021-06-16T21:24:17","slug":"governo-de-minas-lanca-40-mil-vagas-gratuitas-para-capacitar-estudantes-profissionalmente","status":"publish","type":"post","link":"https:\/\/diarioregionaldigital.com.br\/?p=183998","title":{"rendered":"Governo de Minas lan\u00e7a 40 mil vagas gratuitas para capacitar estudantes profissionalmente"},"content":{"rendered":"<p>O\u00a0<a href=\"http:\/\/www.mg.gov.br\/\" target=\"_blank\" rel=\"noopener\">Governo de Minas<\/a>\u00a0lan\u00e7ou nesta quarta-feira (16\/6) o programa \u201cTrilhas de Futuro\u201d, que vai capacitar cerca de 40 mil jovens e adolescentes para atuar no mercado de trabalho, por meio de forma\u00e7\u00e3o t\u00e9cnica gratuita a partir deste ano. O projeto, em parceria com as Secretarias de Estado de\u00a0<a href=\"http:\/\/www.educacao.mg.gov.br\/\" target=\"_blank\" rel=\"noopener\">Educa\u00e7\u00e3o (SEE)<\/a>, de\u00a0<a href=\"http:\/\/www.desenvolvimento.mg.gov.br\/\" target=\"_blank\" rel=\"noopener\">Desenvolvimento Econ\u00f4mico (Sede)<\/a>\u00a0e de\u00a0<a href=\"http:\/\/www.sedese.mg.gov.br\/\" target=\"_blank\" rel=\"noopener\">Desenvolvimento Social (Sedese)<\/a>, ter\u00e1 investimento de R$ 534,7 milh\u00f5es.<\/p>\n<p>Ao todo, ser\u00e3o disponibilizadas 40 mil vagas para 78 cursos priorizados em 425 munic\u00edpios que apresentaram demanda pelas atividades. Os cursos ser\u00e3o integralmente gratuitos, na modalidade presencial \u2014 respeitando as medidas sanit\u00e1rias de preven\u00e7\u00e3o \u00e0 covid-19 \u2014 e com dura\u00e7\u00e3o de um ano e meio. A expectativa \u00e9 de que as aulas comecem em outubro.<\/p>\n<p>O governador Romeu Zema disse que o projeto vai auxiliar o aquecimento da economia por meio da capacita\u00e7\u00e3o de m\u00e3o de obra qualificada e contribuir para a inclus\u00e3o social de adolescentes, principalmente os estudantes de escolas p\u00fablicas.<\/p>\n<p>\u201cIsso representa um potencial gigantesco para os jovens, que ter\u00e3o acesso a esse curso e tamb\u00e9m a benef\u00edcios como transporte e alimenta\u00e7\u00e3o, porque, muitas vezes, o jovem precisa ter essa ajuda. Eu fico imensamente satisfeito de termos conclu\u00eddo a elabora\u00e7\u00e3o desse projeto. \u00c9 mais um passo muito grande que estamos dando para melhorar o setor produtivo e, ao mesmo tempo, fazermos uma a\u00e7\u00e3o social enorme, que \u00e9 a inclus\u00e3o social de 40 mil jovens\u201d, disse o governador.<\/p>\n<p><strong>P\u00fablico-alvo<\/strong><\/p>\n<p>O projeto \u00e9 voltado para\u00a0estudantes de escolas p\u00fablicas matriculados no 2\u00ba e 3\u00ba ano do ensino m\u00e9dio, al\u00e9m de alunos da Educa\u00e7\u00e3o de Jovens e Adultos (EJA). Tamb\u00e9m poder\u00e3o se inscrever adolescentes da rede particular de ensino, al\u00e9m de egressos do sistema educacional \u2014 neste \u00faltimo caso, apenas se houver vagas remanescentes, ap\u00f3s as inscri\u00e7\u00f5es regulares. Todos os contemplados receber\u00e3o vale-alimenta\u00e7\u00e3o e vale-transporte no valor de R$ 18 por aluno.<\/p>\n<p>A secret\u00e1ria de Estado de Educa\u00e7\u00e3o, Julia Sant\u2019Anna, avalia que o projeto \u00e9 uma forma de incentivar a educa\u00e7\u00e3o mineira a se adequar ao curr\u00edculo do Novo Ensino M\u00e9dio, focado na educa\u00e7\u00e3o profissionalizante atrelada \u00e0s disciplinas convencionais.<\/p>\n<p>\u201cA gente tem muita certeza e muita alegria da garantia da empregabilidade desses estudantes ap\u00f3s a conclus\u00e3o dos cursos. Temos a felicidade de compreender tamb\u00e9m que o \u2018Trilhas de Futuro\u2019 visa dar um primeiro passo em rela\u00e7\u00e3o \u00e0 inova\u00e7\u00e3o do Novo Ensino M\u00e9dio. Nosso desejo \u00e9 anunciar a amplia\u00e7\u00e3o dessas vagas no in\u00edcio do ano que vem\u201d, disse a secret\u00e1ria de Educa\u00e7\u00e3o.<\/p>\n<p>A defini\u00e7\u00e3o dos cursos selecionados foi feita ap\u00f3s ampla pesquisa junto ao setor produtivo, com participa\u00e7\u00e3o da Sede e da Sedese, envolvendo 110 empresas de 50 polos industriais do estado. Entre as \u00e1reas com mais ofertas est\u00e3o eletrot\u00e9cnica, enfermagem, sistemas de energia renov\u00e1vel, mec\u00e2nica, mecatr\u00f4nica, vendas, edifica\u00e7\u00f5es e automa\u00e7\u00e3o industrial.<\/p>\n<p>\u201cAo todo, foram milhares de empresas ouvidas. De imediato, identificamos mais de 7.500 vagas em aberto com car\u00eancia de pessoas qualificadas para preencher e mais de 230 ocupa\u00e7\u00f5es com demanda imediata no mercado. Para se ter uma ideia, temos v\u00e1rias empresas que querem ampliar a parceria com o projeto \u2018Trilhas de Futuro\u2019, se comprometendo a absorver essa m\u00e3o de obra durante o curso e imediatamente ap\u00f3s a conclus\u00e3o do curso\u201d, disse o secret\u00e1rio de Estado de Desenvolvimento Econ\u00f4mico, Fernando Passalio.<\/p>\n<p><strong>Confira, a seguir, o cronograma do projeto Trilhas de Futuro, com todas as datas:<\/strong><\/p>\n<p><em>22\/6 a 6\/7 \u2014 Publica\u00e7\u00e3o do edital e per\u00edodo para inscri\u00e7\u00e3o das empresas interessadas em ofertas os cursos<\/p>\n<p>21\/7 \u2014 Publica\u00e7\u00e3o das institui\u00e7\u00f5es selecionadas e dos cursos credenciados<\/p>\n<p>24\/7 \u2014 Publica\u00e7\u00e3o do cat\u00e1logo dos cursos<\/p>\n<p>26\/7 a 11\/8 \u2014 Inscri\u00e7\u00e3o para os estudantes<\/p>\n<p>16\/8 a 6\/9 \u2014 Matr\u00edculas<\/p>\n<p>18\/10 \u2014 In\u00edcio das aulas<\/p>\n<p><\/em>Fonte: Ag\u00eancia Minas<\/p>\n","protected":false},"excerpt":{"rendered":"<p>O\u00a0Governo de Minas\u00a0lan\u00e7ou nesta quarta-feira (16\/6) o programa \u201cTrilhas de Futuro\u201d, que vai capacitar cerca de 40 mil jovens e adolescentes para atuar no mercado de trabalho, por meio de forma\u00e7\u00e3o t\u00e9cnica gratuita a partir deste ano. O projeto, em parceria com as Secretarias de Estado de\u00a0Educa\u00e7\u00e3o (SEE), de\u00a0Desenvolvimento Econ\u00f4mico (Sede)\u00a0e de\u00a0Desenvolvimento Social (Sedese), ter\u00e1 [&hellip;]<\/p>\n","protected":false},"author":246,"featured_media":183999,"comment_status":"closed","ping_status":"closed","sticky":false,"template":"","format":"standard","meta":{"footnotes":""},"categories":[440,254,439],"tags":[],"class_list":["post-183998","post","type-post","status-publish","format-standard","has-post-thumbnail","hentry","category-destaques-do-dia","category-politica","category-ultima-hora"],"_links":{"self":[{"href":"https:\/\/diarioregionaldigital.com.br\/index.php?rest_route=\/wp\/v2\/posts\/183998","targetHints":{"allow":["GET"]}}],"collection":[{"href":"https:\/\/diarioregionaldigital.com.br\/index.php?rest_route=\/wp\/v2\/posts"}],"about":[{"href":"https:\/\/diarioregionaldigital.com.br\/index.php?rest_route=\/wp\/v2\/types\/post"}],"author":[{"embeddable":true,"href":"https:\/\/diarioregionaldigital.com.br\/index.php?rest_route=\/wp\/v2\/users\/246"}],"replies":[{"embeddable":true,"href":"https:\/\/diarioregionaldigital.com.br\/index.php?rest_route=%2Fwp%2Fv2%2Fcomments&post=183998"}],"version-history":[{"count":1,"href":"https:\/\/diarioregionaldigital.com.br\/index.php?rest_route=\/wp\/v2\/posts\/183998\/revisions"}],"predecessor-version":[{"id":184000,"href":"https:\/\/diarioregionaldigital.com.br\/index.php?rest_route=\/wp\/v2\/posts\/183998\/revisions\/184000"}],"wp:featuredmedia":[{"embeddable":true,"href":"https:\/\/diarioregionaldigital.com.br\/index.php?rest_route=\/wp\/v2\/media\/183999"}],"wp:attachment":[{"href":"https:\/\/diarioregionaldigital.com.br\/index.php?rest_route=%2Fwp%2Fv2%2Fmedia&parent=183998"}],"wp:term":[{"taxonomy":"category","embeddable":true,"href":"https:\/\/diarioregionaldigital.com.br\/index.php?rest_route=%2Fwp%2Fv2%2Fcategories&post=183998"},{"taxonomy":"post_tag","embeddable":true,"href":"https:\/\/diarioregionaldigital.com.br\/index.php?rest_route=%2Fwp%2Fv2%2Ftags&post=183998"}],"curies":[{"name":"wp","href":"https:\/\/api.w.org\/{rel}","templated":true}]}}