{"id":183995,"date":"2021-06-16T18:15:54","date_gmt":"2021-06-16T21:15:54","guid":{"rendered":"https:\/\/diarioregionaldigital.com.br\/?p=183995"},"modified":"2021-06-16T18:15:54","modified_gmt":"2021-06-16T21:15:54","slug":"monitor-do-pib-fgv-ve-recuo-de-07-na-atividade-economica-em-abril","status":"publish","type":"post","link":"https:\/\/diarioregionaldigital.com.br\/?p=183995","title":{"rendered":"Monitor do PIB-FGV v\u00ea recuo de 0,7% na atividade econ\u00f4mica em abril"},"content":{"rendered":"<p>O Monitor do PIB-FGV indicou um recuo de 0,7% na atividade econ\u00f4mica em abril, em rela\u00e7\u00e3o a mar\u00e7o, e crescimento de 0,3% no trimestre m\u00f3vel terminado em abril, frente ao conclu\u00eddo em janeiro. Os resultados ocorrem na an\u00e1lise da s\u00e9rie sem os efeitos sazonais.<\/p>\n<p>J\u00e1 na compara\u00e7\u00e3o interanual, a economia avan\u00e7ou 12,3% em abril e 5,3% no trimestre m\u00f3vel completado no mesmo m\u00eas. Em termos monet\u00e1rios, a estimativa \u00e9 que o Produto Interno Bruto (PIB &#8211; a soma de todas as riquezas produzidas pelo pa\u00eds) atingiu, no acumulado do ano at\u00e9 abril de 2021, em valores correntes, R$ 2,7 trilh\u00f5es. Os dados foram divulgados hoje (16), no Rio de Janeiro, pelo Instituto Brasileiro de Economia da Funda\u00e7\u00e3o Getulio Vargas (Ibre\/FGV).<\/p>\n<p>Para o coordenador do Monitor do PIB-FGV, Claudio Considera, o alto crescimento da economia em abril em rela\u00e7\u00e3o ao mesmo m\u00eas de 2020 deve-se \u00e0 compara\u00e7\u00e3o com uma base deprimida, uma vez que, em abril do ano passado, a economia atingiu a maior queda na s\u00e9rie hist\u00f3rica iniciada em 2000.<\/p>\n<p>\u201cIsso fica evidente quando analisada a evolu\u00e7\u00e3o do PIB contra os meses imediatamente anteriores, onde a atividade econ\u00f4mica n\u00e3o tem apresentado desempenho t\u00e3o robusto. Esses resultados mostram que ainda \u00e9 cedo para afirmar que a economia est\u00e1 crescendo de forma sustent\u00e1vel. Para que isso ocorra \u00e9 necess\u00e1rio que um percentual maior da popula\u00e7\u00e3o esteja vacinado [contra a covid-19]\u201d, observou.<\/p>\n<p><strong>Sazonalidade<br \/>\n<\/strong><br \/>\nNeste relat\u00f3rio do Monitor do PIB-FGV, o Ibre fez ainda um exerc\u00edcio adicional utilizando a s\u00e9rie com ajuste sazonal [t\u00edpico de determinada esta\u00e7\u00e3o ou \u00e9poca], porque a pandemia influenciou os fatores sazonais de 2020, que podem n\u00e3o estar relacionados \u00e0 sazonalidade.<\/p>\n<p>Segundo o relat\u00f3rio, alguns institutos de estat\u00edstica internacionais t\u00eam feito an\u00e1lises desses impactos e, por isso, al\u00e9m do ajuste sazonal habitual referente ao per\u00edodo de janeiro de 2000 a abril de 2021, foi realizado, adicionalmente, o ajuste sazonal para 2020 e 2021 \u201cconsiderando os fatores sazonais referentes a 2019 e o fator calend\u00e1rio corrente\u201d.<\/p>\n<p>Conforme os resultados, caso os fatores sazonais da s\u00e9rie do PIB utilizados sejam aqueles do per\u00edodo de 2000 at\u00e9 2019, a taxa de varia\u00e7\u00e3o em abril de 2021 seria de -1,5%, menor que a de -0,7% observada considerando todo o per\u00edodo de 2000 at\u00e9 abril de 2021.<\/p>\n<p>\u201cEsses resultados sugerem que as taxas ajustadas sazonalmente devem ser analisadas com cautela, pois a pandemia pode ter influenciado os fatores sazonais n\u00e3o apenas por raz\u00f5es econ\u00f4micas como tamb\u00e9m estat\u00edsticas\u201d, recomendou o relat\u00f3rio da FGV.<\/p>\n<p><strong>Fam\u00edlias<br \/>\n<\/strong><br \/>\nO consumo das fam\u00edlias avan\u00e7ou 4% entre fevereiro e abril, na compara\u00e7\u00e3o com o mesmo per\u00edodo do ano passado. Houve crescimento em todos os componentes do consumo. Os destaques foram o crescimento significativo dos produtos dur\u00e1veis (29,1%) e semidur\u00e1veis (24,2%). \u201c\u00c9 importante destacar que o consumo de servi\u00e7os cresceu pela primeira vez desde janeiro de 2020\u201d, comentou o Ibre.<\/p>\n<p><strong>Capital<br \/>\n<\/strong><br \/>\nA Forma\u00e7\u00e3o Bruta de Capital Fixo (FBCF), investimentos das empresas realizados em determinado tempo, que permitem o aumento da capacidade produtiva da economia, cresceu 17,3% no trimestre m\u00f3vel terminado em abril em compara\u00e7\u00e3o ao mesmo per\u00edodo do ano passado. \u201cMais uma vez, pelo quarto m\u00eas consecutivo, todos os componentes da FBCF apresentaram crescimento, sendo o principal destaque o componente de m\u00e1quinas e equipamentos\u201d, indicou.<\/p>\n<p><strong>Exporta\u00e7\u00e3o<\/strong><\/p>\n<p>As exporta\u00e7\u00f5es tamb\u00e9m aumentaram no trimestre m\u00f3vel conclu\u00eddo em abril. A alta ficou em 9,5%, em compara\u00e7\u00e3o ao mesmo per\u00edodo de 2020. O resultado, segundo a avalia\u00e7\u00e3o do Ibre, deve-se ao crescimento de todos os segmentos exportados, com exce\u00e7\u00e3o dos produtos da extrativa mineral.<\/p>\n<p><strong>Importa\u00e7\u00e3o<br \/>\n<\/strong><br \/>\nA importa\u00e7\u00e3o tamb\u00e9m registrou crescimento elevado de 20,7% no trimestre m\u00f3vel findo em abril, em compara\u00e7\u00e3o ao mesmo per\u00edodo do ano passado. O desempenho foi influenciado principalmente pelo crescimento de bens intermedi\u00e1rios.<\/p>\n<p>\u201cA importa\u00e7\u00e3o dos servi\u00e7os, embora tenha sido a \u00fanica queda da importa\u00e7\u00e3o nesse trimestre (-0,9%), j\u00e1 sinaliza melhora em compara\u00e7\u00e3o com as fortes quedas apresentadas nos trimestres anteriores\u201d, finalizou o Ibre.<\/p>\n<p><span style=\"font-weight: 400;\">Fonte: Ag\u00eancia Brasil <\/span><\/p>\n","protected":false},"excerpt":{"rendered":"<p>O Monitor do PIB-FGV indicou um recuo de 0,7% na atividade econ\u00f4mica em abril, em rela\u00e7\u00e3o a mar\u00e7o, e crescimento de 0,3% no trimestre m\u00f3vel terminado em abril, frente ao conclu\u00eddo em janeiro. Os resultados ocorrem na an\u00e1lise da s\u00e9rie sem os efeitos sazonais. J\u00e1 na compara\u00e7\u00e3o interanual, a economia avan\u00e7ou 12,3% em abril e [&hellip;]<\/p>\n","protected":false},"author":246,"featured_media":183996,"comment_status":"closed","ping_status":"closed","sticky":false,"template":"","format":"standard","meta":{"footnotes":""},"categories":[436,261,439],"tags":[],"class_list":["post-183995","post","type-post","status-publish","format-standard","has-post-thumbnail","hentry","category-destaque-da-semana","category-economia","category-ultima-hora"],"_links":{"self":[{"href":"https:\/\/diarioregionaldigital.com.br\/index.php?rest_route=\/wp\/v2\/posts\/183995","targetHints":{"allow":["GET"]}}],"collection":[{"href":"https:\/\/diarioregionaldigital.com.br\/index.php?rest_route=\/wp\/v2\/posts"}],"about":[{"href":"https:\/\/diarioregionaldigital.com.br\/index.php?rest_route=\/wp\/v2\/types\/post"}],"author":[{"embeddable":true,"href":"https:\/\/diarioregionaldigital.com.br\/index.php?rest_route=\/wp\/v2\/users\/246"}],"replies":[{"embeddable":true,"href":"https:\/\/diarioregionaldigital.com.br\/index.php?rest_route=%2Fwp%2Fv2%2Fcomments&post=183995"}],"version-history":[{"count":1,"href":"https:\/\/diarioregionaldigital.com.br\/index.php?rest_route=\/wp\/v2\/posts\/183995\/revisions"}],"predecessor-version":[{"id":183997,"href":"https:\/\/diarioregionaldigital.com.br\/index.php?rest_route=\/wp\/v2\/posts\/183995\/revisions\/183997"}],"wp:featuredmedia":[{"embeddable":true,"href":"https:\/\/diarioregionaldigital.com.br\/index.php?rest_route=\/wp\/v2\/media\/183996"}],"wp:attachment":[{"href":"https:\/\/diarioregionaldigital.com.br\/index.php?rest_route=%2Fwp%2Fv2%2Fmedia&parent=183995"}],"wp:term":[{"taxonomy":"category","embeddable":true,"href":"https:\/\/diarioregionaldigital.com.br\/index.php?rest_route=%2Fwp%2Fv2%2Fcategories&post=183995"},{"taxonomy":"post_tag","embeddable":true,"href":"https:\/\/diarioregionaldigital.com.br\/index.php?rest_route=%2Fwp%2Fv2%2Ftags&post=183995"}],"curies":[{"name":"wp","href":"https:\/\/api.w.org\/{rel}","templated":true}]}}