{"id":183986,"date":"2021-06-15T22:43:11","date_gmt":"2021-06-16T01:43:11","guid":{"rendered":"https:\/\/diarioregionaldigital.com.br\/?p=183986"},"modified":"2021-06-15T22:43:11","modified_gmt":"2021-06-16T01:43:11","slug":"policia-militar-atende-vitima-de-roubo-no-bairro-santa-lucia","status":"publish","type":"post","link":"https:\/\/diarioregionaldigital.com.br\/?p=183986","title":{"rendered":"Pol\u00edcia Militar atende v\u00edtima de roubo no bairro Santa L\u00facia"},"content":{"rendered":"<p>Na noite de segunda-feira, 14jun21 por volta das 22h27min, compareceu a sede da Pol\u00edcia Militar no bairro Santa L\u00facia um homem de 26 anos v\u00edtima de roubo. Segundo relato, transitava pela Rua Tenente Guimar\u00e3es quando foi abordado por tr\u00eas indiv\u00edduos que utilizando de for\u00e7a f\u00edsica, subtra\u00edram uma alian\u00e7a, um telefone celular, a quantia de R$ 111,00 em dinheiro, cart\u00e3o de cr\u00e9dito e d\u00e9bito. Os autores fugiram ap\u00f3s a\u00e7\u00e3o criminosa tomando rumo ignorado. A v\u00edtima aparentava claros sinais de estar sob efeito de \u00e1lcool e n\u00e3o conseguiu fornecer mais informa\u00e7\u00f5es dos autores. Foi assim, devidamente orientada quanto \u00e0s demais provid\u00eancias. A Pol\u00edcia Militar segue em rastreamento.<\/p>\n","protected":false},"excerpt":{"rendered":"<p>Na noite de segunda-feira, 14jun21 por volta das 22h27min, compareceu a sede da Pol\u00edcia Militar no bairro Santa L\u00facia um homem de 26 anos v\u00edtima de roubo. Segundo relato, transitava pela Rua Tenente Guimar\u00e3es quando foi abordado por tr\u00eas indiv\u00edduos que utilizando de for\u00e7a f\u00edsica, subtra\u00edram uma alian\u00e7a, um telefone celular, a quantia de R$ [&hellip;]<\/p>\n","protected":false},"author":246,"featured_media":183987,"comment_status":"closed","ping_status":"closed","sticky":false,"template":"","format":"standard","meta":{"footnotes":""},"categories":[301,1229],"tags":[],"class_list":["post-183986","post","type-post","status-publish","format-standard","has-post-thumbnail","hentry","category-artigos-policiais","category-policial"],"_links":{"self":[{"href":"https:\/\/diarioregionaldigital.com.br\/index.php?rest_route=\/wp\/v2\/posts\/183986","targetHints":{"allow":["GET"]}}],"collection":[{"href":"https:\/\/diarioregionaldigital.com.br\/index.php?rest_route=\/wp\/v2\/posts"}],"about":[{"href":"https:\/\/diarioregionaldigital.com.br\/index.php?rest_route=\/wp\/v2\/types\/post"}],"author":[{"embeddable":true,"href":"https:\/\/diarioregionaldigital.com.br\/index.php?rest_route=\/wp\/v2\/users\/246"}],"replies":[{"embeddable":true,"href":"https:\/\/diarioregionaldigital.com.br\/index.php?rest_route=%2Fwp%2Fv2%2Fcomments&post=183986"}],"version-history":[{"count":1,"href":"https:\/\/diarioregionaldigital.com.br\/index.php?rest_route=\/wp\/v2\/posts\/183986\/revisions"}],"predecessor-version":[{"id":183988,"href":"https:\/\/diarioregionaldigital.com.br\/index.php?rest_route=\/wp\/v2\/posts\/183986\/revisions\/183988"}],"wp:featuredmedia":[{"embeddable":true,"href":"https:\/\/diarioregionaldigital.com.br\/index.php?rest_route=\/wp\/v2\/media\/183987"}],"wp:attachment":[{"href":"https:\/\/diarioregionaldigital.com.br\/index.php?rest_route=%2Fwp%2Fv2%2Fmedia&parent=183986"}],"wp:term":[{"taxonomy":"category","embeddable":true,"href":"https:\/\/diarioregionaldigital.com.br\/index.php?rest_route=%2Fwp%2Fv2%2Fcategories&post=183986"},{"taxonomy":"post_tag","embeddable":true,"href":"https:\/\/diarioregionaldigital.com.br\/index.php?rest_route=%2Fwp%2Fv2%2Ftags&post=183986"}],"curies":[{"name":"wp","href":"https:\/\/api.w.org\/{rel}","templated":true}]}}