{"id":183983,"date":"2021-06-15T22:41:04","date_gmt":"2021-06-16T01:41:04","guid":{"rendered":"https:\/\/diarioregionaldigital.com.br\/?p=183983"},"modified":"2021-06-15T22:41:04","modified_gmt":"2021-06-16T01:41:04","slug":"estado-registra-52-novos-obitos-por-covid-19-nas-ultimas-24-horas","status":"publish","type":"post","link":"https:\/\/diarioregionaldigital.com.br\/?p=183983","title":{"rendered":"Estado registra 52 novos \u00f3bitos por Covid-19 nas \u00faltimas 24 horas"},"content":{"rendered":"<p>A Secretaria de Estado da Sa\u00fade de Minas Gerais (SES-MG), publicou nesta ter\u00e7a-feira (15), <a href=\"https:\/\/coronavirus.saude.mg.gov.br\/images\/1_2021\/01-boletim\/06-junho\/15-06-COVID-19_BOLETIM20210615.pdf\">o novo boletim<\/a> referente ao Coronav\u00edrus. O levantamento aponta que o estado notificou mais 9.719 novos casos da doen\u00e7a, totalizando 1.694.681 pessoas infectadas. Os dados indicam que foram registradas mais\u00a0 52 mortes, contabilizando 43.206 \u00f3bitos.<\/p>\n<p>Al\u00e9m disso, 1.558.918 pacientes est\u00e3o recuperados da doen\u00e7a, representando 92,2 % dos casos. Quanto aos dados de hospitaliza\u00e7\u00e3o, 148.110 estiveram internados e 1.546.571 j\u00e1 fizeram isolamento domiciliar. At\u00e9 o momento, 5.508.598 pessoas receberam a primeira dose da vacina e 2.570.620 a segunda.<\/p>\n","protected":false},"excerpt":{"rendered":"<p>A Secretaria de Estado da Sa\u00fade de Minas Gerais (SES-MG), publicou nesta ter\u00e7a-feira (15), o novo boletim referente ao Coronav\u00edrus. O levantamento aponta que o estado notificou mais 9.719 novos casos da doen\u00e7a, totalizando 1.694.681 pessoas infectadas. Os dados indicam que foram registradas mais\u00a0 52 mortes, contabilizando 43.206 \u00f3bitos. Al\u00e9m disso, 1.558.918 pacientes est\u00e3o recuperados [&hellip;]<\/p>\n","protected":false},"author":246,"featured_media":183984,"comment_status":"closed","ping_status":"closed","sticky":false,"template":"","format":"standard","meta":{"footnotes":""},"categories":[252,439],"tags":[],"class_list":["post-183983","post","type-post","status-publish","format-standard","has-post-thumbnail","hentry","category-regiao","category-ultima-hora"],"_links":{"self":[{"href":"https:\/\/diarioregionaldigital.com.br\/index.php?rest_route=\/wp\/v2\/posts\/183983","targetHints":{"allow":["GET"]}}],"collection":[{"href":"https:\/\/diarioregionaldigital.com.br\/index.php?rest_route=\/wp\/v2\/posts"}],"about":[{"href":"https:\/\/diarioregionaldigital.com.br\/index.php?rest_route=\/wp\/v2\/types\/post"}],"author":[{"embeddable":true,"href":"https:\/\/diarioregionaldigital.com.br\/index.php?rest_route=\/wp\/v2\/users\/246"}],"replies":[{"embeddable":true,"href":"https:\/\/diarioregionaldigital.com.br\/index.php?rest_route=%2Fwp%2Fv2%2Fcomments&post=183983"}],"version-history":[{"count":1,"href":"https:\/\/diarioregionaldigital.com.br\/index.php?rest_route=\/wp\/v2\/posts\/183983\/revisions"}],"predecessor-version":[{"id":183985,"href":"https:\/\/diarioregionaldigital.com.br\/index.php?rest_route=\/wp\/v2\/posts\/183983\/revisions\/183985"}],"wp:featuredmedia":[{"embeddable":true,"href":"https:\/\/diarioregionaldigital.com.br\/index.php?rest_route=\/wp\/v2\/media\/183984"}],"wp:attachment":[{"href":"https:\/\/diarioregionaldigital.com.br\/index.php?rest_route=%2Fwp%2Fv2%2Fmedia&parent=183983"}],"wp:term":[{"taxonomy":"category","embeddable":true,"href":"https:\/\/diarioregionaldigital.com.br\/index.php?rest_route=%2Fwp%2Fv2%2Fcategories&post=183983"},{"taxonomy":"post_tag","embeddable":true,"href":"https:\/\/diarioregionaldigital.com.br\/index.php?rest_route=%2Fwp%2Fv2%2Ftags&post=183983"}],"curies":[{"name":"wp","href":"https:\/\/api.w.org\/{rel}","templated":true}]}}