{"id":183951,"date":"2021-06-15T17:20:56","date_gmt":"2021-06-15T20:20:56","guid":{"rendered":"https:\/\/diarioregionaldigital.com.br\/?p=183951"},"modified":"2021-06-15T17:20:56","modified_gmt":"2021-06-15T20:20:56","slug":"limpeza-nas-margens-do-corrego-da-tapera-e-no-santa-terezinha-sao-realizadas-pelo-demlurb","status":"publish","type":"post","link":"https:\/\/diarioregionaldigital.com.br\/?p=183951","title":{"rendered":"Limpeza nas margens do C\u00f3rrego da Tapera e no Santa Terezinha s\u00e3o realizadas pelo Demlurb"},"content":{"rendered":"<p>As equipes do Departamento Municipal de Limpeza Urbana (Demlurb) prosseguem com a limpeza na Rua Josu\u00e9 de Queiroz, no Santa Terezinha. Os trabalhos de ro\u00e7ada e capina foram iniciados na manh\u00e3 da \u00faltima segunda-feira, 14, e ser\u00e3o realizados nas margens do c\u00f3rrego da Tapera e em toda via no entorno.<\/p>\n<p>Segundo informa\u00e7\u00f5es do site da Prefeitura de Juiz de Fora, a diretora Operacional do Demlurb, \u00darsula Zimmermann, destaca que \u201co servi\u00e7o no local estava programado h\u00e1 mais de um m\u00eas para ser iniciado, mas foi necess\u00e1rio finalizar outras a\u00e7\u00f5es previamente agendadas e todas elas precisam ser terminadas impreterivelmente. Todas as \u00e1reas atendidas no munic\u00edpio merecem aten\u00e7\u00e3o e presta\u00e7\u00e3o de um servi\u00e7o de qualidade\u201d, refor\u00e7a.<\/p>\n<p><b>Gabinete de A\u00e7\u00e3o e Di\u00e1logo Comunit\u00e1rio<\/b><\/p>\n<p>As solicita\u00e7\u00f5es de servi\u00e7os de zeladoria devem ser feitas no Gabinete de A\u00e7\u00e3o e Di\u00e1logo Comunit\u00e1rio, que recebe e organiza os pedidos em um sistema integrado com outros setores da Prefeitura. O contato pode ser feito pelo telefone (32) 3690-7241, atrav\u00e9s de liga\u00e7\u00e3o ou via WhatsApp para o mesmo n\u00famero.<\/p>\n<p>Diariamente, a Secretaria de Governo disponibiliza a lista dos servi\u00e7os que ser\u00e3o realizados pela PJF em cada bairro por meio do hotsite criado pela Secretaria de Comunica\u00e7\u00e3o P\u00fablica (Secom) do\u00a0<a href=\"https:\/\/www.pjf.mg.gov.br\/gabinetecomunitario\/\"><b>Gabinete de A\u00e7\u00e3o e Di\u00e1logo Comunit\u00e1rio<\/b><\/a><\/p>\n<p><b>Demlurb Informa<\/b><\/p>\n<p>No\u00a0<a href=\"https:\/\/www.pjf.mg.gov.br\/noticias\/view.php?modo=link2&amp;idnoticia2=71179\"><b>site do Demlurb<\/b><\/a>\u00a0est\u00e3o dispon\u00edveis informa\u00e7\u00f5es sobre alguns dos principais servi\u00e7os relacionados ao descarte de res\u00edduos, suas especifica\u00e7\u00f5es, locais de entrega, dados estat\u00edsticos, parcerias e conv\u00eanios com o \u00f3rg\u00e3o p\u00fablico municipal.<\/p>\n","protected":false},"excerpt":{"rendered":"<p>As equipes do Departamento Municipal de Limpeza Urbana (Demlurb) prosseguem com a limpeza na Rua Josu\u00e9 de Queiroz, no Santa Terezinha. Os trabalhos de ro\u00e7ada e capina foram iniciados na manh\u00e3 da \u00faltima segunda-feira, 14, e ser\u00e3o realizados nas margens do c\u00f3rrego da Tapera e em toda via no entorno. Segundo informa\u00e7\u00f5es do site da [&hellip;]<\/p>\n","protected":false},"author":246,"featured_media":183952,"comment_status":"closed","ping_status":"closed","sticky":false,"template":"","format":"standard","meta":{"footnotes":""},"categories":[253,436,439],"tags":[],"class_list":["post-183951","post","type-post","status-publish","format-standard","has-post-thumbnail","hentry","category-cidade","category-destaque-da-semana","category-ultima-hora"],"_links":{"self":[{"href":"https:\/\/diarioregionaldigital.com.br\/index.php?rest_route=\/wp\/v2\/posts\/183951","targetHints":{"allow":["GET"]}}],"collection":[{"href":"https:\/\/diarioregionaldigital.com.br\/index.php?rest_route=\/wp\/v2\/posts"}],"about":[{"href":"https:\/\/diarioregionaldigital.com.br\/index.php?rest_route=\/wp\/v2\/types\/post"}],"author":[{"embeddable":true,"href":"https:\/\/diarioregionaldigital.com.br\/index.php?rest_route=\/wp\/v2\/users\/246"}],"replies":[{"embeddable":true,"href":"https:\/\/diarioregionaldigital.com.br\/index.php?rest_route=%2Fwp%2Fv2%2Fcomments&post=183951"}],"version-history":[{"count":1,"href":"https:\/\/diarioregionaldigital.com.br\/index.php?rest_route=\/wp\/v2\/posts\/183951\/revisions"}],"predecessor-version":[{"id":183953,"href":"https:\/\/diarioregionaldigital.com.br\/index.php?rest_route=\/wp\/v2\/posts\/183951\/revisions\/183953"}],"wp:featuredmedia":[{"embeddable":true,"href":"https:\/\/diarioregionaldigital.com.br\/index.php?rest_route=\/wp\/v2\/media\/183952"}],"wp:attachment":[{"href":"https:\/\/diarioregionaldigital.com.br\/index.php?rest_route=%2Fwp%2Fv2%2Fmedia&parent=183951"}],"wp:term":[{"taxonomy":"category","embeddable":true,"href":"https:\/\/diarioregionaldigital.com.br\/index.php?rest_route=%2Fwp%2Fv2%2Fcategories&post=183951"},{"taxonomy":"post_tag","embeddable":true,"href":"https:\/\/diarioregionaldigital.com.br\/index.php?rest_route=%2Fwp%2Fv2%2Ftags&post=183951"}],"curies":[{"name":"wp","href":"https:\/\/api.w.org\/{rel}","templated":true}]}}