{"id":183948,"date":"2021-06-15T17:17:22","date_gmt":"2021-06-15T20:17:22","guid":{"rendered":"https:\/\/diarioregionaldigital.com.br\/?p=183948"},"modified":"2021-06-15T17:17:22","modified_gmt":"2021-06-15T20:17:22","slug":"secretaria-de-obras-atua-nas-regioes-central-norte-sul-leste-sudeste-nordeste-e-rural","status":"publish","type":"post","link":"https:\/\/diarioregionaldigital.com.br\/?p=183948","title":{"rendered":"Secretaria de Obras atua nas regi\u00f5es Central, Norte, Sul, Leste, Sudeste, Nordeste e Rural"},"content":{"rendered":"<p>Nesta ter\u00e7a-feira, 15, a equipe do Setor El\u00e9trico e Ilumina\u00e7\u00e3o P\u00fablica concentra esfor\u00e7os nas zonas Norte, Nordeste, Leste, Sudeste, Sul e no Centro. A Opera\u00e7\u00e3o \u201cBrilha JF\u201d segue realizando manuten\u00e7\u00e3o em l\u00e2mpadas apagadas. J\u00e1 o Departamento de Estradas Vicinais realiza uma nova a\u00e7\u00e3o na Estrada Crici\u00fama, em Ros\u00e1rio de Minas, al\u00e9m de prosseguir com 4 interven\u00e7\u00f5es na Zona Rural de Juiz de Fora.<\/p>\n<p>Segundo informa\u00e7\u00f5es do site da Prefeitura de Juiz de Fora, no cronograma do Departamento de Opera\u00e7\u00e3o e Manuten\u00e7\u00e3o em Obras (Domo) est\u00e3o previstas interven\u00e7\u00f5es no Centro, Jardim dos Alfineiros, Parque das \u00c1guas, Granjas Bet\u00e2nia, S\u00e3o Dimas, Santos Anjos, Teixeiras, Borboleta, Grama, Vila Alpina, S\u00e3o Benedito, Santa Catarina, Bom Pastor, Lourdes e Porteirinha Cai\u00e7aras.<\/p>\n<p>Confira abaixo a programa\u00e7\u00e3o com as localidades onde acontecem as interven\u00e7\u00f5es da Secretaria de Obras (SO) da Prefeitura de Juiz de Fora (PJF) nesta ter\u00e7a-feira, 15:<\/p>\n<p><b>Obras<\/b><\/p>\n<p>Interven\u00e7\u00f5es em continuidade:<\/p>\n<p>-Corre\u00e7\u00e3o de eros\u00e3o pluvial na Avenida Lu\u00edza Vict\u00f3ria Fernandes &#8211; Jardim dos Alfineiros<br \/>\n-Constru\u00e7\u00e3o de rede de \u00e1gua pluvial na Rua Paulo Moreira Guedes &#8211; ligando Monte Castelo ao Parque das \u00c1guas<br \/>\n-Coloca\u00e7\u00e3o de meio fio na Rua Rog\u00e9rio Fernandes Scoralick &#8211; Parque Das \u00c1guas<br \/>\n-Corre\u00e7\u00e3o de eros\u00e3o pluvial na Rua Nestor Mageste Netto &#8211; Granjas Bet\u00e2nia<br \/>\n-Corre\u00e7\u00e3o de eros\u00e3o pluvial (encabe\u00e7amento) na margem do Rio Paraibuna &#8211; Avenida Brasil, S\u00e3o Dimas<br \/>\n-Reforma da Casa da Mulher na Avenida Garibaldi Campinhos &#8211; Santos Anjos<br \/>\n-Reforma de passeio na Ubs Teixeiras na Rua Cust\u00f3dio Furtado de Souza &#8211; Teixeiras<br \/>\n-Retirada de barreira na Rua S\u00e3o Louren\u00e7o &#8211; Borboleta<br \/>\n-Limpeza de boca-de-lobo nas ruas do bairro Parque das \u00c1guas<\/p>\n<p>Novas interven\u00e7\u00f5es:<\/p>\n<p>-Limpeza parcial do c\u00f3rrego do grama &#8211; Grama<br \/>\n-Limpeza de boca-de-lobo na Rua Santo Ant\u00f4nio &#8211; Centro<br \/>\n-Limpeza de boca-de-lobo na Rua Doutor Eurico Viana &#8211; Vila Alpina<br \/>\n-Limpeza de boca-de-lobo na Rua Caxambu &#8211; S\u00e3o Benedito<br \/>\n-Limpeza de boca-de-lobo e canaletas de \u00e1gua pluvial na Avenida Get\u00falio Vargas &#8211; Centro<br \/>\n-Limpeza de boca-de-lobo e assentamento de grade na Rua Cristovam Molinari &#8211; Santa Catarina<br \/>\n-Vistoria de eros\u00e3o na Rua Dos Tabajaras &#8211; Bom Pastor<br \/>\n-Vistoria de eros\u00e3o no bairro de Lourdes<br \/>\n-Retirada de terra na Avenida Senhor Dos Passos &#8211; Porteirinha Cai\u00e7aras<\/p>\n<p><b>Estradas Vicinais<\/b><\/p>\n<p>Interven\u00e7\u00f5es em continuidade:<\/p>\n<p>-Coloca\u00e7\u00e3o de esc\u00f3ria em pontos cr\u00edticos na Estrada principal de Pires<br \/>\n-Coloca\u00e7\u00e3o de esc\u00f3ria em pontos cr\u00edticos na Estrada de Valadares a Ros\u00e1rio de Minas<br \/>\n-Patrolamento e lan\u00e7amento de esc\u00f3ria em pontos cr\u00edticos na Estrada do Pernambuco &#8211; -Goiabal\/Monte Verde<br \/>\n-Patrolamento na Estrada da Jazida &#8211; Pires<\/p>\n<p>Novas interven\u00e7\u00f5es:<\/p>\n<p>-Reforma de mata-burro na Estrada Crici\u00fama &#8211; Ros\u00e1rio de Minas<\/p>\n","protected":false},"excerpt":{"rendered":"<p>Nesta ter\u00e7a-feira, 15, a equipe do Setor El\u00e9trico e Ilumina\u00e7\u00e3o P\u00fablica concentra esfor\u00e7os nas zonas Norte, Nordeste, Leste, Sudeste, Sul e no Centro. A Opera\u00e7\u00e3o \u201cBrilha JF\u201d segue realizando manuten\u00e7\u00e3o em l\u00e2mpadas apagadas. J\u00e1 o Departamento de Estradas Vicinais realiza uma nova a\u00e7\u00e3o na Estrada Crici\u00fama, em Ros\u00e1rio de Minas, al\u00e9m de prosseguir com 4 [&hellip;]<\/p>\n","protected":false},"author":246,"featured_media":183949,"comment_status":"closed","ping_status":"closed","sticky":false,"template":"","format":"standard","meta":{"footnotes":""},"categories":[253,436,439],"tags":[],"class_list":["post-183948","post","type-post","status-publish","format-standard","has-post-thumbnail","hentry","category-cidade","category-destaque-da-semana","category-ultima-hora"],"_links":{"self":[{"href":"https:\/\/diarioregionaldigital.com.br\/index.php?rest_route=\/wp\/v2\/posts\/183948","targetHints":{"allow":["GET"]}}],"collection":[{"href":"https:\/\/diarioregionaldigital.com.br\/index.php?rest_route=\/wp\/v2\/posts"}],"about":[{"href":"https:\/\/diarioregionaldigital.com.br\/index.php?rest_route=\/wp\/v2\/types\/post"}],"author":[{"embeddable":true,"href":"https:\/\/diarioregionaldigital.com.br\/index.php?rest_route=\/wp\/v2\/users\/246"}],"replies":[{"embeddable":true,"href":"https:\/\/diarioregionaldigital.com.br\/index.php?rest_route=%2Fwp%2Fv2%2Fcomments&post=183948"}],"version-history":[{"count":1,"href":"https:\/\/diarioregionaldigital.com.br\/index.php?rest_route=\/wp\/v2\/posts\/183948\/revisions"}],"predecessor-version":[{"id":183950,"href":"https:\/\/diarioregionaldigital.com.br\/index.php?rest_route=\/wp\/v2\/posts\/183948\/revisions\/183950"}],"wp:featuredmedia":[{"embeddable":true,"href":"https:\/\/diarioregionaldigital.com.br\/index.php?rest_route=\/wp\/v2\/media\/183949"}],"wp:attachment":[{"href":"https:\/\/diarioregionaldigital.com.br\/index.php?rest_route=%2Fwp%2Fv2%2Fmedia&parent=183948"}],"wp:term":[{"taxonomy":"category","embeddable":true,"href":"https:\/\/diarioregionaldigital.com.br\/index.php?rest_route=%2Fwp%2Fv2%2Fcategories&post=183948"},{"taxonomy":"post_tag","embeddable":true,"href":"https:\/\/diarioregionaldigital.com.br\/index.php?rest_route=%2Fwp%2Fv2%2Ftags&post=183948"}],"curies":[{"name":"wp","href":"https:\/\/api.w.org\/{rel}","templated":true}]}}