{"id":183945,"date":"2021-06-15T17:12:17","date_gmt":"2021-06-15T20:12:17","guid":{"rendered":"https:\/\/diarioregionaldigital.com.br\/?p=183945"},"modified":"2021-06-15T17:12:17","modified_gmt":"2021-06-15T20:12:17","slug":"centro-de-juiz-de-fora-recebe-instalacao-de-luminarias-em-led","status":"publish","type":"post","link":"https:\/\/diarioregionaldigital.com.br\/?p=183945","title":{"rendered":"Centro de Juiz de Fora recebe instala\u00e7\u00e3o de lumin\u00e1rias em LED"},"content":{"rendered":"<p>O Departamento de Ilumina\u00e7\u00e3o P\u00fablica da Prefeitura de Juiz de Fora (PJF) iniciou a instala\u00e7\u00e3o de lumin\u00e1rias de LED no centro comercial, entre a Rua Esp\u00edrito Santo e a Rua S\u00e3o Sebasti\u00e3o, no per\u00edmetro que vai da Avenida Rio Branco at\u00e9 a Rua Francisco Bernardino. Ao todo, dez vias receber\u00e3o a tecnologia.<\/p>\n<p>Segundo informa\u00e7\u00f5es do site da Prefeitura de Juiz de Fora, esta nova ilumina\u00e7\u00e3o proporciona mais luminosidade e economia no consumo de energia el\u00e9trica. Ser\u00e3o contempladas as partes baixas das ruas Esp\u00edrito Santo, Barbosa Lima, Santa Rita, Bar\u00e3o de S\u00e3o Jo\u00e3o Nepomuceno, Halfeld, Marechal Deodoro, Mister Moore, Floriano Peixoto e S\u00e3o Sebasti\u00e3o, al\u00e9m da rua Jarbas de Lery Santos.<\/p>\n<p>Como conta o engenheiro chefe do departamento de Ilumina\u00e7\u00e3o P\u00fablica, Wilson Ferrareze, mais de 1.500 lumin\u00e1rias de LED j\u00e1 foram instaladas na cidade. \u201cO projeto de instala\u00e7\u00e3o de lumin\u00e1rias de LED em Juiz de Fora leva em considera\u00e7\u00e3o ruas estrat\u00e9gicas da cidade, n\u00e3o existindo privil\u00e9gio ou discrimina\u00e7\u00e3o, e sim uma adequa\u00e7\u00e3o do equipamento \u00e0s vias\u201d, ressalta Ferrareze.<\/p>\n<p>O subsecret\u00e1rio Richard Tavares, que coordena o Gabinete de A\u00e7\u00e3o e Di\u00e1logo Comunit\u00e1rio (GADC), destaca a import\u00e2ncia de garantir a ilumina\u00e7\u00e3o na parte comercial do centro. \u201cQueremos que a ilumina\u00e7\u00e3o em LED chegue em todas as ruas de Juiz de Fora. Nesse momento, para beneficiar o maior n\u00famero poss\u00edvel de cidad\u00e3os, priorizamos substituir as lumin\u00e1rias em vias com grande circula\u00e7\u00e3o de pessoas e que d\u00e3o acesso a muitos bairros. Identificamos que no centro comercial h\u00e1 grande demanda, j\u00e1 que moradores de diversas regi\u00f5es do munic\u00edpio passam por ali todos os dias. A nova ilumina\u00e7\u00e3o vai trazer mais seguran\u00e7a, al\u00e9m de economia e luminosidade\u201d, afirma.<\/p>\n","protected":false},"excerpt":{"rendered":"<p>O Departamento de Ilumina\u00e7\u00e3o P\u00fablica da Prefeitura de Juiz de Fora (PJF) iniciou a instala\u00e7\u00e3o de lumin\u00e1rias de LED no centro comercial, entre a Rua Esp\u00edrito Santo e a Rua S\u00e3o Sebasti\u00e3o, no per\u00edmetro que vai da Avenida Rio Branco at\u00e9 a Rua Francisco Bernardino. Ao todo, dez vias receber\u00e3o a tecnologia. Segundo informa\u00e7\u00f5es do [&hellip;]<\/p>\n","protected":false},"author":246,"featured_media":183946,"comment_status":"closed","ping_status":"closed","sticky":false,"template":"","format":"standard","meta":{"footnotes":""},"categories":[253,440,439],"tags":[],"class_list":["post-183945","post","type-post","status-publish","format-standard","has-post-thumbnail","hentry","category-cidade","category-destaques-do-dia","category-ultima-hora"],"_links":{"self":[{"href":"https:\/\/diarioregionaldigital.com.br\/index.php?rest_route=\/wp\/v2\/posts\/183945","targetHints":{"allow":["GET"]}}],"collection":[{"href":"https:\/\/diarioregionaldigital.com.br\/index.php?rest_route=\/wp\/v2\/posts"}],"about":[{"href":"https:\/\/diarioregionaldigital.com.br\/index.php?rest_route=\/wp\/v2\/types\/post"}],"author":[{"embeddable":true,"href":"https:\/\/diarioregionaldigital.com.br\/index.php?rest_route=\/wp\/v2\/users\/246"}],"replies":[{"embeddable":true,"href":"https:\/\/diarioregionaldigital.com.br\/index.php?rest_route=%2Fwp%2Fv2%2Fcomments&post=183945"}],"version-history":[{"count":1,"href":"https:\/\/diarioregionaldigital.com.br\/index.php?rest_route=\/wp\/v2\/posts\/183945\/revisions"}],"predecessor-version":[{"id":183947,"href":"https:\/\/diarioregionaldigital.com.br\/index.php?rest_route=\/wp\/v2\/posts\/183945\/revisions\/183947"}],"wp:featuredmedia":[{"embeddable":true,"href":"https:\/\/diarioregionaldigital.com.br\/index.php?rest_route=\/wp\/v2\/media\/183946"}],"wp:attachment":[{"href":"https:\/\/diarioregionaldigital.com.br\/index.php?rest_route=%2Fwp%2Fv2%2Fmedia&parent=183945"}],"wp:term":[{"taxonomy":"category","embeddable":true,"href":"https:\/\/diarioregionaldigital.com.br\/index.php?rest_route=%2Fwp%2Fv2%2Fcategories&post=183945"},{"taxonomy":"post_tag","embeddable":true,"href":"https:\/\/diarioregionaldigital.com.br\/index.php?rest_route=%2Fwp%2Fv2%2Ftags&post=183945"}],"curies":[{"name":"wp","href":"https:\/\/api.w.org\/{rel}","templated":true}]}}