{"id":183930,"date":"2021-06-15T15:40:32","date_gmt":"2021-06-15T18:40:32","guid":{"rendered":"https:\/\/diarioregionaldigital.com.br\/?p=183930"},"modified":"2021-06-15T15:40:32","modified_gmt":"2021-06-15T18:40:32","slug":"selecao-feminina-empata-com-canada-no-ultimo-amistoso-antes-de-toquio","status":"publish","type":"post","link":"https:\/\/diarioregionaldigital.com.br\/?p=183930","title":{"rendered":"Sele\u00e7\u00e3o feminina empata com Canad\u00e1 no \u00faltimo amistoso antes de T\u00f3quio"},"content":{"rendered":"<p>A sele\u00e7\u00e3o feminina de futebol n\u00e3o saiu do 0 x 0 com o Canad\u00e1 no \u00faltimo teste preparat\u00f3rio antes dos Jogos Ol\u00edmpicos de T\u00f3quio. A partida foi realizada nesta segunda-feira (14.06) em Cartagena, na Espanha. Na pr\u00f3xima sexta (18.06), a t\u00e9cnica Pia Sundhage convocar\u00e1 18 jogadoras e quatro suplentes da sele\u00e7\u00e3o que representar\u00e1 o pais na T\u00f3quio 2020.<\/p>\n<p>Na capital japonesa, a sele\u00e7\u00e3o est\u00e1 no Grupo F da competi\u00e7\u00e3o ol\u00edmpica e estreia no dia 21 de julho, em Miyagi, contra a China. O segundo jogo ser\u00e1 contra a Holanda, na mesma cidade, em 24 de julho. A equipe encerra a fase de grupos na cidade de Saitama (Jap\u00e3o), em 27 de julho, contra a Z\u00e2mbia.<\/p>\n<p>No amistoso desta segunda, Pia fez tr\u00eas mudan\u00e7as em rela\u00e7\u00e3o \u00e0 equipe que venceu a R\u00fassia na \u00faltima sexta (11.06). A zagueira Bruna Benites atuou como lateral-direita, no lugar de Let\u00edcia Santos. A zagueira Erika, poupada na vit\u00f3ria sobre a R\u00fassia, voltou a campo. No meio, Julia Bianchi entrou na vaga antes ocupada por Formiga, lesionada.<\/p>\n<p>A partida foi equilibrada, sem chances claras de gol. Aos 19 minutos, a volante Andressinha ganhou uma dividida na entrada da \u00e1rea e arriscou. O chute forte passou por cima. Aos 29, Marta foi ao fundo e cruzou para a centroavante Bia Zaneratto. A jogadora do Palmeiras finalizou sob press\u00e3o da zaga advers\u00e1ria e mandou para fora.<\/p>\n<p>Aos 36, o Canad\u00e1 chegou bem. Deanne Rose foi lan\u00e7ada em velocidade, dividiu com a goleira B\u00e1rbara e arriscou um chute sem sucesso. Aos 43, no lance mais perigoso do Canad\u00e1, Fleming arriscou de longe e B\u00e1rbara desviou com um tapinha.<\/p>\n<p>Na etapa final, o jogo ficou um pouco mais aberto e surgiram as melhores oportunidades. Aos oito mimutos, o Canad\u00e1 teve chance com Quinn. Ela aproveitou o corte errado e obrigou a goleira brasileira a salvar. Aos 39, de novo o Canad\u00e1: Zadorsky cabeceou firme depois da cobran\u00e7a do escanteio e mandou a bola na trave direita do gol brasileiro.<\/p>\n<p>Aos 43, o Brasil ainda teve tempo para responder. A meia Duda tocou para J\u00falia e recebeu de volta para bater forte de primeira. A bola passou raspando a trave direita do gol do Canad\u00e1.<\/p>\n<p>Fonte: Ag\u00eancia Brasil<\/p>\n<p>&nbsp;<\/p>\n","protected":false},"excerpt":{"rendered":"<p>A sele\u00e7\u00e3o feminina de futebol n\u00e3o saiu do 0 x 0 com o Canad\u00e1 no \u00faltimo teste preparat\u00f3rio antes dos Jogos Ol\u00edmpicos de T\u00f3quio. A partida foi realizada nesta segunda-feira (14.06) em Cartagena, na Espanha. Na pr\u00f3xima sexta (18.06), a t\u00e9cnica Pia Sundhage convocar\u00e1 18 jogadoras e quatro suplentes da sele\u00e7\u00e3o que representar\u00e1 o pais [&hellip;]<\/p>\n","protected":false},"author":246,"featured_media":183931,"comment_status":"closed","ping_status":"closed","sticky":false,"template":"","format":"standard","meta":{"footnotes":""},"categories":[436,257,439],"tags":[],"class_list":["post-183930","post","type-post","status-publish","format-standard","has-post-thumbnail","hentry","category-destaque-da-semana","category-esporte","category-ultima-hora"],"_links":{"self":[{"href":"https:\/\/diarioregionaldigital.com.br\/index.php?rest_route=\/wp\/v2\/posts\/183930","targetHints":{"allow":["GET"]}}],"collection":[{"href":"https:\/\/diarioregionaldigital.com.br\/index.php?rest_route=\/wp\/v2\/posts"}],"about":[{"href":"https:\/\/diarioregionaldigital.com.br\/index.php?rest_route=\/wp\/v2\/types\/post"}],"author":[{"embeddable":true,"href":"https:\/\/diarioregionaldigital.com.br\/index.php?rest_route=\/wp\/v2\/users\/246"}],"replies":[{"embeddable":true,"href":"https:\/\/diarioregionaldigital.com.br\/index.php?rest_route=%2Fwp%2Fv2%2Fcomments&post=183930"}],"version-history":[{"count":1,"href":"https:\/\/diarioregionaldigital.com.br\/index.php?rest_route=\/wp\/v2\/posts\/183930\/revisions"}],"predecessor-version":[{"id":183932,"href":"https:\/\/diarioregionaldigital.com.br\/index.php?rest_route=\/wp\/v2\/posts\/183930\/revisions\/183932"}],"wp:featuredmedia":[{"embeddable":true,"href":"https:\/\/diarioregionaldigital.com.br\/index.php?rest_route=\/wp\/v2\/media\/183931"}],"wp:attachment":[{"href":"https:\/\/diarioregionaldigital.com.br\/index.php?rest_route=%2Fwp%2Fv2%2Fmedia&parent=183930"}],"wp:term":[{"taxonomy":"category","embeddable":true,"href":"https:\/\/diarioregionaldigital.com.br\/index.php?rest_route=%2Fwp%2Fv2%2Fcategories&post=183930"},{"taxonomy":"post_tag","embeddable":true,"href":"https:\/\/diarioregionaldigital.com.br\/index.php?rest_route=%2Fwp%2Fv2%2Ftags&post=183930"}],"curies":[{"name":"wp","href":"https:\/\/api.w.org\/{rel}","templated":true}]}}