{"id":183926,"date":"2021-06-15T14:11:06","date_gmt":"2021-06-15T17:11:06","guid":{"rendered":"https:\/\/diarioregionaldigital.com.br\/?p=183926"},"modified":"2021-06-15T14:11:06","modified_gmt":"2021-06-15T17:11:06","slug":"romeu-zema-recebe-primeira-dose-da-vacina-contra-covid-19","status":"publish","type":"post","link":"https:\/\/diarioregionaldigital.com.br\/?p=183926","title":{"rendered":"Romeu Zema recebe primeira dose da vacina contra covid-19"},"content":{"rendered":"<p>O governador Romeu Zema recebeu, nesta ter\u00e7a-feira (15\/6), a primeira dose da vacina contra a covid-19, no Centro de Sa\u00fade Dom Orione, em Belo Horizonte. Zema, que tem 56 anos, recebeu o imunizante da AstraZeneca. A segunda dose est\u00e1 marcada para o dia 7 de setembro.<\/p>\n<p>O governador ressaltou a import\u00e2ncia da vacina e da conscientiza\u00e7\u00e3o da popula\u00e7\u00e3o para a manuten\u00e7\u00e3o dos cuidados e de preven\u00e7\u00e3o ao coronav\u00edrus, como as medidas de higieniza\u00e7\u00e3o e distanciamento social, at\u00e9 que a imuniza\u00e7\u00e3o da popula\u00e7\u00e3o seja conclu\u00edda.<\/p>\n<p>\u201cPara mim \u00e9 muito gratificante, estou muito satisfeito. Acabei de tomar a primeira dose da vacina e o que eu pe\u00e7o \u00e9 que todos os mineiros que j\u00e1 est\u00e3o na data correta tomem a primeira dose, e que n\u00e3o deixem de tomar a segunda dose. Pe\u00e7o a todos que continuem tomando o m\u00e1ximo de cuidado, tanto os n\u00e3o vacinados quanto aqueles que j\u00e1 tomaram a vacina tamb\u00e9m\u201d, afirmou o governador em pronunciamento \u00e0 imprensa na sa\u00edda do centro de sa\u00fade.<\/p>\n<p>Zema tamb\u00e9m ressaltou o empenho de seu governo em garantir que a vacina chegue para todos os mineiros. \u201cNosso governo tem feito de tudo que \u00e9 poss\u00edvel para que log\u00edstica e distribui\u00e7\u00e3o sejam o mais \u00e1gil poss\u00edvel\u201d, disse.<\/p>\n<p>Minas Gerais j\u00e1 recebeu, at\u00e9 o momento, 10,7 milh\u00f5es de doses de vacinas. Ao todo, 5.428.474 pessoas j\u00e1 foram vacinadas com uma dose do imunizante, enquanto outras 2.542.292 j\u00e1 receberam as duas doses da vacina.<\/p>\n<p><span style=\"font-weight: 400;\">Fonte: Ag\u00eancia Minas <\/span><\/p>\n","protected":false},"excerpt":{"rendered":"<p>O governador Romeu Zema recebeu, nesta ter\u00e7a-feira (15\/6), a primeira dose da vacina contra a covid-19, no Centro de Sa\u00fade Dom Orione, em Belo Horizonte. Zema, que tem 56 anos, recebeu o imunizante da AstraZeneca. A segunda dose est\u00e1 marcada para o dia 7 de setembro. O governador ressaltou a import\u00e2ncia da vacina e da [&hellip;]<\/p>\n","protected":false},"author":246,"featured_media":183927,"comment_status":"closed","ping_status":"closed","sticky":false,"template":"","format":"standard","meta":{"footnotes":""},"categories":[436,254,439],"tags":[],"class_list":["post-183926","post","type-post","status-publish","format-standard","has-post-thumbnail","hentry","category-destaque-da-semana","category-politica","category-ultima-hora"],"_links":{"self":[{"href":"https:\/\/diarioregionaldigital.com.br\/index.php?rest_route=\/wp\/v2\/posts\/183926","targetHints":{"allow":["GET"]}}],"collection":[{"href":"https:\/\/diarioregionaldigital.com.br\/index.php?rest_route=\/wp\/v2\/posts"}],"about":[{"href":"https:\/\/diarioregionaldigital.com.br\/index.php?rest_route=\/wp\/v2\/types\/post"}],"author":[{"embeddable":true,"href":"https:\/\/diarioregionaldigital.com.br\/index.php?rest_route=\/wp\/v2\/users\/246"}],"replies":[{"embeddable":true,"href":"https:\/\/diarioregionaldigital.com.br\/index.php?rest_route=%2Fwp%2Fv2%2Fcomments&post=183926"}],"version-history":[{"count":1,"href":"https:\/\/diarioregionaldigital.com.br\/index.php?rest_route=\/wp\/v2\/posts\/183926\/revisions"}],"predecessor-version":[{"id":183928,"href":"https:\/\/diarioregionaldigital.com.br\/index.php?rest_route=\/wp\/v2\/posts\/183926\/revisions\/183928"}],"wp:featuredmedia":[{"embeddable":true,"href":"https:\/\/diarioregionaldigital.com.br\/index.php?rest_route=\/wp\/v2\/media\/183927"}],"wp:attachment":[{"href":"https:\/\/diarioregionaldigital.com.br\/index.php?rest_route=%2Fwp%2Fv2%2Fmedia&parent=183926"}],"wp:term":[{"taxonomy":"category","embeddable":true,"href":"https:\/\/diarioregionaldigital.com.br\/index.php?rest_route=%2Fwp%2Fv2%2Fcategories&post=183926"},{"taxonomy":"post_tag","embeddable":true,"href":"https:\/\/diarioregionaldigital.com.br\/index.php?rest_route=%2Fwp%2Fv2%2Ftags&post=183926"}],"curies":[{"name":"wp","href":"https:\/\/api.w.org\/{rel}","templated":true}]}}