{"id":183906,"date":"2021-06-15T06:00:26","date_gmt":"2021-06-15T09:00:26","guid":{"rendered":"https:\/\/diarioregionaldigital.com.br\/?p=183906"},"modified":"2021-06-15T00:02:32","modified_gmt":"2021-06-15T03:02:32","slug":"talento-2021","status":"publish","type":"post","link":"https:\/\/diarioregionaldigital.com.br\/?p=183906","title":{"rendered":"Talento 2021"},"content":{"rendered":"<p style=\"text-align: center;\"><strong>Talento 2021<\/strong><\/p>\n<p style=\"text-align: center;\">Produzindo muito o escritor Daniel Scotelano e o ilustrador Douglas Zimmerman lan\u00e7aram o livro \u201cAo c\u00e9u pertencem as aves\u201d. Dispon\u00edvel no site da Editora Paratexto a obra desfila uma reflex\u00e3o sobre autoconhecimento e coragem para ser o que quiser.<\/p>\n<p style=\"text-align: center;\"><strong>Minas Gerais<\/strong><\/p>\n<p style=\"text-align: center;\">O ator Chico Dias vai ser homenageado na Mostra de Cinema de Ouro Preto, que acontecer\u00e1 este m\u00eas. No evento ser\u00e3o exibidos entre outros t\u00edtulos, o longa portugu\u00eas \u201cO ano da morte de Ricardo Reis\u2019, de Jo\u00e3o Botelho.<\/p>\n<p style=\"text-align: center;\"><strong>Cultura<\/strong><\/p>\n<p style=\"text-align: center;\">Antenad\u00edssima, Julliana Garcia Neves, aluna de p\u00f3s-gradua\u00e7\u00e3o em hist\u00f3ria da UFJF, lan\u00e7ou o v\u00eddeo \u201cRetrato de Pedro II\u201d, do pintor brasileiro Joaquim da Rocha Fragoso. Em ritmo de segundo trabalho do projeto de extens\u00e3o, baseado na pesquisa, \u201cEntre o Imp\u00e9rio e a Rep\u00fablica: a trajet\u00f3ria do retrato de Pedro II do Museu Mariano Proc\u00f3pio\u201d. O primeiro trabalho dela foi a &#8211;obra \u201cO Jardim de Plantas\u201d, do franc\u00eas Jules Sacalbert (1851-1928).<\/p>\n<p style=\"text-align: center;\"><strong>Fraternidade<\/strong><\/p>\n<p style=\"text-align: center;\">As incans\u00e1veis Mara, Mari\u00e2ngela, Norma, Cristina, Mary e Cla\u00fadia do Grupo Amigas Solid\u00e1rias est\u00e3o com bazar na Av. Rio Branco 1835, pr\u00e9dio da Cesama em benef\u00edcio do Educand\u00e1rio Carlos Chagas e Instituto Bruno. Tamb\u00e9m estar\u00e3o arrecadando leite e fraldas para as duas entidades.<\/p>\n<p style=\"text-align: center;\"><strong>Pandemia e P\u00f3s-Pandemia<\/strong><\/p>\n<p style=\"text-align: center;\">Finalizando nossos artigos para os leitores, sobre medo p\u00f3s-pandemia, indico o que ajuda: manter as rotinas de alimenta\u00e7\u00e3o e sono, adotar atividades f\u00edsicas, intelectuais, culturais e criativas, exercitar a generosidade. Melhor sa\u00edda? Cuidar de si e do outro (Elimar Jacob Salzer Rodrigues Psiquiatra-mestre UFRJ-membro da Associa\u00e7\u00e3o Brasileira de Psiquiatria \u2013 Coordenadora de Comiss\u00e3o de \u00c9tica m\u00e9dica da SMCJF \u2013 Professora da UFJF).<\/p>\n<div id=\"attachment_183882\" style=\"width: 690px\" class=\"wp-caption aligncenter\"><img loading=\"lazy\" decoding=\"async\" aria-describedby=\"caption-attachment-183882\" class=\"wp-image-183882\" src=\"https:\/\/diarioregionaldigital.com.br\/wp-content\/uploads\/2021\/06\/fotoa-2-e1623725892222.jpeg\" alt=\"\" width=\"680\" height=\"478\" srcset=\"https:\/\/diarioregionaldigital.com.br\/wp-content\/uploads\/2021\/06\/fotoa-2-e1623725892222.jpeg 937w, https:\/\/diarioregionaldigital.com.br\/wp-content\/uploads\/2021\/06\/fotoa-2-e1623725892222-300x210.jpeg 300w, https:\/\/diarioregionaldigital.com.br\/wp-content\/uploads\/2021\/06\/fotoa-2-e1623725892222-768x540.jpeg 768w, https:\/\/diarioregionaldigital.com.br\/wp-content\/uploads\/2021\/06\/fotoa-2-e1623725892222-360x253.jpeg 360w, https:\/\/diarioregionaldigital.com.br\/wp-content\/uploads\/2021\/06\/fotoa-2-e1623725892222-100x70.jpeg 100w\" sizes=\"auto, (max-width: 680px) 100vw, 680px\" \/><p id=\"caption-attachment-183882\" class=\"wp-caption-text\">Em destaque hoje (15) dentro do junho Violeta, a advogada Anna Ede no Dia da Conscientiza\u00e7\u00e3o Contra a viol\u00eancia ao Idoso<\/p><\/div>\n<div id=\"attachment_183883\" style=\"width: 690px\" class=\"wp-caption aligncenter\"><img loading=\"lazy\" decoding=\"async\" aria-describedby=\"caption-attachment-183883\" class=\"wp-image-183883\" src=\"https:\/\/diarioregionaldigital.com.br\/wp-content\/uploads\/2021\/06\/fotoaa-4-e1623725913444.jpg\" alt=\"\" width=\"680\" height=\"483\" srcset=\"https:\/\/diarioregionaldigital.com.br\/wp-content\/uploads\/2021\/06\/fotoaa-4-e1623725913444.jpg 947w, https:\/\/diarioregionaldigital.com.br\/wp-content\/uploads\/2021\/06\/fotoaa-4-e1623725913444-300x213.jpg 300w, https:\/\/diarioregionaldigital.com.br\/wp-content\/uploads\/2021\/06\/fotoaa-4-e1623725913444-768x545.jpg 768w, https:\/\/diarioregionaldigital.com.br\/wp-content\/uploads\/2021\/06\/fotoaa-4-e1623725913444-360x255.jpg 360w, https:\/\/diarioregionaldigital.com.br\/wp-content\/uploads\/2021\/06\/fotoaa-4-e1623725913444-100x70.jpg 100w\" sizes=\"auto, (max-width: 680px) 100vw, 680px\" \/><p id=\"caption-attachment-183883\" class=\"wp-caption-text\">Unidos pelo amor e carinho,Felipe Nogueira e D\u00e9bora Gonz\u00e1lez<\/p><\/div>\n<div id=\"attachment_183884\" style=\"width: 690px\" class=\"wp-caption aligncenter\"><img loading=\"lazy\" decoding=\"async\" aria-describedby=\"caption-attachment-183884\" class=\"wp-image-183884\" src=\"https:\/\/diarioregionaldigital.com.br\/wp-content\/uploads\/2021\/06\/fotob-5-e1623725936405.jpg\" alt=\"\" width=\"680\" height=\"506\" srcset=\"https:\/\/diarioregionaldigital.com.br\/wp-content\/uploads\/2021\/06\/fotob-5-e1623725936405.jpg 509w, https:\/\/diarioregionaldigital.com.br\/wp-content\/uploads\/2021\/06\/fotob-5-e1623725936405-300x223.jpg 300w, https:\/\/diarioregionaldigital.com.br\/wp-content\/uploads\/2021\/06\/fotob-5-e1623725936405-360x268.jpg 360w\" sizes=\"auto, (max-width: 680px) 100vw, 680px\" \/><p id=\"caption-attachment-183884\" class=\"wp-caption-text\">Antes da pandemia em noite de festa o querido casal Samra Rahme e Eug\u00eanio Esteves<\/p><\/div>\n<div id=\"attachment_183885\" style=\"width: 690px\" class=\"wp-caption aligncenter\"><img loading=\"lazy\" decoding=\"async\" aria-describedby=\"caption-attachment-183885\" class=\"wp-image-183885\" src=\"https:\/\/diarioregionaldigital.com.br\/wp-content\/uploads\/2021\/06\/fotoc-9-e1623725957100.jpg\" alt=\"\" width=\"680\" height=\"487\" srcset=\"https:\/\/diarioregionaldigital.com.br\/wp-content\/uploads\/2021\/06\/fotoc-9-e1623725957100.jpg 1189w, https:\/\/diarioregionaldigital.com.br\/wp-content\/uploads\/2021\/06\/fotoc-9-e1623725957100-300x215.jpg 300w, https:\/\/diarioregionaldigital.com.br\/wp-content\/uploads\/2021\/06\/fotoc-9-e1623725957100-1024x734.jpg 1024w, https:\/\/diarioregionaldigital.com.br\/wp-content\/uploads\/2021\/06\/fotoc-9-e1623725957100-768x550.jpg 768w, https:\/\/diarioregionaldigital.com.br\/wp-content\/uploads\/2021\/06\/fotoc-9-e1623725957100-360x258.jpg 360w\" sizes=\"auto, (max-width: 680px) 100vw, 680px\" \/><p id=\"caption-attachment-183885\" class=\"wp-caption-text\">Em destaque a conceituada fonoaudi\u00f3loga Renata Jacob Daniel Salom\u00e3o<\/p><\/div>\n<div id=\"attachment_183887\" style=\"width: 690px\" class=\"wp-caption aligncenter\"><img loading=\"lazy\" decoding=\"async\" aria-describedby=\"caption-attachment-183887\" class=\"wp-image-183887\" src=\"https:\/\/diarioregionaldigital.com.br\/wp-content\/uploads\/2021\/06\/fotoe-7-e1623726001493.jpg\" alt=\"\" width=\"680\" height=\"481\" srcset=\"https:\/\/diarioregionaldigital.com.br\/wp-content\/uploads\/2021\/06\/fotoe-7-e1623726001493.jpg 476w, https:\/\/diarioregionaldigital.com.br\/wp-content\/uploads\/2021\/06\/fotoe-7-e1623726001493-300x212.jpg 300w, https:\/\/diarioregionaldigital.com.br\/wp-content\/uploads\/2021\/06\/fotoe-7-e1623726001493-360x255.jpg 360w, https:\/\/diarioregionaldigital.com.br\/wp-content\/uploads\/2021\/06\/fotoe-7-e1623726001493-100x70.jpg 100w\" sizes=\"auto, (max-width: 680px) 100vw, 680px\" \/><p id=\"caption-attachment-183887\" class=\"wp-caption-text\">Aniversariante de destaque do m\u00eas, a arquiteta Alethea Westermann<\/p><\/div>\n<div id=\"attachment_183888\" style=\"width: 690px\" class=\"wp-caption aligncenter\"><img loading=\"lazy\" decoding=\"async\" aria-describedby=\"caption-attachment-183888\" class=\"wp-image-183888\" src=\"https:\/\/diarioregionaldigital.com.br\/wp-content\/uploads\/2021\/06\/fotog-8-e1623726023790.jpg\" alt=\"\" width=\"680\" height=\"509\" srcset=\"https:\/\/diarioregionaldigital.com.br\/wp-content\/uploads\/2021\/06\/fotog-8-e1623726023790.jpg 510w, https:\/\/diarioregionaldigital.com.br\/wp-content\/uploads\/2021\/06\/fotog-8-e1623726023790-300x225.jpg 300w, https:\/\/diarioregionaldigital.com.br\/wp-content\/uploads\/2021\/06\/fotog-8-e1623726023790-360x270.jpg 360w\" sizes=\"auto, (max-width: 680px) 100vw, 680px\" \/><p id=\"caption-attachment-183888\" class=\"wp-caption-text\">Lucas Bastos personal nota 10 com Irene Barros<\/p><\/div>\n<div id=\"attachment_183889\" style=\"width: 690px\" class=\"wp-caption aligncenter\"><img loading=\"lazy\" decoding=\"async\" aria-describedby=\"caption-attachment-183889\" class=\"wp-image-183889\" src=\"https:\/\/diarioregionaldigital.com.br\/wp-content\/uploads\/2021\/06\/fotoh-7-e1623726042872.jpg\" alt=\"\" width=\"680\" height=\"475\" srcset=\"https:\/\/diarioregionaldigital.com.br\/wp-content\/uploads\/2021\/06\/fotoh-7-e1623726042872.jpg 504w, https:\/\/diarioregionaldigital.com.br\/wp-content\/uploads\/2021\/06\/fotoh-7-e1623726042872-300x210.jpg 300w, https:\/\/diarioregionaldigital.com.br\/wp-content\/uploads\/2021\/06\/fotoh-7-e1623726042872-360x251.jpg 360w, https:\/\/diarioregionaldigital.com.br\/wp-content\/uploads\/2021\/06\/fotoh-7-e1623726042872-100x70.jpg 100w\" sizes=\"auto, (max-width: 680px) 100vw, 680px\" \/><p id=\"caption-attachment-183889\" class=\"wp-caption-text\">Mulheres antenadas, Marcinha Falabella e Marise Mendes<\/p><\/div>\n<div id=\"attachment_183886\" style=\"width: 690px\" class=\"wp-caption aligncenter\"><img loading=\"lazy\" decoding=\"async\" aria-describedby=\"caption-attachment-183886\" class=\"wp-image-183886\" src=\"https:\/\/diarioregionaldigital.com.br\/wp-content\/uploads\/2021\/06\/fotod-7-e1623725979102.jpg\" alt=\"\" width=\"680\" height=\"405\" srcset=\"https:\/\/diarioregionaldigital.com.br\/wp-content\/uploads\/2021\/06\/fotod-7-e1623725979102.jpg 701w, https:\/\/diarioregionaldigital.com.br\/wp-content\/uploads\/2021\/06\/fotod-7-e1623725979102-300x179.jpg 300w, https:\/\/diarioregionaldigital.com.br\/wp-content\/uploads\/2021\/06\/fotod-7-e1623725979102-360x215.jpg 360w\" sizes=\"auto, (max-width: 680px) 100vw, 680px\" \/><p id=\"caption-attachment-183886\" class=\"wp-caption-text\">Gente querida reunida antes da pandemia S\u00e9rgio D\u2019Agosto e Marilene Gimenez com Maria Cristina Rodrigues e Marcos Souza<\/p><\/div>\n<p style=\"text-align: center;\"><strong>FOTOSS\u00cdNTESE<\/strong><\/p>\n<p>Depois de uma vitoriosa carreira na \u00e1rea publicit\u00e1ria em Juiz de Fora, o boa pra\u00e7a Luiz Carlos Lyra retornou para Maring\u00e1 no Paran\u00e1, onde vai se dedicar a fam\u00edlia.<\/p>\n<p>Produzida pela Conspira\u00e7\u00e3o Filmes, estreou na plataforma Amazon Prime V\u00eddeo em mais de 200 pa\u00edses, a s\u00e9rie \u201cDom\u201d com dire\u00e7\u00e3o de Breno Silveira e Vicente Kubrusly.<\/p>\n<p>Dentre aniversariantes de destaque da semana a ex-presidente da Ascomcer, Nice Ferrugine.<\/p>\n<p>Teve cantoria e batuque para comemorar o anivers\u00e1rio do cantor e compositor Roger Noronha. Nas plataformas digitais faz sucesso as m\u00fasicas \u201cNossa toada\u201d, \u201cHaver\u00e1 ax\u00e9\u201d e \u201cAlgaravia\u201d.<\/p>\n<p>A artista pl\u00e1stica Fani Bracher comemorou seu anivers\u00e1rio do jeito que gosta, no dia 11 de junho estreou no YouTube (e no Instagram do Ateli\u00ea Casa Bracher) o document\u00e1rio \u201cA Casa Verde de Todas as Cores\u201d.<\/p>\n<p>Faz sucesso na rua; S\u00e3o Jo\u00e3o o bar e restaurante Gema pilotado por Moa Siqueira. O lugar j\u00e1 arrebanha gente bonita com card\u00e1pio especial no almo\u00e7o al\u00e9m de petiscos e drinques exclusivos no happy-hour.<\/p>\n<p>Faz sucesso em Ibitipoca o i-Bit Mapping Festival on-line transmitido pelo YouTube. Na rodada de conversas, o destaque sobre proje\u00e7\u00f5es na natureza para as V&amp;S L\u00ea Pantoja, Grazzi, Carol Santana, Luv e Marcela Fran\u00e7a.<\/p>\n<p>Reforma Intima: Para quem acha que esse ba\u00fa n\u00e3o tem fundo&#8230;n\u00e3o tem mesmo. Bom dia.<\/p>\n<p><img loading=\"lazy\" decoding=\"async\" class=\"aligncenter size-full wp-image-183903\" src=\"https:\/\/diarioregionaldigital.com.br\/wp-content\/uploads\/2021\/06\/anuncio56-scaled.jpg\" alt=\"\" width=\"2560\" height=\"963\" srcset=\"https:\/\/diarioregionaldigital.com.br\/wp-content\/uploads\/2021\/06\/anuncio56-scaled.jpg 2560w, https:\/\/diarioregionaldigital.com.br\/wp-content\/uploads\/2021\/06\/anuncio56-300x113.jpg 300w, https:\/\/diarioregionaldigital.com.br\/wp-content\/uploads\/2021\/06\/anuncio56-1024x385.jpg 1024w, https:\/\/diarioregionaldigital.com.br\/wp-content\/uploads\/2021\/06\/anuncio56-768x289.jpg 768w, https:\/\/diarioregionaldigital.com.br\/wp-content\/uploads\/2021\/06\/anuncio56-1536x578.jpg 1536w, https:\/\/diarioregionaldigital.com.br\/wp-content\/uploads\/2021\/06\/anuncio56-2048x771.jpg 2048w, https:\/\/diarioregionaldigital.com.br\/wp-content\/uploads\/2021\/06\/anuncio56-360x135.jpg 360w\" sizes=\"auto, (max-width: 2560px) 100vw, 2560px\" \/><\/p>\n","protected":false},"excerpt":{"rendered":"<p>Talento 2021 Produzindo muito o escritor Daniel Scotelano e o ilustrador Douglas Zimmerman lan\u00e7aram o livro \u201cAo c\u00e9u pertencem as aves\u201d. Dispon\u00edvel no site da Editora Paratexto a obra desfila uma reflex\u00e3o sobre autoconhecimento e coragem para ser o que quiser. Minas Gerais O ator Chico Dias vai ser homenageado na Mostra de Cinema de [&hellip;]<\/p>\n","protected":false},"author":253,"featured_media":183882,"comment_status":"closed","ping_status":"closed","sticky":false,"template":"","format":"standard","meta":{"footnotes":""},"categories":[264],"tags":[],"class_list":["post-183906","post","type-post","status-publish","format-standard","has-post-thumbnail","hentry","category-eduardo-gomes"],"_links":{"self":[{"href":"https:\/\/diarioregionaldigital.com.br\/index.php?rest_route=\/wp\/v2\/posts\/183906","targetHints":{"allow":["GET"]}}],"collection":[{"href":"https:\/\/diarioregionaldigital.com.br\/index.php?rest_route=\/wp\/v2\/posts"}],"about":[{"href":"https:\/\/diarioregionaldigital.com.br\/index.php?rest_route=\/wp\/v2\/types\/post"}],"author":[{"embeddable":true,"href":"https:\/\/diarioregionaldigital.com.br\/index.php?rest_route=\/wp\/v2\/users\/253"}],"replies":[{"embeddable":true,"href":"https:\/\/diarioregionaldigital.com.br\/index.php?rest_route=%2Fwp%2Fv2%2Fcomments&post=183906"}],"version-history":[{"count":2,"href":"https:\/\/diarioregionaldigital.com.br\/index.php?rest_route=\/wp\/v2\/posts\/183906\/revisions"}],"predecessor-version":[{"id":183908,"href":"https:\/\/diarioregionaldigital.com.br\/index.php?rest_route=\/wp\/v2\/posts\/183906\/revisions\/183908"}],"wp:featuredmedia":[{"embeddable":true,"href":"https:\/\/diarioregionaldigital.com.br\/index.php?rest_route=\/wp\/v2\/media\/183882"}],"wp:attachment":[{"href":"https:\/\/diarioregionaldigital.com.br\/index.php?rest_route=%2Fwp%2Fv2%2Fmedia&parent=183906"}],"wp:term":[{"taxonomy":"category","embeddable":true,"href":"https:\/\/diarioregionaldigital.com.br\/index.php?rest_route=%2Fwp%2Fv2%2Fcategories&post=183906"},{"taxonomy":"post_tag","embeddable":true,"href":"https:\/\/diarioregionaldigital.com.br\/index.php?rest_route=%2Fwp%2Fv2%2Ftags&post=183906"}],"curies":[{"name":"wp","href":"https:\/\/api.w.org\/{rel}","templated":true}]}}