{"id":183901,"date":"2021-06-14T22:49:15","date_gmt":"2021-06-15T01:49:15","guid":{"rendered":"https:\/\/diarioregionaldigital.com.br\/?p=183901"},"modified":"2021-06-14T22:49:15","modified_gmt":"2021-06-15T01:49:15","slug":"policia-militar-prende-autor-e-apreende-arma-de-fogo-no-bairro-jardim-gaucho","status":"publish","type":"post","link":"https:\/\/diarioregionaldigital.com.br\/?p=183901","title":{"rendered":"Pol\u00edcia Militar prende autor e apreende arma de fogo no bairro Jardim Ga\u00facho"},"content":{"rendered":"<p>Na noite de domingo, 13jun21 por volta das 21h24min, a Pol\u00edcia Militar compareceu a Rua Oito de Mar\u00e7o no bairro Jardim Ga\u00facho para averigua\u00e7\u00e3o de den\u00fancia referente a posse ilegal de arma de fogo. Realizadas as dilig\u00eancias, o autor, um homem de 46 anos foi preso em flagrante delito e a arma de fogo, uma pistola calibre 6.35 mm da marca TAURUS foi localizada e apreendida. Segundo relatos do autor, a arma era utilizada para sua defesa, uma vez que estava passando por problemas familiares. Tudo foi encaminhado \u00e0 Delegacia.<\/p>\n","protected":false},"excerpt":{"rendered":"<p>Na noite de domingo, 13jun21 por volta das 21h24min, a Pol\u00edcia Militar compareceu a Rua Oito de Mar\u00e7o no bairro Jardim Ga\u00facho para averigua\u00e7\u00e3o de den\u00fancia referente a posse ilegal de arma de fogo. Realizadas as dilig\u00eancias, o autor, um homem de 46 anos foi preso em flagrante delito e a arma de fogo, uma [&hellip;]<\/p>\n","protected":false},"author":246,"featured_media":183898,"comment_status":"closed","ping_status":"closed","sticky":false,"template":"","format":"standard","meta":{"footnotes":""},"categories":[301,1229,439],"tags":[],"class_list":["post-183901","post","type-post","status-publish","format-standard","has-post-thumbnail","hentry","category-artigos-policiais","category-policial","category-ultima-hora"],"_links":{"self":[{"href":"https:\/\/diarioregionaldigital.com.br\/index.php?rest_route=\/wp\/v2\/posts\/183901","targetHints":{"allow":["GET"]}}],"collection":[{"href":"https:\/\/diarioregionaldigital.com.br\/index.php?rest_route=\/wp\/v2\/posts"}],"about":[{"href":"https:\/\/diarioregionaldigital.com.br\/index.php?rest_route=\/wp\/v2\/types\/post"}],"author":[{"embeddable":true,"href":"https:\/\/diarioregionaldigital.com.br\/index.php?rest_route=\/wp\/v2\/users\/246"}],"replies":[{"embeddable":true,"href":"https:\/\/diarioregionaldigital.com.br\/index.php?rest_route=%2Fwp%2Fv2%2Fcomments&post=183901"}],"version-history":[{"count":1,"href":"https:\/\/diarioregionaldigital.com.br\/index.php?rest_route=\/wp\/v2\/posts\/183901\/revisions"}],"predecessor-version":[{"id":183902,"href":"https:\/\/diarioregionaldigital.com.br\/index.php?rest_route=\/wp\/v2\/posts\/183901\/revisions\/183902"}],"wp:featuredmedia":[{"embeddable":true,"href":"https:\/\/diarioregionaldigital.com.br\/index.php?rest_route=\/wp\/v2\/media\/183898"}],"wp:attachment":[{"href":"https:\/\/diarioregionaldigital.com.br\/index.php?rest_route=%2Fwp%2Fv2%2Fmedia&parent=183901"}],"wp:term":[{"taxonomy":"category","embeddable":true,"href":"https:\/\/diarioregionaldigital.com.br\/index.php?rest_route=%2Fwp%2Fv2%2Fcategories&post=183901"},{"taxonomy":"post_tag","embeddable":true,"href":"https:\/\/diarioregionaldigital.com.br\/index.php?rest_route=%2Fwp%2Fv2%2Ftags&post=183901"}],"curies":[{"name":"wp","href":"https:\/\/api.w.org\/{rel}","templated":true}]}}