{"id":183894,"date":"2021-06-14T22:39:50","date_gmt":"2021-06-15T01:39:50","guid":{"rendered":"https:\/\/diarioregionaldigital.com.br\/?p=183894"},"modified":"2021-06-14T22:39:50","modified_gmt":"2021-06-15T01:39:50","slug":"policia-militar-prende-autor-e-apreende-arma-de-fogo-no-bairro-arco-iris","status":"publish","type":"post","link":"https:\/\/diarioregionaldigital.com.br\/?p=183894","title":{"rendered":"Pol\u00edcia Militar prende autor e apreende arma de fogo no bairro Arco Iris"},"content":{"rendered":"<p>Na noite de domingo, 13jun21 por volta das 22h59min, a Pol\u00edcia Militar compareceu na Rua Hil\u00e1rio Dias da Cruz no bairro Arco Iris para verifica\u00e7\u00e3o de uma den\u00fancia referente a um autor que estaria de posse de uma arma de fogo, amea\u00e7ando um homem. No local o fato foi confirmado, contudo, a v\u00edtima n\u00e3o foi encontrada. Um rev\u00f3lver calibre .38 com tr\u00eas muni\u00e7\u00f5es foi localizado e apreendido em um trailer de lanches do autor, um homem de 31 anos, que foi preso em flagrante delito e conduzido \u00e0 Delegacia.<\/p>\n","protected":false},"excerpt":{"rendered":"<p>Na noite de domingo, 13jun21 por volta das 22h59min, a Pol\u00edcia Militar compareceu na Rua Hil\u00e1rio Dias da Cruz no bairro Arco Iris para verifica\u00e7\u00e3o de uma den\u00fancia referente a um autor que estaria de posse de uma arma de fogo, amea\u00e7ando um homem. No local o fato foi confirmado, contudo, a v\u00edtima n\u00e3o foi [&hellip;]<\/p>\n","protected":false},"author":246,"featured_media":183895,"comment_status":"closed","ping_status":"closed","sticky":false,"template":"","format":"standard","meta":{"footnotes":""},"categories":[301,1229],"tags":[],"class_list":["post-183894","post","type-post","status-publish","format-standard","has-post-thumbnail","hentry","category-artigos-policiais","category-policial"],"_links":{"self":[{"href":"https:\/\/diarioregionaldigital.com.br\/index.php?rest_route=\/wp\/v2\/posts\/183894","targetHints":{"allow":["GET"]}}],"collection":[{"href":"https:\/\/diarioregionaldigital.com.br\/index.php?rest_route=\/wp\/v2\/posts"}],"about":[{"href":"https:\/\/diarioregionaldigital.com.br\/index.php?rest_route=\/wp\/v2\/types\/post"}],"author":[{"embeddable":true,"href":"https:\/\/diarioregionaldigital.com.br\/index.php?rest_route=\/wp\/v2\/users\/246"}],"replies":[{"embeddable":true,"href":"https:\/\/diarioregionaldigital.com.br\/index.php?rest_route=%2Fwp%2Fv2%2Fcomments&post=183894"}],"version-history":[{"count":1,"href":"https:\/\/diarioregionaldigital.com.br\/index.php?rest_route=\/wp\/v2\/posts\/183894\/revisions"}],"predecessor-version":[{"id":183896,"href":"https:\/\/diarioregionaldigital.com.br\/index.php?rest_route=\/wp\/v2\/posts\/183894\/revisions\/183896"}],"wp:featuredmedia":[{"embeddable":true,"href":"https:\/\/diarioregionaldigital.com.br\/index.php?rest_route=\/wp\/v2\/media\/183895"}],"wp:attachment":[{"href":"https:\/\/diarioregionaldigital.com.br\/index.php?rest_route=%2Fwp%2Fv2%2Fmedia&parent=183894"}],"wp:term":[{"taxonomy":"category","embeddable":true,"href":"https:\/\/diarioregionaldigital.com.br\/index.php?rest_route=%2Fwp%2Fv2%2Fcategories&post=183894"},{"taxonomy":"post_tag","embeddable":true,"href":"https:\/\/diarioregionaldigital.com.br\/index.php?rest_route=%2Fwp%2Fv2%2Ftags&post=183894"}],"curies":[{"name":"wp","href":"https:\/\/api.w.org\/{rel}","templated":true}]}}