{"id":183891,"date":"2021-06-14T22:36:43","date_gmt":"2021-06-15T01:36:43","guid":{"rendered":"https:\/\/diarioregionaldigital.com.br\/?p=183891"},"modified":"2021-06-14T22:36:43","modified_gmt":"2021-06-15T01:36:43","slug":"minas-gerais-ultrapassa-a-marca-de-43-mil-obitos-por-covid-19-desde-o-inicio-da-pandemia","status":"publish","type":"post","link":"https:\/\/diarioregionaldigital.com.br\/?p=183891","title":{"rendered":"Minas Gerais ultrapassa a marca de 43 mil \u00f3bitos por Covid-19 desde o in\u00edcio da pandemia"},"content":{"rendered":"<p>A Secretaria de Estado da Sa\u00fade de Minas Gerais (SES-MG), publicou nesta segunda-feira (14), o <a href=\"https:\/\/coronavirus.saude.mg.gov.br\/images\/1_2021\/06-junho\/14.06.21COVID-19_-_BOLETIM.pdf\">novo boletim<\/a> referente ao Coronav\u00edrus. O levantamento aponta que o estado notificou mais 1.862 novos casos da doen\u00e7a, totalizando 1.684.962 pessoas infectadas. Os dados indicam que foram registradas mais 30 mortes, contabilizando 43.154 \u00f3bitos.<\/p>\n<p>Al\u00e9m disso, 1.547.087 pacientes est\u00e3o recuperados da doen\u00e7a, representando 92 % dos casos. Quanto aos dados de hospitaliza\u00e7\u00e3o, 147.099 estiveram internados e 1.537.863 j\u00e1 fizeram isolamento domiciliar. At\u00e9 o momento, 5.428.474 pessoas receberam a primeira dose da vacina e 2.542.292 a segunda.<\/p>\n","protected":false},"excerpt":{"rendered":"<p>A Secretaria de Estado da Sa\u00fade de Minas Gerais (SES-MG), publicou nesta segunda-feira (14), o novo boletim referente ao Coronav\u00edrus. O levantamento aponta que o estado notificou mais 1.862 novos casos da doen\u00e7a, totalizando 1.684.962 pessoas infectadas. Os dados indicam que foram registradas mais 30 mortes, contabilizando 43.154 \u00f3bitos. Al\u00e9m disso, 1.547.087 pacientes est\u00e3o recuperados [&hellip;]<\/p>\n","protected":false},"author":246,"featured_media":183892,"comment_status":"closed","ping_status":"closed","sticky":false,"template":"","format":"standard","meta":{"footnotes":""},"categories":[252,439],"tags":[],"class_list":["post-183891","post","type-post","status-publish","format-standard","has-post-thumbnail","hentry","category-regiao","category-ultima-hora"],"_links":{"self":[{"href":"https:\/\/diarioregionaldigital.com.br\/index.php?rest_route=\/wp\/v2\/posts\/183891","targetHints":{"allow":["GET"]}}],"collection":[{"href":"https:\/\/diarioregionaldigital.com.br\/index.php?rest_route=\/wp\/v2\/posts"}],"about":[{"href":"https:\/\/diarioregionaldigital.com.br\/index.php?rest_route=\/wp\/v2\/types\/post"}],"author":[{"embeddable":true,"href":"https:\/\/diarioregionaldigital.com.br\/index.php?rest_route=\/wp\/v2\/users\/246"}],"replies":[{"embeddable":true,"href":"https:\/\/diarioregionaldigital.com.br\/index.php?rest_route=%2Fwp%2Fv2%2Fcomments&post=183891"}],"version-history":[{"count":1,"href":"https:\/\/diarioregionaldigital.com.br\/index.php?rest_route=\/wp\/v2\/posts\/183891\/revisions"}],"predecessor-version":[{"id":183893,"href":"https:\/\/diarioregionaldigital.com.br\/index.php?rest_route=\/wp\/v2\/posts\/183891\/revisions\/183893"}],"wp:featuredmedia":[{"embeddable":true,"href":"https:\/\/diarioregionaldigital.com.br\/index.php?rest_route=\/wp\/v2\/media\/183892"}],"wp:attachment":[{"href":"https:\/\/diarioregionaldigital.com.br\/index.php?rest_route=%2Fwp%2Fv2%2Fmedia&parent=183891"}],"wp:term":[{"taxonomy":"category","embeddable":true,"href":"https:\/\/diarioregionaldigital.com.br\/index.php?rest_route=%2Fwp%2Fv2%2Fcategories&post=183891"},{"taxonomy":"post_tag","embeddable":true,"href":"https:\/\/diarioregionaldigital.com.br\/index.php?rest_route=%2Fwp%2Fv2%2Ftags&post=183891"}],"curies":[{"name":"wp","href":"https:\/\/api.w.org\/{rel}","templated":true}]}}