{"id":183880,"date":"2021-06-14T22:27:33","date_gmt":"2021-06-15T01:27:33","guid":{"rendered":"https:\/\/diarioregionaldigital.com.br\/?p=183880"},"modified":"2021-06-14T22:27:33","modified_gmt":"2021-06-15T01:27:33","slug":"hemominas-recebe-doacao-de-sangue-da-guarda-municipal","status":"publish","type":"post","link":"https:\/\/diarioregionaldigital.com.br\/?p=183880","title":{"rendered":"Hemominas recebe doa\u00e7\u00e3o de sangue da Guarda Municipal"},"content":{"rendered":"<p>Nesta segunda-feira, dia 14, \u00e9 o Dia Mundial do Doador de Sangue, e alguns dos integrantes da Guarda Municipal de Juiz de Fora compareceram ao Hemominas para uma doa\u00e7\u00e3o coletiva. O objetivo foi marcar a data, contribuindo para o aumento dos estoques de sangue da unidade e chamando aten\u00e7\u00e3o da comunidade para a necessidade de mais pessoas se disponibilizarem ao ato de doar sangue. A a\u00e7\u00e3o aconteceu no Hemominas, \u00e0 Rua Bar\u00e3o de Cataguases, S\/N.<\/p>\n<p>Solid\u00e1ria \u00e0 situa\u00e7\u00e3o de baixo estoque de sangue, neste per\u00edodo de pandemia, a GM se coloca a favor da vida. \u201cA doa\u00e7\u00e3o de sangue \u00e9 pr\u00e1tica comum entre os guardas, faz parte da cultura interna da institui\u00e7\u00e3o. E estamos, com essa a\u00e7\u00e3o, lan\u00e7ando o projeto \u2018Guarda Amiga\u2019, desenvolvido pelo setor de Desenvolvimento de Projetos e Qualifica\u00e7\u00e3o Profissional da Guarda, com o prop\u00f3sito de sensibilizar a corpora\u00e7\u00e3o para o envolvimento em a\u00e7\u00f5es de car\u00e1ter social e humanit\u00e1rio\u201d, explicou a subcomandante da Guarda Elaine Albuquerque.<\/p>\n<p>Segundo informa\u00e7\u00f5es do site da Prefeitura de Juiz de Fora, para doar sangue, a pessoa deve estar alimentada e em condi\u00e7\u00f5es plenas de sa\u00fade. Ter entre 16 e 69 anos, apresentar documento original que contenha foto, filia\u00e7\u00e3o e assinatura (Carteira de Identidade ou de Trabalho, por exemplo). Tamb\u00e9m \u00e9 necess\u00e1rio ter mais de 50 kg e, para quem j\u00e1 \u00e9 doador, respeitar o intervalo de doa\u00e7\u00e3o, que para mulheres \u00e9 de 90 dias e, para os homens, 60 dias.<\/p>\n<p><a href=\"http:\/\/www.hemominas.mg.gov.br\/\"><b>O Hemominas<\/b><\/a>\u00a0funciona de segunda a s\u00e1bado, no hor\u00e1rio de 7h \u00e0s 12h. O doador tamb\u00e9m pode agendar sua doa\u00e7\u00e3o pelo site do Hemominas<\/p>\n","protected":false},"excerpt":{"rendered":"<p>Nesta segunda-feira, dia 14, \u00e9 o Dia Mundial do Doador de Sangue, e alguns dos integrantes da Guarda Municipal de Juiz de Fora compareceram ao Hemominas para uma doa\u00e7\u00e3o coletiva. O objetivo foi marcar a data, contribuindo para o aumento dos estoques de sangue da unidade e chamando aten\u00e7\u00e3o da comunidade para a necessidade de [&hellip;]<\/p>\n","protected":false},"author":246,"featured_media":183881,"comment_status":"closed","ping_status":"closed","sticky":false,"template":"","format":"standard","meta":{"footnotes":""},"categories":[253,436,439],"tags":[],"class_list":["post-183880","post","type-post","status-publish","format-standard","has-post-thumbnail","hentry","category-cidade","category-destaque-da-semana","category-ultima-hora"],"_links":{"self":[{"href":"https:\/\/diarioregionaldigital.com.br\/index.php?rest_route=\/wp\/v2\/posts\/183880","targetHints":{"allow":["GET"]}}],"collection":[{"href":"https:\/\/diarioregionaldigital.com.br\/index.php?rest_route=\/wp\/v2\/posts"}],"about":[{"href":"https:\/\/diarioregionaldigital.com.br\/index.php?rest_route=\/wp\/v2\/types\/post"}],"author":[{"embeddable":true,"href":"https:\/\/diarioregionaldigital.com.br\/index.php?rest_route=\/wp\/v2\/users\/246"}],"replies":[{"embeddable":true,"href":"https:\/\/diarioregionaldigital.com.br\/index.php?rest_route=%2Fwp%2Fv2%2Fcomments&post=183880"}],"version-history":[{"count":1,"href":"https:\/\/diarioregionaldigital.com.br\/index.php?rest_route=\/wp\/v2\/posts\/183880\/revisions"}],"predecessor-version":[{"id":183890,"href":"https:\/\/diarioregionaldigital.com.br\/index.php?rest_route=\/wp\/v2\/posts\/183880\/revisions\/183890"}],"wp:featuredmedia":[{"embeddable":true,"href":"https:\/\/diarioregionaldigital.com.br\/index.php?rest_route=\/wp\/v2\/media\/183881"}],"wp:attachment":[{"href":"https:\/\/diarioregionaldigital.com.br\/index.php?rest_route=%2Fwp%2Fv2%2Fmedia&parent=183880"}],"wp:term":[{"taxonomy":"category","embeddable":true,"href":"https:\/\/diarioregionaldigital.com.br\/index.php?rest_route=%2Fwp%2Fv2%2Fcategories&post=183880"},{"taxonomy":"post_tag","embeddable":true,"href":"https:\/\/diarioregionaldigital.com.br\/index.php?rest_route=%2Fwp%2Fv2%2Ftags&post=183880"}],"curies":[{"name":"wp","href":"https:\/\/api.w.org\/{rel}","templated":true}]}}