{"id":183877,"date":"2021-06-14T20:21:33","date_gmt":"2021-06-14T23:21:33","guid":{"rendered":"https:\/\/diarioregionaldigital.com.br\/?p=183877"},"modified":"2021-06-14T20:21:33","modified_gmt":"2021-06-14T23:21:33","slug":"a-semana-da-pjf-se-inicia-com-obras-nas-regioes-norte-nordeste-cidade-alta-central-e-rural","status":"publish","type":"post","link":"https:\/\/diarioregionaldigital.com.br\/?p=183877","title":{"rendered":"A semana da PJF se inicia com obras nas regi\u00f5es Norte, Nordeste, Cidade Alta, Central e Rural"},"content":{"rendered":"<p>A Secretaria de Obras (SO) da Prefeitura de Juiz de Fora (PJF) se manteve no cronograma as interven\u00e7\u00f5es realizadas nos bairros Parque das \u00c1guas, Jardim dos Alfineiros, Granjas Bet\u00e2nia, S\u00e3o Dimas, Santos Anjos, Teixeiras e Po\u00e7o Rico, nesta segunda-feira, 14. Segundo informa\u00e7\u00f5es do site da Prefeitura de Juiz de Fora, a equipe do Departamento de Opera\u00e7\u00e3o e Manuten\u00e7\u00e3o em Obras (Domo) atua em novas interven\u00e7\u00f5es nos bairros S\u00e3o Pedro, Novo Horizonte, Borboleta, Jardim Cachoeira e Industrial. Confira abaixo a programa\u00e7\u00e3o para esta segunda, 14:<\/p>\n<p>Interven\u00e7\u00f5es em continuidade:<\/p>\n<p>-Corre\u00e7\u00e3o de eros\u00e3o pluvial na Avenida Lu\u00edza Vict\u00f3ria Fernandes &#8211; Jardim dos Alfineiros<br \/>\n-Constru\u00e7\u00e3o de rede de \u00e1gua pluvial na Rua Paulo Moreira Guedes, ligando Monte Castelo ao Parque Das \u00c1guas<br \/>\n-Coloca\u00e7\u00e3o de meio fio na Rua Rog\u00e9rio Fernandes Scoralick &#8211; Parque das \u00c1guas<br \/>\n-Corre\u00e7\u00e3o de eros\u00e3o pluvial na Rua Nestor Mageste Netto &#8211; Granjas Bet\u00e2nia<br \/>\n-Corre\u00e7\u00e3o de eros\u00e3o pluvial (encabe\u00e7amento) na margem do Rio Paraibuna &#8211; Avenida Brasil, S\u00e3o Dimas<br \/>\n-Reforma da Casa da Mulher na Avenida Garibaldi Campinhos &#8211; Santos Anjos<br \/>\n-Reforma de passeio na Ubs Teixeiras na Rua Cust\u00f3dio Furtado De Souza &#8211; Teixeiras<br \/>\n-Constru\u00e7\u00e3o de muro para fechamento do almoxarifado na Rua Professora Corina Ersse &#8211; Po\u00e7o Rico<br \/>\n-Limpeza de boca-de-lobo nas ruas do bairro Parque das \u00c1guas<\/p>\n<p>Novas interven\u00e7\u00f5es:<\/p>\n<p>-Retirada de barreira na Rua S\u00e3o Louren\u00e7o &#8211; Borboleta<br \/>\n-Assentamento de tampa em boca-de-lobo na Rua Edson Zaghetto Machado &#8211; S\u00e3o Pedro<br \/>\n-Corre\u00e7\u00e3o de eros\u00e3o em boca-de-lobo a Avenida Senhor Dos Passos &#8211; S\u00e3o Pedro<br \/>\n-Reforma e assentamento de bueiro na Alameda dos Manacas &#8211; Novo Horizonte<br \/>\n-Reforma de boca-de-lobo na Rua Virgulino Jo\u00e3o da Silva &#8211; S\u00e3o Pedro<br \/>\n-Assentamento de tampa na Rua Carlos Martins &#8211; Jardim Cachoeira<br \/>\n-Corre\u00e7\u00e3o de eros\u00e3o pluvial na Rua Ivan Fontes Martins &#8211; Industrial<\/p>\n<p><b>Estradas Vicinais<\/b><\/p>\n<p>O setor de Estradas Vicinais mant\u00e9m no cronograma as interven\u00e7\u00f5es em Ros\u00e1rio de Minas, Pires, Valadares e Monte Verde. Nesta segunda, 14, a equipe atua em novas obras de patrolamento na Estrada da Jazida e lan\u00e7amento de esc\u00f3ria no Loteamento Dias Tavares:<\/p>\n<p>Interven\u00e7\u00f5es em continuidade:<\/p>\n<p>-Encabe\u00e7amento de bueiro na Estrada do Macuco a Crici\u00fama &#8211; Ros\u00e1rio de Minas<br \/>\n-Coloca\u00e7\u00e3o de esc\u00f3ria em pontos cr\u00edticos na Estrada principal de Pires<br \/>\n-Coloca\u00e7\u00e3o de esc\u00f3ria em pontos cr\u00edticos na Estrada de Valadares a Ros\u00e1rio de Minas<br \/>\n-Patrolamento e lan\u00e7amento de esc\u00f3ria em pontos cr\u00edticos na Estrada do Pernambuco &#8211; -Goiabal \/ Monte Verde<\/p>\n<p>Novas interven\u00e7\u00f5es:<\/p>\n<p>Patrolamento na Estrada da Jazida &#8211; Pires<br \/>\nLan\u00e7amento de esc\u00f3ria no Loteamento Dias Tavares &#8211; Dias Tavares<\/p>\n<p><b>Ilumina\u00e7\u00e3o P\u00fablica<\/b><\/p>\n<p>A equipe de Ilumina\u00e7\u00e3o P\u00fablica segue com a Opera\u00e7\u00e3o Brilha JF nesta segunda-feira, 14, atuando na manuten\u00e7\u00e3o dos servi\u00e7os de ilumina\u00e7\u00e3o nas zonas Sul, Leste, Norte, Sudeste, Nordeste e no Centro. Confira abaixo os locais de atua\u00e7\u00e3o da equipe de Ilumina\u00e7\u00e3o P\u00fablica:<\/p>\n<p>Benfica<br \/>\nRua Jer\u00f4nimo Noberto Fernandes<\/p>\n<p>Recanto da Mata II<br \/>\nRua Am\u00e9lia Sales de Oliveira<\/p>\n<p>Recanto da Matta<br \/>\nRua Jos\u00e9ria Rezende Almeida de Menezes<br \/>\nRua Engenheiro Geraldo Magela Sanabio<br \/>\nRua Coronel Carlos S\u00e9rgio Vidal Barra<br \/>\nRua Professora Hyrtes Felga<\/p>\n<p>Paula Lima<br \/>\nRua Jos\u00e9 Eug\u00eanio Ribeiro<br \/>\nRua Coronel Jos\u00e9 Henrique de Carvalho<br \/>\nRua Vicente G\u00e1vio<\/p>\n<p>Dias Tavares<br \/>\nRua B<br \/>\nRua Albertino Ribeiro Novais<br \/>\nRua Joaquim Moltin<br \/>\nRua A<\/p>\n<p>Dom Bosco<br \/>\nRua Engenheiro Maur\u00edcio Giron<\/p>\n<p>Centro<br \/>\nAvenida Presidente Itamar Franco<\/p>\n<p>S\u00e3o Mateus<br \/>\nRua C\u00e2ndido Tostes<\/p>\n<p>Santa Cec\u00edlia<br \/>\nRua Maria Am\u00e9lia<br \/>\nRua Nilce Rodrigues<\/p>\n<p>Ipiranga<br \/>\nRua Lic\u00ednio Pereira Cortes<br \/>\nRua Renato Pandolfi<\/p>\n<p>S\u00e3o Geraldo<br \/>\nRua Clovis Serroa da Mota<\/p>\n<p>Bela Aurora<br \/>\nRua Ant\u00f4nio Batista (l\u00e2mpada intermitente)<br \/>\nRua Francisco Gon\u00e7alves Mariano<\/p>\n<p>Santa Luzia<br \/>\nRua Ch\u00e1cara<br \/>\nRua Tr\u00eas Ilhas<br \/>\nRua Torre\u00f5es<br \/>\nRua Ingr\u00e1cia Pinheiro<br \/>\nRua \u00c1gua Limpa<\/p>\n<p>Bom Pastor<br \/>\nRua Vicente Ad\u00e3o Botti<\/p>\n<p>Previdenci\u00e1rios<br \/>\nRua A<br \/>\nCond. Fazendinhas do Ipiranga estrada 9<br \/>\nRua Haroldo Furtado Vidal<br \/>\nRua C<\/p>\n<p>Vale Verde<br \/>\nRua Maria Aparecida Martins<\/p>\n<p>Sagrado Cora\u00e7\u00e3o de Jesus<br \/>\nRua Alziro Zarur<br \/>\nRua Ant\u00f4nio Francisco Lisboa<\/p>\n<p>Vila Alpina<br \/>\nRua Eurico Viana<br \/>\nRua Joaquim Gon\u00e7alves ledo<\/p>\n<p>Vitorino Braga<br \/>\nRua Heitor Guimar\u00e3es<br \/>\nRua Jesus de Oliveira<br \/>\nRua Jo\u00e3o Henrique Vila Real<\/p>\n<p>Santa C\u00e2ndida<br \/>\nRua Dante Bellei<br \/>\nRua Jorge Raimundo<br \/>\nRua Ivanilda Aparecida da Silva<br \/>\nRua Jorge Raimundo<\/p>\n<p>Santos Anjos<br \/>\nRua Jos\u00e9 Kalil Ahouagi<\/p>\n<p>S\u00e3o Benedito<br \/>\nRua Fausto Machado<br \/>\nRua Ant\u00f4nio Leoc\u00e1dio Guedes<br \/>\nRua Julieta Freire Andrade<br \/>\nRua No\u00eamia Eg\u00eddia dos Santos<br \/>\nRua Jos\u00e9 Zacarias dos Santos<br \/>\nRua Cruz e Souza<br \/>\nRua Quatro<br \/>\nRua S\u00e3o Jos\u00e9<br \/>\nRua 40<br \/>\nRua S\u00e3o Louren\u00e7o<\/p>\n<p>S\u00e3o Bernardo<br \/>\nRua Maranh\u00e3o<br \/>\nRua Avelino Debortoli<\/p>\n<p>Jardim do Sol<br \/>\nRua Doutor Moacyr Siqueira<\/p>\n<p>Santa Rita<br \/>\nRua Marina Ribeiro de Oliveira<br \/>\nRua Ot\u00e1vio Pereira Torres<br \/>\nRua Orvile Derby Dutra<\/p>\n<p>Marumbi<br \/>\nRua Carlos Luiz Reiter<br \/>\nRua Bar\u00e3o do Retiro<\/p>\n<p>Progresso<br \/>\nRua Jos\u00e9 Ant\u00f4nio Benhame<br \/>\nRua Am\u00e9rico Lobo<\/p>\n<p>Bonfim<br \/>\nRua Lindolfo Lage<br \/>\nRua Ot\u00e1vio Pereira Torres<\/p>\n<p>Santa Paula<br \/>\nRua Antonieta Maximiano Sampaio<\/p>\n<p>Bairu<br \/>\nRua Planalto<br \/>\nRua Ribeiro de Abreu<\/p>\n<p>Manoel Hon\u00f3rio<br \/>\nRua Eug\u00eanio Fontainha<\/p>\n<p>Nossa Senhora Aparecida<br \/>\nRua Ant\u00f4nio Meurer<br \/>\nRua Argeu da Cunha<br \/>\nRua C\u00e2ndido Portinari<\/p>\n<p>Parque Independ\u00eancia<br \/>\nRua Belozzi<br \/>\nRua Tenente Jos\u00e9 C\u00e2ndido Figueiredo<br \/>\nRua Deputado Arlindo Zanini<\/p>\n<p>Grama<br \/>\nAvenida Juiz de Fora<\/p>\n<p>Linhares<br \/>\nRua Maria Florice dos Santos<br \/>\nRua da Escada<br \/>\nRua Diva Garcia<br \/>\nRua Engenheiro Paulo Correa e Castro<br \/>\nRua Mauro Pereira de Almeida<br \/>\nRua Heitor Santos J\u00fanior<\/p>\n<p>Graja\u00fa<br \/>\nRua Alvina de Ara\u00fajo Alves<br \/>\nRua Rosa Sffeir<br \/>\nRua Izabel Pierre Feital<\/p>\n<p>Ao todo, a Secretaria de Obras (SO), atrav\u00e9s do Departamento de Opera\u00e7\u00e3o e Manuten\u00e7\u00e3o em Obras (Domo), Departamento de Estradas Vicinais e do Setor El\u00e9trico e de Ilumina\u00e7\u00e3o P\u00fablica, totaliza a presta\u00e7\u00e3o de servi\u00e7os para mais de 50 localidades do munic\u00edpio nesta segunda,14.<\/p>\n<p><b>\u00a0<\/b><\/p>\n","protected":false},"excerpt":{"rendered":"<p>A Secretaria de Obras (SO) da Prefeitura de Juiz de Fora (PJF) se manteve no cronograma as interven\u00e7\u00f5es realizadas nos bairros Parque das \u00c1guas, Jardim dos Alfineiros, Granjas Bet\u00e2nia, S\u00e3o Dimas, Santos Anjos, Teixeiras e Po\u00e7o Rico, nesta segunda-feira, 14. Segundo informa\u00e7\u00f5es do site da Prefeitura de Juiz de Fora, a equipe do Departamento de [&hellip;]<\/p>\n","protected":false},"author":246,"featured_media":183878,"comment_status":"closed","ping_status":"closed","sticky":false,"template":"","format":"standard","meta":{"footnotes":""},"categories":[253,436,439],"tags":[],"class_list":["post-183877","post","type-post","status-publish","format-standard","has-post-thumbnail","hentry","category-cidade","category-destaque-da-semana","category-ultima-hora"],"_links":{"self":[{"href":"https:\/\/diarioregionaldigital.com.br\/index.php?rest_route=\/wp\/v2\/posts\/183877","targetHints":{"allow":["GET"]}}],"collection":[{"href":"https:\/\/diarioregionaldigital.com.br\/index.php?rest_route=\/wp\/v2\/posts"}],"about":[{"href":"https:\/\/diarioregionaldigital.com.br\/index.php?rest_route=\/wp\/v2\/types\/post"}],"author":[{"embeddable":true,"href":"https:\/\/diarioregionaldigital.com.br\/index.php?rest_route=\/wp\/v2\/users\/246"}],"replies":[{"embeddable":true,"href":"https:\/\/diarioregionaldigital.com.br\/index.php?rest_route=%2Fwp%2Fv2%2Fcomments&post=183877"}],"version-history":[{"count":1,"href":"https:\/\/diarioregionaldigital.com.br\/index.php?rest_route=\/wp\/v2\/posts\/183877\/revisions"}],"predecessor-version":[{"id":183879,"href":"https:\/\/diarioregionaldigital.com.br\/index.php?rest_route=\/wp\/v2\/posts\/183877\/revisions\/183879"}],"wp:featuredmedia":[{"embeddable":true,"href":"https:\/\/diarioregionaldigital.com.br\/index.php?rest_route=\/wp\/v2\/media\/183878"}],"wp:attachment":[{"href":"https:\/\/diarioregionaldigital.com.br\/index.php?rest_route=%2Fwp%2Fv2%2Fmedia&parent=183877"}],"wp:term":[{"taxonomy":"category","embeddable":true,"href":"https:\/\/diarioregionaldigital.com.br\/index.php?rest_route=%2Fwp%2Fv2%2Fcategories&post=183877"},{"taxonomy":"post_tag","embeddable":true,"href":"https:\/\/diarioregionaldigital.com.br\/index.php?rest_route=%2Fwp%2Fv2%2Ftags&post=183877"}],"curies":[{"name":"wp","href":"https:\/\/api.w.org\/{rel}","templated":true}]}}