{"id":183861,"date":"2021-06-14T19:38:26","date_gmt":"2021-06-14T22:38:26","guid":{"rendered":"https:\/\/diarioregionaldigital.com.br\/?p=183861"},"modified":"2021-06-14T19:38:26","modified_gmt":"2021-06-14T22:38:26","slug":"viviane-jungblut-aproveita-repescagem-e-se-garante-em-toquio-nos-1-500m","status":"publish","type":"post","link":"https:\/\/diarioregionaldigital.com.br\/?p=183861","title":{"rendered":"Viviane Jungblut aproveita repescagem e se garante em T\u00f3quio nos 1.500m"},"content":{"rendered":"<p>No fim da tarde deste s\u00e1bado (12.06), teve fim a repescagem da seletiva ol\u00edmpica de nata\u00e7\u00e3o no Parque Aqu\u00e1tico Maria Lenk, no Rio de Janeiro. Ap\u00f3s dois dias de provas, a \u00fanica atleta que conseguiu se garantir nos Jogos de T\u00f3quio foi Viviane Jungblut. Nadando sozinha, ela cravou 16min14s00 na prova dos 1.500 metros livre. Com a marca, foi mais r\u00e1pida do que o \u00edndice A (16min32s04) e ainda bateu o recorde brasileiro da dist\u00e2ncia.<\/p>\n<p>Viviane superou tamb\u00e9m Betina Lorscheitter, que fez 16min27s73 na seletiva de abril. Dessa forma, nessa prova, o Brasil ser\u00e1 representado por Viviane e Beatriz Dizotti, que fez 16min22s07 na prova disputada em abril. Viviane ainda tentou neste s\u00e1bado o \u00edndice dos 800m livre (8min33s36). Mas ficou distante, com os 8min41s94. A Confedera\u00e7\u00e3o Brasileira de Desportos Aqu\u00e1ticos abriu essa nova oportunidade para atender aos nadadores que estavam infectados com a covid-19 em abril durante a realiza\u00e7\u00e3o da seletiva principal.<\/p>\n<p>Viviane \u00e9 integrante do Bolsa Atleta. O programa de patroc\u00ednio individual do Governo Federal Brasileiro beneficia 22 dos 23 atletas que v\u00e3o representar o pa\u00eds na nata\u00e7\u00e3o nos Jogos Ol\u00edmpicos de T\u00f3quio. Doze deles integram a categoria P\u00f3dio, a principal do Bolsa Atleta, voltada para os que se posicionam entre os 20 melhores do mundo em suas modalidades. Outros sete, como Viviane, pertencem \u00e0 categoria Internacional. H\u00e1 ainda dois na categoria Nacional e um na categoria Ol\u00edmpica.<\/p>\n<p>Com a confirma\u00e7\u00e3o de Viviane, a delega\u00e7\u00e3o brasileira que vai aos Jogos de T\u00f3quio soma 250 vagas, em 31 modalidades. Dessas 250 vagas, 104 j\u00e1 t\u00eam nome e sobrenome definidos. As outras dependem de confirma\u00e7\u00f5es e convoca\u00e7\u00f5es das confedera\u00e7\u00f5es esportivas. Entre os 104 confirmados, 96 fazem parte do Bolsa Atleta do Governo Federal, ou 92,3%.<\/p>\n<p>Fonte: Rededoesporte \/Ag\u00eancia Brasil<\/p>\n","protected":false},"excerpt":{"rendered":"<p>No fim da tarde deste s\u00e1bado (12.06), teve fim a repescagem da seletiva ol\u00edmpica de nata\u00e7\u00e3o no Parque Aqu\u00e1tico Maria Lenk, no Rio de Janeiro. Ap\u00f3s dois dias de provas, a \u00fanica atleta que conseguiu se garantir nos Jogos de T\u00f3quio foi Viviane Jungblut. Nadando sozinha, ela cravou 16min14s00 na prova dos 1.500 metros livre. [&hellip;]<\/p>\n","protected":false},"author":246,"featured_media":183862,"comment_status":"closed","ping_status":"closed","sticky":false,"template":"","format":"standard","meta":{"footnotes":""},"categories":[436,257,439],"tags":[],"class_list":["post-183861","post","type-post","status-publish","format-standard","has-post-thumbnail","hentry","category-destaque-da-semana","category-esporte","category-ultima-hora"],"_links":{"self":[{"href":"https:\/\/diarioregionaldigital.com.br\/index.php?rest_route=\/wp\/v2\/posts\/183861","targetHints":{"allow":["GET"]}}],"collection":[{"href":"https:\/\/diarioregionaldigital.com.br\/index.php?rest_route=\/wp\/v2\/posts"}],"about":[{"href":"https:\/\/diarioregionaldigital.com.br\/index.php?rest_route=\/wp\/v2\/types\/post"}],"author":[{"embeddable":true,"href":"https:\/\/diarioregionaldigital.com.br\/index.php?rest_route=\/wp\/v2\/users\/246"}],"replies":[{"embeddable":true,"href":"https:\/\/diarioregionaldigital.com.br\/index.php?rest_route=%2Fwp%2Fv2%2Fcomments&post=183861"}],"version-history":[{"count":1,"href":"https:\/\/diarioregionaldigital.com.br\/index.php?rest_route=\/wp\/v2\/posts\/183861\/revisions"}],"predecessor-version":[{"id":183863,"href":"https:\/\/diarioregionaldigital.com.br\/index.php?rest_route=\/wp\/v2\/posts\/183861\/revisions\/183863"}],"wp:featuredmedia":[{"embeddable":true,"href":"https:\/\/diarioregionaldigital.com.br\/index.php?rest_route=\/wp\/v2\/media\/183862"}],"wp:attachment":[{"href":"https:\/\/diarioregionaldigital.com.br\/index.php?rest_route=%2Fwp%2Fv2%2Fmedia&parent=183861"}],"wp:term":[{"taxonomy":"category","embeddable":true,"href":"https:\/\/diarioregionaldigital.com.br\/index.php?rest_route=%2Fwp%2Fv2%2Fcategories&post=183861"},{"taxonomy":"post_tag","embeddable":true,"href":"https:\/\/diarioregionaldigital.com.br\/index.php?rest_route=%2Fwp%2Fv2%2Ftags&post=183861"}],"curies":[{"name":"wp","href":"https:\/\/api.w.org\/{rel}","templated":true}]}}