{"id":183858,"date":"2021-06-14T19:33:50","date_gmt":"2021-06-14T22:33:50","guid":{"rendered":"https:\/\/diarioregionaldigital.com.br\/?p=183858"},"modified":"2021-06-14T19:33:50","modified_gmt":"2021-06-14T22:33:50","slug":"paulo-andre-chega-ao-quinto-titulo-do-trofeu-brasil-de-atletismo-nos-100m","status":"publish","type":"post","link":"https:\/\/diarioregionaldigital.com.br\/?p=183858","title":{"rendered":"Paulo Andr\u00e9 chega ao quinto t\u00edtulo do Trof\u00e9u Brasil de atletismo nos 100m"},"content":{"rendered":"<p>Sobrou emo\u00e7\u00e3o nas finais dos 100 m do 40\u00ba Trof\u00e9u Brasil de Atletismo, nesta sexta-feira (11.06) no Centro Ol\u00edmpico de Treinamento e Pesquisa, na Vila Clementino, em S\u00e3o Paulo. Paulo Andr\u00e9 Camilo de Oliveira (Pinheiros-SP) conquistou a quinta vit\u00f3ria consecutiva, enquanto Ana Claudia Lemos (SRM-SC) voltou a vencer depois de uma s\u00e9rie de contratempos.<\/p>\n<p>\u201cDesta vez tive uma energia surreal, um combust\u00edvel extra, que foi a not\u00edcia de que serei pai de um menino em setembro. Estou feliz e ansioso\u201d, disse Paulo Andr\u00e9, de 22 anos, qualificado para os 100m para os Jogos Ol\u00edmpicos de T\u00f3quio. Ele venceu com o tempo de 10s09, seguido de Felipe Bardi dos Santos (SESI-SP), com 10s14, e de Rodrigo Nascimento (CT Maranh\u00e3o), com 10s24.<\/p>\n<p>\u201cEsperava uma marca melhor, mas depois da chuva achei a pista pesada. Isso n\u00e3o \u00e9 desculpa. Os atletas t\u00eam de estar prontos para enfrentar qualquer situa\u00e7\u00e3o\u201d, lembrou Paulo Andr\u00e9. \u201cAgora \u00e9 focar nos treinos para a Olimp\u00edada, ganhar na parte t\u00e9cnica e no desempenho f\u00edsico\u201d, completou o velocista, que retornar\u00e1 a Vila Velha (ES).<\/p>\n<p>J\u00e1 Ana Claudia fez uma declara\u00e7\u00e3o emocionada ao treinador Katsuhico Nakaya, logo ap\u00f3s a conquista da medalha de ouro, com 11s62. \u201cEle \u00e9 uma pessoa que sempre me apoiou, \u00e9 muito especial e como se fosse o meu segundo pai\u201d, comentou Ana Claudia, que enfrentou uma suspens\u00e3o por doping e v\u00e1rias les\u00f5es seguidas nos \u00faltimos anos, sendo a mais grave no tend\u00e3o de Aquiles direito em 2018, quando pensou em encerrar a carreira. \u201cMeu ciclo ol\u00edmpico foi dif\u00edcil. Consegui provar minha inoc\u00eancia no caso do doping e me recuperar dos problemas f\u00edsicos. Este foi meu quinto t\u00edtulo do Trof\u00e9u Brasil, um al\u00edvio e um grande \u00e2nimo\u201d, completou a velocista, que espera a qualifica\u00e7\u00e3o do Brasil para os Jogos Ol\u00edmpicos no revezamento 4 x 100m. \u201cFaltam preencher duas vagas e, por enquanto, estamos com a pen\u00faltima pelo Ranking.\u201d<\/p>\n<p>Bruna J\u00e9ssica Oliveira Farias (CT-Maranh\u00e3o) garantiu a medalha de prata, com 11s63, mesmo tempo de Ana Carolina de Jesus Azevedo (CT-Maranh\u00e3o), ganhadora da medalha de bronze.<\/p>\n<p>No salto com vara, Augusto Dutra (Pinheiros) alcan\u00e7ou o seu objetivo e quebrou o recorde do Trof\u00e9u Brasil no salto com vara, com 5,72m. O recorde anterior era de F\u00e1bio Gomes da Silva, com 5,71m, desde 2014. \u201cDurante a prova aconteceram v\u00e1rias coisas &#8211; eu n\u00e3o consegui achar minha marca no aquecimento, choveu, parou, aqueci, desaqueci&#8230; Saltei 5,40 m, ganhei o Trof\u00e9u e me sentia cansado. Achei que tinha dado. Por insist\u00eancia do meu t\u00e9cnico, Henrique Martins, saltei 5,62 m e de novo a pedido dele fui tentar e saltei 5,72m.\u201d<\/p>\n<p>Augusto est\u00e1 esperando a confirma\u00e7\u00e3o do Comit\u00ea Ol\u00edmpico do Brasil (COB), mas sua expectativa \u00e9 ir para a Pol\u00f4nia antes de embarcar para o Jap\u00e3o. Abel Curtinove (AABLU-SC) ficou na segunda coloca\u00e7\u00e3o, com 5,20m, seguido Lucca Leonardo Radhuany Torres (IEMA-SP), com 4,95m.<\/p>\n<p>Rafael Henrique Campos Pereira, campe\u00e3o sul-americano de Guayaquil, no Equador, confirmou o favoritismo e venceu os 100m com barreiras. O atleta do Cl\u00e3 Delfos obteve a marca de 13s50. \u201cH\u00e1 um ano e meio era uma miss\u00e3o imposs\u00edvel vencer o Trof\u00e9u. Hoje \u00e9 uma realidade. Eu quero fazer o \u00edndice ol\u00edmpico de qualquer forma e os t\u00edtulos sul-americano e brasileiro foram importantes nessa \u2018pegada\u2019 para a Olimp\u00edada. E o prazo ainda n\u00e3o fechou. Acredito que ainda vou conseguir\u201d, disse. Eduardo de Deus (CT-Maranh\u00e3o), qualificado para a Olimp\u00edada, terminou em segundo, com 13s58, e Matheus Nunes Rocha (Associa\u00e7\u00e3o de Atletismo Pista-SP) ficou em terceiro, com 13s96.<\/p>\n<p>Nos 100m com barreiras, Ketiley Batista (ASPMP-SP) ganhou o tricampeonato brasileiro, com 13s04 (-1.0). \u201cA vit\u00f3ria tinha grande import\u00e2ncia para mim, buscando o terceiro t\u00edtulo. Eu tamb\u00e9m estava buscando o \u00edndice, mas infelizmente o tempo ainda n\u00e3o saiu. Estou em 29\u00ba lugar no Ranking de Pontos (entre 40), mas a busca \u00e9 pela marca para ter vaga garantida. Quero sair para a Europa, se conseguir.\u201d<\/p>\n<p>Micaela Rosa de Mello (UCA-SC) ficou com a prata, com 13s18, e Vitoria Sena Batista Alves (ASUFAM-SP), com o bronze, com 13s37.<\/p>\n<p>Ocorreu drama no salto triplo feminino. Keila Costa (Atletas com Futuro-PE) venceu a prova, com 13,79m, marca alcan\u00e7ada no quarta tentativa. No sexto e \u00faltimo salto, a pernambucana de 38 anos sofreu uma contratura no reto femural da perna direita, les\u00e3o de grau 1. Vai tratar na pr\u00f3pria estrutura do Trof\u00e9u Brasil at\u00e9 domingo. Saiu do salto em dist\u00e2ncia cuja qualifica\u00e7\u00e3o seria na manh\u00e3 deste s\u00e1bado (12\/6). Gabriele Santos (Pinheiros) ficou em segundo lugar, com 13,64 (1.0), seguida de Ketllyn Pamela Daniel Zanette (CAC-SC), com 13,43 m (0.7).<\/p>\n<p>A prova dos 20.000 m marcha atl\u00e9tica abriu a segunda etapa da competi\u00e7\u00e3o na manh\u00e3 desta sexta. Viviane Santana Lyra (AEFV-RJ) conquistou a medalha de ouro, com o tempo de 1h36min31s50. Foi a terceira vit\u00f3ria da atleta carioca, de 27 anos, no Trof\u00e9u Brasil. Ela j\u00e1 havia sido campe\u00e3 dos 35km m e dos 50km, especialidade em que recordista nacional, com 4:22:46.<\/p>\n<p>Gabriela Muniz (CASO-DF) ficou com a medalha de prata, com 1h38min44s37, seguida de sua companheira de equipe Elianay Santana da Silva Pereira Barbosa, com 1h40min33s17.<\/p>\n<p>Fonte: Confedera\u00e7\u00e3o Brasileira de Atletismo<\/p>\n","protected":false},"excerpt":{"rendered":"<p>Sobrou emo\u00e7\u00e3o nas finais dos 100 m do 40\u00ba Trof\u00e9u Brasil de Atletismo, nesta sexta-feira (11.06) no Centro Ol\u00edmpico de Treinamento e Pesquisa, na Vila Clementino, em S\u00e3o Paulo. Paulo Andr\u00e9 Camilo de Oliveira (Pinheiros-SP) conquistou a quinta vit\u00f3ria consecutiva, enquanto Ana Claudia Lemos (SRM-SC) voltou a vencer depois de uma s\u00e9rie de contratempos. \u201cDesta [&hellip;]<\/p>\n","protected":false},"author":246,"featured_media":183859,"comment_status":"closed","ping_status":"closed","sticky":false,"template":"","format":"standard","meta":{"footnotes":""},"categories":[436,257,439],"tags":[],"class_list":["post-183858","post","type-post","status-publish","format-standard","has-post-thumbnail","hentry","category-destaque-da-semana","category-esporte","category-ultima-hora"],"_links":{"self":[{"href":"https:\/\/diarioregionaldigital.com.br\/index.php?rest_route=\/wp\/v2\/posts\/183858","targetHints":{"allow":["GET"]}}],"collection":[{"href":"https:\/\/diarioregionaldigital.com.br\/index.php?rest_route=\/wp\/v2\/posts"}],"about":[{"href":"https:\/\/diarioregionaldigital.com.br\/index.php?rest_route=\/wp\/v2\/types\/post"}],"author":[{"embeddable":true,"href":"https:\/\/diarioregionaldigital.com.br\/index.php?rest_route=\/wp\/v2\/users\/246"}],"replies":[{"embeddable":true,"href":"https:\/\/diarioregionaldigital.com.br\/index.php?rest_route=%2Fwp%2Fv2%2Fcomments&post=183858"}],"version-history":[{"count":1,"href":"https:\/\/diarioregionaldigital.com.br\/index.php?rest_route=\/wp\/v2\/posts\/183858\/revisions"}],"predecessor-version":[{"id":183860,"href":"https:\/\/diarioregionaldigital.com.br\/index.php?rest_route=\/wp\/v2\/posts\/183858\/revisions\/183860"}],"wp:featuredmedia":[{"embeddable":true,"href":"https:\/\/diarioregionaldigital.com.br\/index.php?rest_route=\/wp\/v2\/media\/183859"}],"wp:attachment":[{"href":"https:\/\/diarioregionaldigital.com.br\/index.php?rest_route=%2Fwp%2Fv2%2Fmedia&parent=183858"}],"wp:term":[{"taxonomy":"category","embeddable":true,"href":"https:\/\/diarioregionaldigital.com.br\/index.php?rest_route=%2Fwp%2Fv2%2Fcategories&post=183858"},{"taxonomy":"post_tag","embeddable":true,"href":"https:\/\/diarioregionaldigital.com.br\/index.php?rest_route=%2Fwp%2Fv2%2Ftags&post=183858"}],"curies":[{"name":"wp","href":"https:\/\/api.w.org\/{rel}","templated":true}]}}