{"id":183855,"date":"2021-06-14T19:29:05","date_gmt":"2021-06-14T22:29:05","guid":{"rendered":"https:\/\/diarioregionaldigital.com.br\/?p=183855"},"modified":"2021-06-14T19:29:05","modified_gmt":"2021-06-14T22:29:05","slug":"primeira-dose-da-vacina-contra-covid-19-ja-foi-aplicada-em-72-das-pessoas-do-grupo-prioritario","status":"publish","type":"post","link":"https:\/\/diarioregionaldigital.com.br\/?p=183855","title":{"rendered":"Primeira dose da vacina contra covid-19 j\u00e1 foi aplicada em 72% das pessoas do grupo priorit\u00e1rio"},"content":{"rendered":"<p>Com 7,9 milh\u00f5es de vacinas contra\u00a0covid-19 aplicadas no estado, 72% dos mineiros dos grupos priorit\u00e1rios j\u00e1 receberam a primeira dose e 34%, a segunda. A an\u00e1lise \u00e9 da\u00a0<a href=\"http:\/\/www.saude.mg.gov.br\/\" target=\"_blank\" rel=\"noopener\">Secretaria de Estado de Sa\u00fade de Minas Gerais (SES-MG)<\/a>, conforme dados do\u00a0<a href=\"https:\/\/coronavirus.saude.mg.gov.br\/vacinometro\" target=\"_blank\" rel=\"noopener\">Vacin\u00f4metro<\/a>\u00a0disponibilizados at\u00e9 11\/6.<\/p>\n<p>A maior cobertura \u00e9 do grupo de trabalhadores em sa\u00fade. Destes, 80% est\u00e3o imunizados, sendo que 100% receberam pelo menos a dose 1 (D1). Em seguida, est\u00e3o os idosos acima de 60 anos, sendo 56% deles com o esquema vacinal completo\u00a0e 97% vacinados com a primeira dose. O intervalo m\u00ednimo de aplica\u00e7\u00e3o entre as doses vai de 15 dias, para CoronaVac, at\u00e9 12 semanas\u00a0para Pfizer e AstraZeneca.<\/p>\n<p>O avan\u00e7o da vacina\u00e7\u00e3o tamb\u00e9m impactou positivamente nas interna\u00e7\u00f5es e \u00f3bitos. Entre os dias 17 e 23 de janeiro deste ano, 84% das mortes eram de idosos com mais de 60 anos. No \u00faltimo levantamento feito pela pasta, entre os dias 30\/5 e 6\/6\/2021, este n\u00famero caiu para 46%. Os casos de interna\u00e7\u00f5es devido ao agravamento pela doen\u00e7a tamb\u00e9m diminu\u00edram\u00a0nessa faixa et\u00e1ria no mesmo per\u00edodo: de 65% para 28% das interna\u00e7\u00f5es.<\/p>\n<p>A queda na propor\u00e7\u00e3o de \u00f3bitos e interna\u00e7\u00f5es est\u00e1 diretamente relacionada ao aumento da cobertura vacinal no estado. \u201cUm quarto dos mineiros j\u00e1 tomaram a primeira dose da vacina contra a covid-19\u201d, aponta o secret\u00e1rio de Estado de Sa\u00fade de Minas Gerais, F\u00e1bio Baccheretti. \u201cA nossa meta \u00e9 que, entre outubro e dezembro, todas as pessoas em Minas Gerais, acima de 18 anos, j\u00e1 tenham recebido pelo menos a primeira dose\u201d.<\/p>\n<p>Para acelerar a imuniza\u00e7\u00e3o da popula\u00e7\u00e3o contra o SARS-CoV-2,\u00a0ap\u00f3s o t\u00e9rmino da vacina\u00e7\u00e3o dos trabalhadores da educa\u00e7\u00e3o, conforme as orienta\u00e7\u00f5es do Minist\u00e9rio da Sa\u00fade, 30% das vacinadas contra a covid-19 dever\u00e3o ser destinadas aos grupos priorit\u00e1rios e 70%\u00a0para as pessoas\u00a0de 18 a 59 anos.<\/p>\n<p>Mesmo com o progresso na imuniza\u00e7\u00e3o, alerta o secret\u00e1rio, \u00e9 importante que a popula\u00e7\u00e3o continue com as medidas de seguran\u00e7a contra a dissemina\u00e7\u00e3o da covid-19, como uso de m\u00e1scara e \u00e1lcool em gel 70%, al\u00e9m de evitar aglomera\u00e7\u00f5es.<\/p>\n<p><strong>Vacina\u00e7\u00e3o nos munic\u00edpios<\/strong><\/p>\n<p>A m\u00e9dia m\u00f3vel de doses aplicadas em Minas Gerais era de 132.669 em 10\/6. O dia com a maior m\u00e9dia foi em 6\/4, com 203.424 doses. Este dado est\u00e1 relacionado \u00e0 quantidade de doses recebidas do Minist\u00e9rio da Sa\u00fade, que j\u00e1 enviou, at\u00e9\u00a0 momento, 11.301.220 doses de imunizantes.<\/p>\n<p>Respons\u00e1veis pela execu\u00e7\u00e3o da campanha de vacina\u00e7\u00e3o, pelo menos 48 cidades aplicaram mais de 90% das vacinas recebidas. As macrorregi\u00f5es com maior percentual de aplica\u00e7\u00e3o s\u00e3o Noroeste (94%), Centro (91%) e Leste do Sul (90%).\u00a0Na capital, 75% das doses recebidas foram usadas; em Juiz de Fora, 81%; em Uberl\u00e2ndia, 88%; Contagem, 80%; Montes Claros, Uberaba e Betim, 83%.<\/p>\n<p>Na sexta-feira (11\/6), o\u00a0<a href=\"https:\/\/www.mg.gov.br\/\" target=\"_blank\" rel=\"noopener\">Governo de Minas<\/a>\u00a0distribuiu os 23\u00ba e 24\u00ba lotes de vacinas contra a covid-19 para as 28 Unidades Regionais de Sa\u00fade. Foram 600.260 doses &#8211; sendo 362.750 da AstraZeneca e 237.510 da Pfizer.<\/p>\n<p><span style=\"font-weight: 400;\">Fonte: Ag\u00eancia Minas <\/span><\/p>\n","protected":false},"excerpt":{"rendered":"<p>Com 7,9 milh\u00f5es de vacinas contra\u00a0covid-19 aplicadas no estado, 72% dos mineiros dos grupos priorit\u00e1rios j\u00e1 receberam a primeira dose e 34%, a segunda. A an\u00e1lise \u00e9 da\u00a0Secretaria de Estado de Sa\u00fade de Minas Gerais (SES-MG), conforme dados do\u00a0Vacin\u00f4metro\u00a0disponibilizados at\u00e9 11\/6. A maior cobertura \u00e9 do grupo de trabalhadores em sa\u00fade. Destes, 80% est\u00e3o imunizados, [&hellip;]<\/p>\n","protected":false},"author":246,"featured_media":183856,"comment_status":"closed","ping_status":"closed","sticky":false,"template":"","format":"standard","meta":{"footnotes":""},"categories":[436,254,439],"tags":[],"class_list":["post-183855","post","type-post","status-publish","format-standard","has-post-thumbnail","hentry","category-destaque-da-semana","category-politica","category-ultima-hora"],"_links":{"self":[{"href":"https:\/\/diarioregionaldigital.com.br\/index.php?rest_route=\/wp\/v2\/posts\/183855","targetHints":{"allow":["GET"]}}],"collection":[{"href":"https:\/\/diarioregionaldigital.com.br\/index.php?rest_route=\/wp\/v2\/posts"}],"about":[{"href":"https:\/\/diarioregionaldigital.com.br\/index.php?rest_route=\/wp\/v2\/types\/post"}],"author":[{"embeddable":true,"href":"https:\/\/diarioregionaldigital.com.br\/index.php?rest_route=\/wp\/v2\/users\/246"}],"replies":[{"embeddable":true,"href":"https:\/\/diarioregionaldigital.com.br\/index.php?rest_route=%2Fwp%2Fv2%2Fcomments&post=183855"}],"version-history":[{"count":1,"href":"https:\/\/diarioregionaldigital.com.br\/index.php?rest_route=\/wp\/v2\/posts\/183855\/revisions"}],"predecessor-version":[{"id":183857,"href":"https:\/\/diarioregionaldigital.com.br\/index.php?rest_route=\/wp\/v2\/posts\/183855\/revisions\/183857"}],"wp:featuredmedia":[{"embeddable":true,"href":"https:\/\/diarioregionaldigital.com.br\/index.php?rest_route=\/wp\/v2\/media\/183856"}],"wp:attachment":[{"href":"https:\/\/diarioregionaldigital.com.br\/index.php?rest_route=%2Fwp%2Fv2%2Fmedia&parent=183855"}],"wp:term":[{"taxonomy":"category","embeddable":true,"href":"https:\/\/diarioregionaldigital.com.br\/index.php?rest_route=%2Fwp%2Fv2%2Fcategories&post=183855"},{"taxonomy":"post_tag","embeddable":true,"href":"https:\/\/diarioregionaldigital.com.br\/index.php?rest_route=%2Fwp%2Fv2%2Ftags&post=183855"}],"curies":[{"name":"wp","href":"https:\/\/api.w.org\/{rel}","templated":true}]}}