{"id":183764,"date":"2021-06-11T00:17:03","date_gmt":"2021-06-11T03:17:03","guid":{"rendered":"https:\/\/diarioregionaldigital.com.br\/?p=183764"},"modified":"2021-06-11T00:17:03","modified_gmt":"2021-06-11T03:17:03","slug":"estado-notifica-mais-de-11-mil-novos-casos-por-covid-19-2","status":"publish","type":"post","link":"https:\/\/diarioregionaldigital.com.br\/?p=183764","title":{"rendered":"Estado notifica mais de 11 mil novos casos por Covid-19"},"content":{"rendered":"<p>O novo\u00a0<a href=\"https:\/\/coronavirus.saude.mg.gov.br\/images\/1_2021\/06-junho\/10-06_COVID-19-BOLETIM20210610.pdf\">boletim epidemiol\u00f3gico\u00a0<\/a>publicado nesta quinta-feira (11), pela Secretaria de Estado da Sa\u00fade de Minas Gerais (SES-MG), informa que nas \u00faltimas 24h, o estado registrou mais 11.043 novos casos por Coronav\u00edrus, totalizando 1.657.147 pessoas infectadas. Conforme o levantamento, foram contabilizadas mais 319 mortes, acumulando 42.319 vidas perdidas.<\/p>\n<p>Al\u00e9m disso, 1.522.063 pacientes est\u00e3o recuperados da doen\u00e7a, representando 91,8 % dos casos. Quanto aos dados de hospitaliza\u00e7\u00e3o, 144.538 pacientes estiveram internados e 1.512.609 estiveram em isolamento domiciliar. At\u00e9 o momento, 5.311.217 pessoas receberam a primeira dose da vacina e 2.510.392 a segunda.<\/p>\n","protected":false},"excerpt":{"rendered":"<p>O novo\u00a0boletim epidemiol\u00f3gico\u00a0publicado nesta quinta-feira (11), pela Secretaria de Estado da Sa\u00fade de Minas Gerais (SES-MG), informa que nas \u00faltimas 24h, o estado registrou mais 11.043 novos casos por Coronav\u00edrus, totalizando 1.657.147 pessoas infectadas. Conforme o levantamento, foram contabilizadas mais 319 mortes, acumulando 42.319 vidas perdidas. Al\u00e9m disso, 1.522.063 pacientes est\u00e3o recuperados da doen\u00e7a, representando [&hellip;]<\/p>\n","protected":false},"author":246,"featured_media":183765,"comment_status":"closed","ping_status":"closed","sticky":false,"template":"","format":"standard","meta":{"footnotes":""},"categories":[252],"tags":[],"class_list":["post-183764","post","type-post","status-publish","format-standard","has-post-thumbnail","hentry","category-regiao"],"_links":{"self":[{"href":"https:\/\/diarioregionaldigital.com.br\/index.php?rest_route=\/wp\/v2\/posts\/183764","targetHints":{"allow":["GET"]}}],"collection":[{"href":"https:\/\/diarioregionaldigital.com.br\/index.php?rest_route=\/wp\/v2\/posts"}],"about":[{"href":"https:\/\/diarioregionaldigital.com.br\/index.php?rest_route=\/wp\/v2\/types\/post"}],"author":[{"embeddable":true,"href":"https:\/\/diarioregionaldigital.com.br\/index.php?rest_route=\/wp\/v2\/users\/246"}],"replies":[{"embeddable":true,"href":"https:\/\/diarioregionaldigital.com.br\/index.php?rest_route=%2Fwp%2Fv2%2Fcomments&post=183764"}],"version-history":[{"count":1,"href":"https:\/\/diarioregionaldigital.com.br\/index.php?rest_route=\/wp\/v2\/posts\/183764\/revisions"}],"predecessor-version":[{"id":183767,"href":"https:\/\/diarioregionaldigital.com.br\/index.php?rest_route=\/wp\/v2\/posts\/183764\/revisions\/183767"}],"wp:featuredmedia":[{"embeddable":true,"href":"https:\/\/diarioregionaldigital.com.br\/index.php?rest_route=\/wp\/v2\/media\/183765"}],"wp:attachment":[{"href":"https:\/\/diarioregionaldigital.com.br\/index.php?rest_route=%2Fwp%2Fv2%2Fmedia&parent=183764"}],"wp:term":[{"taxonomy":"category","embeddable":true,"href":"https:\/\/diarioregionaldigital.com.br\/index.php?rest_route=%2Fwp%2Fv2%2Fcategories&post=183764"},{"taxonomy":"post_tag","embeddable":true,"href":"https:\/\/diarioregionaldigital.com.br\/index.php?rest_route=%2Fwp%2Fv2%2Ftags&post=183764"}],"curies":[{"name":"wp","href":"https:\/\/api.w.org\/{rel}","templated":true}]}}