{"id":183742,"date":"2021-06-10T19:25:49","date_gmt":"2021-06-10T22:25:49","guid":{"rendered":"https:\/\/diarioregionaldigital.com.br\/?p=183742"},"modified":"2021-06-10T19:25:49","modified_gmt":"2021-06-10T22:25:49","slug":"qualidade-da-vacinacao-em-juiz-de-fora-e-atestada-pelo-secretario-de-saude-do-estado","status":"publish","type":"post","link":"https:\/\/diarioregionaldigital.com.br\/?p=183742","title":{"rendered":"Qualidade da vacina\u00e7\u00e3o em Juiz de Fora \u00e9 atestada pelo Secret\u00e1rio de Sa\u00fade do Estado"},"content":{"rendered":"<p>No come\u00e7o da tarde desta quinta-feira, 10, em entrevista \u00e0 r\u00e1dio Transam\u00e9rica Juiz de Fora, o Secret\u00e1rio de Sa\u00fade do Estado, F\u00e1bio Baccheretti, confirmou que Juiz de Fora est\u00e1 realizando boas pr\u00e1ticas e um bom trabalho na campanha de imuniza\u00e7\u00e3o contra o coronav\u00edrus. Segundo Baccheretti, o processo de vacina\u00e7\u00e3o \u00e9 complexo, come\u00e7ando pela distribui\u00e7\u00e3o para as regionais, at\u00e9 a aplica\u00e7\u00e3o pelos munic\u00edpios.<\/p>\n<p>\u201cO papel da secretaria \u00e9 que fizesse uma vistoria para entender se h\u00e1 algum problema em rela\u00e7\u00e3o \u00e0 perda t\u00e9cnica da vacina. Alguns pontos importantes foram levantados, no momento da visita foram observados que a vacina\u00e7\u00e3o estava ocorrendo de forma adequada, sem nenhum erro t\u00e9cnico, e que algumas considera\u00e7\u00f5es foram feitas\u201d, afirmou.<\/p>\n<p>Segundo informa\u00e7\u00f5es do site da Prefeitura de Juiz de Fora, a secret\u00e1ria de Sa\u00fade de Juiz de Fora, Ana Pimentel, participou por telefone da entrevista cuja pauta foi o relat\u00f3rio da Superintend\u00eancia Regional de Sa\u00fade a respeito do processo de vacina\u00e7\u00e3o na cidade. No documento divulgado pela Superintend\u00eancia, a aplica\u00e7\u00e3o de doses obedece &#8220;\u00e0s boas pr\u00e1ticas de vacina\u00e7\u00e3o, n\u00e3o sendo observado o emprego de t\u00e9cnicas incorretas&#8221;, como indica o ponto 2 do item IV do documento\u201d. O mesmo item ainda ressalta que &#8220;n\u00e3o foi notado ajustes de dose fora do frasco ou excessivos&#8221;, confirmando a efici\u00eancia do processo de aplica\u00e7\u00e3o do imunizante no munic\u00edpio.<\/p>\n<p>Ana Pimentel confirmou que o relat\u00f3rio atesta as boas pr\u00e1ticas do munic\u00edpio e que \u00e9 \u201cbastante enf\u00e1tico sobre o processo de imuniza\u00e7\u00e3o que atende \u00e0s boas pr\u00e1ticas de vacina\u00e7\u00e3o, como o relat\u00f3rio muito bem enfatiza. N\u00e3o foi notificado o emprego de t\u00e9cnicas incorretas e, com rela\u00e7\u00e3o a isso, a t\u00e9cnica est\u00e1 corretamente adequada. O processo de vacina\u00e7\u00e3o na cidade \u00e9 hist\u00f3rico, feito por servidores que atuam na imuniza\u00e7\u00e3o ao longo de d\u00e9cadas\u201d, ressaltou.<\/p>\n<p>Ainda na entrevista para a R\u00e1dio Transam\u00e9rica Juiz de Fora, o Secret\u00e1rio Estadual de Sa\u00fade, F\u00e1bio Baccheretti, disse que todos os munic\u00edpios mineiros v\u00e3o ter acesso ao imunizante da Janssen, sem previs\u00e3o de data.<\/p>\n","protected":false},"excerpt":{"rendered":"<p>No come\u00e7o da tarde desta quinta-feira, 10, em entrevista \u00e0 r\u00e1dio Transam\u00e9rica Juiz de Fora, o Secret\u00e1rio de Sa\u00fade do Estado, F\u00e1bio Baccheretti, confirmou que Juiz de Fora est\u00e1 realizando boas pr\u00e1ticas e um bom trabalho na campanha de imuniza\u00e7\u00e3o contra o coronav\u00edrus. Segundo Baccheretti, o processo de vacina\u00e7\u00e3o \u00e9 complexo, come\u00e7ando pela distribui\u00e7\u00e3o para [&hellip;]<\/p>\n","protected":false},"author":246,"featured_media":183743,"comment_status":"closed","ping_status":"closed","sticky":false,"template":"","format":"standard","meta":{"footnotes":""},"categories":[253,440,439],"tags":[],"class_list":["post-183742","post","type-post","status-publish","format-standard","has-post-thumbnail","hentry","category-cidade","category-destaques-do-dia","category-ultima-hora"],"_links":{"self":[{"href":"https:\/\/diarioregionaldigital.com.br\/index.php?rest_route=\/wp\/v2\/posts\/183742","targetHints":{"allow":["GET"]}}],"collection":[{"href":"https:\/\/diarioregionaldigital.com.br\/index.php?rest_route=\/wp\/v2\/posts"}],"about":[{"href":"https:\/\/diarioregionaldigital.com.br\/index.php?rest_route=\/wp\/v2\/types\/post"}],"author":[{"embeddable":true,"href":"https:\/\/diarioregionaldigital.com.br\/index.php?rest_route=\/wp\/v2\/users\/246"}],"replies":[{"embeddable":true,"href":"https:\/\/diarioregionaldigital.com.br\/index.php?rest_route=%2Fwp%2Fv2%2Fcomments&post=183742"}],"version-history":[{"count":1,"href":"https:\/\/diarioregionaldigital.com.br\/index.php?rest_route=\/wp\/v2\/posts\/183742\/revisions"}],"predecessor-version":[{"id":183744,"href":"https:\/\/diarioregionaldigital.com.br\/index.php?rest_route=\/wp\/v2\/posts\/183742\/revisions\/183744"}],"wp:featuredmedia":[{"embeddable":true,"href":"https:\/\/diarioregionaldigital.com.br\/index.php?rest_route=\/wp\/v2\/media\/183743"}],"wp:attachment":[{"href":"https:\/\/diarioregionaldigital.com.br\/index.php?rest_route=%2Fwp%2Fv2%2Fmedia&parent=183742"}],"wp:term":[{"taxonomy":"category","embeddable":true,"href":"https:\/\/diarioregionaldigital.com.br\/index.php?rest_route=%2Fwp%2Fv2%2Fcategories&post=183742"},{"taxonomy":"post_tag","embeddable":true,"href":"https:\/\/diarioregionaldigital.com.br\/index.php?rest_route=%2Fwp%2Fv2%2Ftags&post=183742"}],"curies":[{"name":"wp","href":"https:\/\/api.w.org\/{rel}","templated":true}]}}