{"id":183720,"date":"2021-06-10T18:09:45","date_gmt":"2021-06-10T21:09:45","guid":{"rendered":"https:\/\/diarioregionaldigital.com.br\/?p=183720"},"modified":"2021-06-10T18:09:45","modified_gmt":"2021-06-10T21:09:45","slug":"fabio-bordignon-bate-recorde-das-americas-no-segundo-dia-de-seletiva-paralimpica","status":"publish","type":"post","link":"https:\/\/diarioregionaldigital.com.br\/?p=183720","title":{"rendered":"F\u00e1bio Bordignon bate recorde das Am\u00e9ricas no segundo dia de seletiva paral\u00edmpica"},"content":{"rendered":"<p>O velocista fluminense F\u00e1bio Bordignon, da classe T35, estabeleceu um novo recorde das Am\u00e9ricas e brasileiro nos 100m nesta quarta-feira, 9.06, durante o segundo dia da seletiva paral\u00edmpica do atletismo. A marca de 12s40 tamb\u00e9m lhe rendeu o \u00edndice para os Jogos de T\u00f3quio. A primeira etapa da seletiva ocorre no Centro de Treinamento Paral\u00edmpico de S\u00e3o Paulo at\u00e9 s\u00e1bado, 12.06, e re\u00fane 63 inscritos.<\/p>\n<p>A antiga marca continental era de 12s57, do pr\u00f3prio atleta, registrada em 2018. &#8220;\u00c9 gratificante voltar a correr e alcan\u00e7ar o \u00edndice para T\u00f3quio. Com toda a certeza, \u00e9 uma supera\u00e7\u00e3o de tudo o que ocorreu na pandemia. Estou voltando de les\u00e3o, tive coronav\u00edrus e s\u00f3 voltei a treinar recentemente. Agrade\u00e7o ao meu clube, a Andef, e ao professor Amaury [t\u00e9cnico chefe do atletismo] por todo o suporte&#8221;, afirmou F\u00e1bio, que tem paralisia cerebral.<\/p>\n<p>O atleta conheceu o esporte paral\u00edmpico em 2007, assistindo \u00e0s transmiss\u00f5es dos Jogos Parapan-Americanos do Rio. Ao procurar uma institui\u00e7\u00e3o para pessoas com defici\u00eancia, descobriu o futebol de 7 e iniciou a carreira em 2009. Disputou v\u00e1rias competi\u00e7\u00f5es, inclusive os Jogos Paral\u00edmpicos de Londres 2012 pelo futebol de 7.<\/p>\n<p>J\u00e1 em 2015, F\u00e1bio migrou para o atletismo e, no ano seguinte, j\u00e1 era recordista das Am\u00e9ricas. Novamente nos Jogos Paral\u00edmpicos, faturou a prata nos 100m e nos 200m na edi\u00e7\u00e3o do Rio, em 2016. Nos Jogos Parapan-Americanos Lima 2019 foi campe\u00e3o nos 100m e faturou o bronze nos 200m da classe T35. \u201cAgora, aguardo a convoca\u00e7\u00e3o oficial e espero conquistar pelo menos uma medalha para o Brasil em T\u00f3quio\u201d.<\/p>\n<p>Outros resultados<\/p>\n<p>Apesar de n\u00e3o bater o \u00edndice de 10s68 na sua prova dos 100m, o velocista Alan Fonteles bateu o recorde das Am\u00e9ricas pela classe T62 (amputados de membros inferiores com pr\u00f3tese). O atleta do Par\u00e1 completou a dist\u00e2ncia em 11s25 e baixou a marca continental anterior que era de 11s42.<\/p>\n<p>Assim como havia feito na prova dos 100m, na abertura da seletiva, o velocista Christian Gabriel, da classe T37 (atletas com paralisia cerebral), voltou a bater o \u00edndice nos 200m nesta quarta. Ele correu em 23s19 e foi mais r\u00e1pido que a marca de 23s31 pr\u00e9-estabelecida em sua classe.<\/p>\n<p>Outros atletas da classe T37, Mateus Evangelista e Ricardo Gomes ficaram pr\u00f3ximos do \u00edndice de 11s34 nos 100m. O primeiro completou a prova em 11s79, enquanto o segundo fez em 11s59.<\/p>\n<p>Entre as mulheres, a velocista Gabriela Mendon\u00e7a ficou a 34 cent\u00e9simos do \u00edndice de 12s20 na prova dos 100m feminino pela classe T13 (atletas com defici\u00eancia visual).<\/p>\n<p>Todos os atletas citados nesta reportagem s\u00e3o integrantes do Bolsa Atleta, programa de patroc\u00ednio individual do Governo Federal Brasileiro, executado pela Secretaria Especial do Esporte do Minist\u00e9rio da Cidadania. F\u00e1bio Bordignon, Alan Fonteles, Mateus Evangelista e Gabriela Mendon\u00e7a integram a categoria P\u00f3dio, a principal do programa. A Bolsa P\u00f3dio \u00e9 voltada para atletas que ocupam as 20 primeiras coloca\u00e7\u00f5es no ranking mundial de suas modalidades, e prev\u00ea repasses mensais que variam entre R$ 5 mil a R$ 15 mil, de acordo com os resultados dos atletas.<\/p>\n<p>Fonte: Comit\u00ea Paral\u00edmpico Brasileiro (CPB)<\/p>\n<p>&nbsp;<\/p>\n","protected":false},"excerpt":{"rendered":"<p>O velocista fluminense F\u00e1bio Bordignon, da classe T35, estabeleceu um novo recorde das Am\u00e9ricas e brasileiro nos 100m nesta quarta-feira, 9.06, durante o segundo dia da seletiva paral\u00edmpica do atletismo. A marca de 12s40 tamb\u00e9m lhe rendeu o \u00edndice para os Jogos de T\u00f3quio. A primeira etapa da seletiva ocorre no Centro de Treinamento Paral\u00edmpico [&hellip;]<\/p>\n","protected":false},"author":246,"featured_media":183721,"comment_status":"closed","ping_status":"closed","sticky":false,"template":"","format":"standard","meta":{"footnotes":""},"categories":[436,257,439],"tags":[],"class_list":["post-183720","post","type-post","status-publish","format-standard","has-post-thumbnail","hentry","category-destaque-da-semana","category-esporte","category-ultima-hora"],"_links":{"self":[{"href":"https:\/\/diarioregionaldigital.com.br\/index.php?rest_route=\/wp\/v2\/posts\/183720","targetHints":{"allow":["GET"]}}],"collection":[{"href":"https:\/\/diarioregionaldigital.com.br\/index.php?rest_route=\/wp\/v2\/posts"}],"about":[{"href":"https:\/\/diarioregionaldigital.com.br\/index.php?rest_route=\/wp\/v2\/types\/post"}],"author":[{"embeddable":true,"href":"https:\/\/diarioregionaldigital.com.br\/index.php?rest_route=\/wp\/v2\/users\/246"}],"replies":[{"embeddable":true,"href":"https:\/\/diarioregionaldigital.com.br\/index.php?rest_route=%2Fwp%2Fv2%2Fcomments&post=183720"}],"version-history":[{"count":1,"href":"https:\/\/diarioregionaldigital.com.br\/index.php?rest_route=\/wp\/v2\/posts\/183720\/revisions"}],"predecessor-version":[{"id":183722,"href":"https:\/\/diarioregionaldigital.com.br\/index.php?rest_route=\/wp\/v2\/posts\/183720\/revisions\/183722"}],"wp:featuredmedia":[{"embeddable":true,"href":"https:\/\/diarioregionaldigital.com.br\/index.php?rest_route=\/wp\/v2\/media\/183721"}],"wp:attachment":[{"href":"https:\/\/diarioregionaldigital.com.br\/index.php?rest_route=%2Fwp%2Fv2%2Fmedia&parent=183720"}],"wp:term":[{"taxonomy":"category","embeddable":true,"href":"https:\/\/diarioregionaldigital.com.br\/index.php?rest_route=%2Fwp%2Fv2%2Fcategories&post=183720"},{"taxonomy":"post_tag","embeddable":true,"href":"https:\/\/diarioregionaldigital.com.br\/index.php?rest_route=%2Fwp%2Fv2%2Ftags&post=183720"}],"curies":[{"name":"wp","href":"https:\/\/api.w.org\/{rel}","templated":true}]}}