{"id":183717,"date":"2021-06-10T18:05:01","date_gmt":"2021-06-10T21:05:01","guid":{"rendered":"https:\/\/diarioregionaldigital.com.br\/?p=183717"},"modified":"2021-06-10T18:05:01","modified_gmt":"2021-06-10T21:05:01","slug":"governo-disponibiliza-mais-de-74-mil-medicamentos-para-tratamento-de-covid-19","status":"publish","type":"post","link":"https:\/\/diarioregionaldigital.com.br\/?p=183717","title":{"rendered":"Governo disponibiliza mais de 74 mil medicamentos para tratamento de covid-19"},"content":{"rendered":"<p>Pelo menos 79 hospitais que se encontram com n\u00edveis de disponibilidade dos medicamentos considerados cr\u00edticos\u00a0podem, nesta semana, retirar insumos essenciais para a seda\u00e7\u00e3o dos pacientes em tratamento da covid-19 no almoxarifado da\u00a0<a href=\"https:\/\/www.saude.mg.gov.br\/\" target=\"_blank\" rel=\"noopener\">Secretaria de Estado de Sa\u00fade de Minas Gerais (SES-MG)<\/a><\/p>\n<p>Os itens adquiridos pelo\u00a0<a href=\"http:\/\/www.mg.gov.br\/\" target=\"_blank\" rel=\"noopener\">Governo de Minas<\/a>\u00a0s\u00e3o suficientes para cobertura de tr\u00eas dias. Est\u00e3o dispon\u00edveis 74.250\u00a0unidades do rem\u00e9dio diazepam.<\/p>\n<p>A SES-MG informa que todas as 14 macrorregi\u00f5es do estado ir\u00e3o receber os insumos em 70 cidades. Na macro Centro\u00a0ser\u00e3o 14 hospitais; na Sul, 13; na Norte e Oeste, oito; na Centro-Sul, seis; na Sudeste, cinco; nas macros Noroeste, Tri\u00e2ngulo do Norte e Tri\u00e2ngulo do Sul, quatro; Leste, Leste do Sul e Nordeste, tr\u00eas; e nas macros Jequitinhonha e Vale do A\u00e7o, duas unidades hospitalares.<\/p>\n<ul>\n<li><em><a href=\"http:\/\/www.agenciaminas.mg.gov.br\/ckeditor_assets\/attachments\/11267\/pauta_kit_intubacao_10_6.xlsx\" target=\"_blank\" rel=\"noopener\">Clique aqui<\/a>\u00a0e confira a rela\u00e7\u00e3o das unidades hospitalares que receberam os medicamentos.\u00a0<\/em><\/li>\n<\/ul>\n<p><strong>Monitoramento<\/strong><\/p>\n<p>A SES-MG, juntamente com o Conselho de Secretarias Municipais de Sa\u00fade de Minas Gerais (Cosems-MG), faz o levantamento peri\u00f3dico dos quantitativos dos prestadores e fornecedores de medicamentos e insumos das unidades hospitalares. Tamb\u00e9m \u00e9 monitorado o abastecimento de f\u00e1rmacos nas redes p\u00fablicas e privadas de assist\u00eancia m\u00e9dico-hospitalar, que devem informar regularmente \u00e0 SES-MG sobre estoques dispon\u00edveis de medicamentos e insumos.<\/p>\n<p>O monitoramento \u00e9 feito a partir da autodeclara\u00e7\u00e3o e preenchimento de formul\u00e1rio. Assim que cada remessa chega ao estado, o resultado do monitoramento semanal \u00e9 analisado para distribui\u00e7\u00e3o aos hospitais em situa\u00e7\u00e3o mais cr\u00edtica e conforme disponibilidade do estoque. A sugest\u00e3o de distribui\u00e7\u00e3o \u00e9 validada junto a uma comiss\u00e3o da SES-MG e do Cosems-MG.<\/p>\n<p><span style=\"font-weight: 400;\">Fonte: Ag\u00eancia Minas <\/span><\/p>\n","protected":false},"excerpt":{"rendered":"<p>Pelo menos 79 hospitais que se encontram com n\u00edveis de disponibilidade dos medicamentos considerados cr\u00edticos\u00a0podem, nesta semana, retirar insumos essenciais para a seda\u00e7\u00e3o dos pacientes em tratamento da covid-19 no almoxarifado da\u00a0Secretaria de Estado de Sa\u00fade de Minas Gerais (SES-MG) Os itens adquiridos pelo\u00a0Governo de Minas\u00a0s\u00e3o suficientes para cobertura de tr\u00eas dias. Est\u00e3o dispon\u00edveis 74.250\u00a0unidades [&hellip;]<\/p>\n","protected":false},"author":246,"featured_media":183718,"comment_status":"closed","ping_status":"closed","sticky":false,"template":"","format":"standard","meta":{"footnotes":""},"categories":[436,254,439],"tags":[],"class_list":["post-183717","post","type-post","status-publish","format-standard","has-post-thumbnail","hentry","category-destaque-da-semana","category-politica","category-ultima-hora"],"_links":{"self":[{"href":"https:\/\/diarioregionaldigital.com.br\/index.php?rest_route=\/wp\/v2\/posts\/183717","targetHints":{"allow":["GET"]}}],"collection":[{"href":"https:\/\/diarioregionaldigital.com.br\/index.php?rest_route=\/wp\/v2\/posts"}],"about":[{"href":"https:\/\/diarioregionaldigital.com.br\/index.php?rest_route=\/wp\/v2\/types\/post"}],"author":[{"embeddable":true,"href":"https:\/\/diarioregionaldigital.com.br\/index.php?rest_route=\/wp\/v2\/users\/246"}],"replies":[{"embeddable":true,"href":"https:\/\/diarioregionaldigital.com.br\/index.php?rest_route=%2Fwp%2Fv2%2Fcomments&post=183717"}],"version-history":[{"count":1,"href":"https:\/\/diarioregionaldigital.com.br\/index.php?rest_route=\/wp\/v2\/posts\/183717\/revisions"}],"predecessor-version":[{"id":183719,"href":"https:\/\/diarioregionaldigital.com.br\/index.php?rest_route=\/wp\/v2\/posts\/183717\/revisions\/183719"}],"wp:featuredmedia":[{"embeddable":true,"href":"https:\/\/diarioregionaldigital.com.br\/index.php?rest_route=\/wp\/v2\/media\/183718"}],"wp:attachment":[{"href":"https:\/\/diarioregionaldigital.com.br\/index.php?rest_route=%2Fwp%2Fv2%2Fmedia&parent=183717"}],"wp:term":[{"taxonomy":"category","embeddable":true,"href":"https:\/\/diarioregionaldigital.com.br\/index.php?rest_route=%2Fwp%2Fv2%2Fcategories&post=183717"},{"taxonomy":"post_tag","embeddable":true,"href":"https:\/\/diarioregionaldigital.com.br\/index.php?rest_route=%2Fwp%2Fv2%2Ftags&post=183717"}],"curies":[{"name":"wp","href":"https:\/\/api.w.org\/{rel}","templated":true}]}}