{"id":183711,"date":"2021-06-10T17:52:47","date_gmt":"2021-06-10T20:52:47","guid":{"rendered":"https:\/\/diarioregionaldigital.com.br\/?p=183711"},"modified":"2021-06-10T17:52:47","modified_gmt":"2021-06-10T20:52:47","slug":"consumo-mundial-de-cafe-atinge-volume-de-16758-milhoes-de-sacas","status":"publish","type":"post","link":"https:\/\/diarioregionaldigital.com.br\/?p=183711","title":{"rendered":"Consumo mundial de caf\u00e9 atinge volume de 167,58 milh\u00f5es de sacas"},"content":{"rendered":"<p>O consumo mundial de caf\u00e9 no ano-cafeeiro 2020-2021 dever\u00e1 atingir o volume f\u00edsico equivalente a 167,58 milh\u00f5es de sacas de 60kg, o que representa um acr\u00e9scimo de 1,9%, em compara\u00e7\u00e3o com o consumo registrado no ano-cafeeiro anterior, que foi de 164,43 milh\u00f5es de sacas. A previs\u00e3o \u00e9 da Empresa Brasileira de Pesquisa Agropecu\u00e1ria (Embrapa).<\/p>\n<p>Neste ano-cafeeiro em curso, a Europa ser\u00e1 respons\u00e1vel 32,5% do consumo mundial de caf\u00e9, \u00c1sia &amp; Oceania 21,9%, Am\u00e9rica do Norte 18,9%, Am\u00e9rica do Sul 16,2%, \u00c1frica 7,3% e M\u00e9xico &amp; Am\u00e9rica Central 3,2%.<\/p>\n<p><strong>Ranking de consumo<br \/>\n<\/strong><br \/>\nNeste contexto global do consumo de caf\u00e9, um ranking dos seis blocos econ\u00f4micos, em termos de volume e respectivo crescimento percentual, em rela\u00e7\u00e3o ao per\u00edodo anterior, demonstra a seguinte performance em ordem decrescente de volume: a Europa, em primeiro lugar, com 54,25 milh\u00f5es de sacas a serem consumidas, apresentar\u00e1 um crescimento de 1,8%; na segunda posi\u00e7\u00e3o, vem a \u00c1sia e Oceania, com 36,70 milh\u00f5es de sacas (1,3% de crescimento); e, na sequ\u00eancia, destaca-se a Am\u00e9rica do Norte, com 31,77 milh\u00f5es de sacas (3,7%).<\/p>\n<p>Em quarto colocado nesse ranking, figura a Am\u00e9rica do Sul, com 27,23 milh\u00f5es de sacas, volume f\u00edsico que representa um acr\u00e9scimo de 1,2% em rela\u00e7\u00e3o ao per\u00edodo anterior; em quinta posi\u00e7\u00e3o, o continente Africano, com 12,27 milh\u00f5es de sacas (2,1%); e, por fim, a regi\u00e3o que contempla o M\u00e9xico e a Am\u00e9rica Central, o consumo atingir\u00e1 5,36 milh\u00f5es de sacas, o que representar\u00e1 aumento de 0,7%, tamb\u00e9m se comparado com o consumo do ano-cafeeiro anterior.<\/p>\n<p>Os n\u00fameros e dados estat\u00edsticos da performance do consumo da cafeicultura global s\u00e3o do Relat\u00f3rio sobre o mercado de Caf\u00e9 \u2013 maio 2021, da Organiza\u00e7\u00e3o Internacional do Caf\u00e9 (OIC), institui\u00e7\u00e3o representativa da cafeicultura mundial, da qual o Brasil \u00e9 pa\u00eds-membro.<\/p>\n<p>O relat\u00f3rio encontra-se dispon\u00edvel na \u00edntegra no Observat\u00f3rio do Caf\u00e9, do Cons\u00f3rcio Pesquisa Caf\u00e9, rede integrada de pesquisa coordenada pela Embrapa Caf\u00e9. O ano-cafeeiro para a OIC compreende o per\u00edodo de outubro a setembro. O consumo e a produ\u00e7\u00e3o mundiais de caf\u00e9 s\u00e3o agrupados pela Organiza\u00e7\u00e3o nos seis blocos econ\u00f4micos citados.<\/p>\n<p>A OIC atribui o incremento do consumo mundial de caf\u00e9 ao abrandamento das restri\u00e7\u00f5es ligadas \u00e0 pandemia da covid-19 e as perspectivas de uma recupera\u00e7\u00e3o econ\u00f4mica subsequente, al\u00e9m da confian\u00e7a dos consumidores, fatores que t\u00eam sinalizado uma tend\u00eancia positiva no consumo mundial de caf\u00e9. Assim, conforme a organiza\u00e7\u00e3o, o consumo dever\u00e1 crescer 2,3% nos pa\u00edses importadores e 1% nos pa\u00edses exportadores.<span style=\"font-weight: 400;\"><br \/>\n<\/span><span style=\"font-weight: 400;\"><br \/>\n<\/span><span style=\"font-weight: 400;\">Fonte: Ag\u00eancia Brasil <\/span><\/p>\n","protected":false},"excerpt":{"rendered":"<p>O consumo mundial de caf\u00e9 no ano-cafeeiro 2020-2021 dever\u00e1 atingir o volume f\u00edsico equivalente a 167,58 milh\u00f5es de sacas de 60kg, o que representa um acr\u00e9scimo de 1,9%, em compara\u00e7\u00e3o com o consumo registrado no ano-cafeeiro anterior, que foi de 164,43 milh\u00f5es de sacas. A previs\u00e3o \u00e9 da Empresa Brasileira de Pesquisa Agropecu\u00e1ria (Embrapa). Neste [&hellip;]<\/p>\n","protected":false},"author":246,"featured_media":183712,"comment_status":"closed","ping_status":"closed","sticky":false,"template":"","format":"standard","meta":{"footnotes":""},"categories":[436,261,439],"tags":[],"class_list":["post-183711","post","type-post","status-publish","format-standard","has-post-thumbnail","hentry","category-destaque-da-semana","category-economia","category-ultima-hora"],"_links":{"self":[{"href":"https:\/\/diarioregionaldigital.com.br\/index.php?rest_route=\/wp\/v2\/posts\/183711","targetHints":{"allow":["GET"]}}],"collection":[{"href":"https:\/\/diarioregionaldigital.com.br\/index.php?rest_route=\/wp\/v2\/posts"}],"about":[{"href":"https:\/\/diarioregionaldigital.com.br\/index.php?rest_route=\/wp\/v2\/types\/post"}],"author":[{"embeddable":true,"href":"https:\/\/diarioregionaldigital.com.br\/index.php?rest_route=\/wp\/v2\/users\/246"}],"replies":[{"embeddable":true,"href":"https:\/\/diarioregionaldigital.com.br\/index.php?rest_route=%2Fwp%2Fv2%2Fcomments&post=183711"}],"version-history":[{"count":1,"href":"https:\/\/diarioregionaldigital.com.br\/index.php?rest_route=\/wp\/v2\/posts\/183711\/revisions"}],"predecessor-version":[{"id":183713,"href":"https:\/\/diarioregionaldigital.com.br\/index.php?rest_route=\/wp\/v2\/posts\/183711\/revisions\/183713"}],"wp:featuredmedia":[{"embeddable":true,"href":"https:\/\/diarioregionaldigital.com.br\/index.php?rest_route=\/wp\/v2\/media\/183712"}],"wp:attachment":[{"href":"https:\/\/diarioregionaldigital.com.br\/index.php?rest_route=%2Fwp%2Fv2%2Fmedia&parent=183711"}],"wp:term":[{"taxonomy":"category","embeddable":true,"href":"https:\/\/diarioregionaldigital.com.br\/index.php?rest_route=%2Fwp%2Fv2%2Fcategories&post=183711"},{"taxonomy":"post_tag","embeddable":true,"href":"https:\/\/diarioregionaldigital.com.br\/index.php?rest_route=%2Fwp%2Fv2%2Ftags&post=183711"}],"curies":[{"name":"wp","href":"https:\/\/api.w.org\/{rel}","templated":true}]}}