{"id":183697,"date":"2021-06-09T22:40:41","date_gmt":"2021-06-10T01:40:41","guid":{"rendered":"https:\/\/diarioregionaldigital.com.br\/?p=183697"},"modified":"2021-06-09T22:40:41","modified_gmt":"2021-06-10T01:40:41","slug":"minas-gerais-ultrapassa-a-marca-de-1-milhao-e-500-mil-notificacoes-por-covid-19-2","status":"publish","type":"post","link":"https:\/\/diarioregionaldigital.com.br\/?p=183697","title":{"rendered":"Minas Gerais ultrapassa a marca de 1 milh\u00e3o e 500 mil notifica\u00e7\u00f5es por Covid-19"},"content":{"rendered":"<div class=\"evo-entry-content entry-content\">\n<p>A Secretaria de Estado da Sa\u00fade de Minas Gerais (SES-MG), publicou nesta quarta-feira (09), o novo <a href=\"https:\/\/coronavirus.saude.mg.gov.br\/images\/1_2021\/01-boletim\/06-junho\/09-06-COVID-19_BOLETIM20210609.pdf\">boletim<\/a> referente ao Coronav\u00edrus. O levantamento aponta que o estado notificou mais 12.716\u00a0 novos casos da doen\u00e7a, totalizando 1.646.104 pessoas infectadas. Os dados indicam que foram registradas mais 280 mortes, contabilizando 42.000 \u00f3bitos.<\/p>\n<p>Al\u00e9m disso, 1.511.722 pacientes est\u00e3o recuperados da doen\u00e7a, representando 91,9 % dos casos. Quanto aos dados de hospitaliza\u00e7\u00e3o, 143.726 estiveram internados e 1.502.378 estiveram em isolamento domiciliar. At\u00e9 o momento, 5.264.710 pessoas receberam a primeira dose da vacina e 2.490.286 a segunda.<\/p>\n<\/div>\n<div class=\"evo-single-footer\">\n<div class=\"evo-post-directions\">\n<div class=\"evo-post-directions-inner\">\n<div class=\"evo-prev-post\"><\/div>\n<\/div>\n<\/div>\n<\/div>\n","protected":false},"excerpt":{"rendered":"<p>A Secretaria de Estado da Sa\u00fade de Minas Gerais (SES-MG), publicou nesta quarta-feira (09), o novo boletim referente ao Coronav\u00edrus. O levantamento aponta que o estado notificou mais 12.716\u00a0 novos casos da doen\u00e7a, totalizando 1.646.104 pessoas infectadas. Os dados indicam que foram registradas mais 280 mortes, contabilizando 42.000 \u00f3bitos. Al\u00e9m disso, 1.511.722 pacientes est\u00e3o recuperados [&hellip;]<\/p>\n","protected":false},"author":246,"featured_media":183698,"comment_status":"closed","ping_status":"closed","sticky":false,"template":"","format":"standard","meta":{"footnotes":""},"categories":[252,439],"tags":[],"class_list":["post-183697","post","type-post","status-publish","format-standard","has-post-thumbnail","hentry","category-regiao","category-ultima-hora"],"_links":{"self":[{"href":"https:\/\/diarioregionaldigital.com.br\/index.php?rest_route=\/wp\/v2\/posts\/183697","targetHints":{"allow":["GET"]}}],"collection":[{"href":"https:\/\/diarioregionaldigital.com.br\/index.php?rest_route=\/wp\/v2\/posts"}],"about":[{"href":"https:\/\/diarioregionaldigital.com.br\/index.php?rest_route=\/wp\/v2\/types\/post"}],"author":[{"embeddable":true,"href":"https:\/\/diarioregionaldigital.com.br\/index.php?rest_route=\/wp\/v2\/users\/246"}],"replies":[{"embeddable":true,"href":"https:\/\/diarioregionaldigital.com.br\/index.php?rest_route=%2Fwp%2Fv2%2Fcomments&post=183697"}],"version-history":[{"count":1,"href":"https:\/\/diarioregionaldigital.com.br\/index.php?rest_route=\/wp\/v2\/posts\/183697\/revisions"}],"predecessor-version":[{"id":183701,"href":"https:\/\/diarioregionaldigital.com.br\/index.php?rest_route=\/wp\/v2\/posts\/183697\/revisions\/183701"}],"wp:featuredmedia":[{"embeddable":true,"href":"https:\/\/diarioregionaldigital.com.br\/index.php?rest_route=\/wp\/v2\/media\/183698"}],"wp:attachment":[{"href":"https:\/\/diarioregionaldigital.com.br\/index.php?rest_route=%2Fwp%2Fv2%2Fmedia&parent=183697"}],"wp:term":[{"taxonomy":"category","embeddable":true,"href":"https:\/\/diarioregionaldigital.com.br\/index.php?rest_route=%2Fwp%2Fv2%2Fcategories&post=183697"},{"taxonomy":"post_tag","embeddable":true,"href":"https:\/\/diarioregionaldigital.com.br\/index.php?rest_route=%2Fwp%2Fv2%2Ftags&post=183697"}],"curies":[{"name":"wp","href":"https:\/\/api.w.org\/{rel}","templated":true}]}}