{"id":183696,"date":"2021-06-10T06:00:20","date_gmt":"2021-06-10T09:00:20","guid":{"rendered":"https:\/\/diarioregionaldigital.com.br\/?p=183696"},"modified":"2021-06-09T22:39:07","modified_gmt":"2021-06-10T01:39:07","slug":"amor-amor-amor","status":"publish","type":"post","link":"https:\/\/diarioregionaldigital.com.br\/?p=183696","title":{"rendered":"Amor&#8230;Amor&#8230;Amor"},"content":{"rendered":"<p style=\"text-align: center;\"><strong>Sucesso Total<\/strong><\/p>\n<p style=\"text-align: center;\">Tarimbad\u00edssima, a professora e coordenadora de eventos, Annaelise Fritz publicou o artigo \u201cO turismo nas redes sociais e impacto do excesso de informa\u00e7\u00f5es em tempos de pandemia\u201d, no livro virtual \u201cTurismo e Sa\u00fade Global\u201d, organizado pelos professores Luiz Gonzaga Godoy Trigo e Anderson Pereira Portugues.<\/p>\n<p style=\"text-align: center;\"><strong>Vivos e S\u00e3os<\/strong><\/p>\n<p style=\"text-align: center;\">Imunizados, grandes nomes da m\u00fasica celebra, a vacina\u00e7\u00e3o enquanto combatem ideias negacionistas e sonham com dias melhores. H\u00e1 um d\u00e9ficit muito claro de aten\u00e7\u00e3o e desgosto pela cultura, especialmente no governo federal. Mas isso \u00e9 passageiro.<\/p>\n<p style=\"text-align: center;\"><strong>Efeito Pandemia<\/strong><\/p>\n<p style=\"text-align: center;\">A inadimpl\u00eancia no cart\u00e3o de cr\u00e9dito est\u00e1 em queda. Em dezembro de 2019, Pr\u00e9-Covid, portanto em atraso era de 6% e subiu para 7,8% em maio passado, em plena paralisa\u00e7\u00e3o do pa\u00eds. A partir da\u00ed, come\u00e7ou a cair. Em mar\u00e7o, que \u00e9 \u00faltimo dado dispon\u00edvel, estava 4,6%. Concluindo: houve uma renegocia\u00e7\u00e3o de d\u00edvidas e, quem precisou se endividar, diminuiu o uso do cart\u00e3o de cr\u00e9dito.<\/p>\n<p style=\"text-align: center;\"><strong>Amor&#8230;Amor&#8230;Amor<\/strong><\/p>\n<p style=\"text-align: center;\">O talentosos cantor Thiago Miranda abriu agenda musical para a \u201clive dos Namoradas &#8211; amor \u00e0 la carte\u201d, que ser\u00e1 apresentada dia 12 de junho no YouTube, a partir das 19h. as encomendas de musicas podem ser feitas at\u00e9 dia 11.<\/p>\n<div id=\"attachment_183688\" style=\"width: 690px\" class=\"wp-caption aligncenter\"><img loading=\"lazy\" decoding=\"async\" aria-describedby=\"caption-attachment-183688\" class=\"wp-image-183688\" src=\"https:\/\/diarioregionaldigital.com.br\/wp-content\/uploads\/2021\/06\/fotoa-4-e1623288498604.jpg\" alt=\"\" width=\"680\" height=\"509\" srcset=\"https:\/\/diarioregionaldigital.com.br\/wp-content\/uploads\/2021\/06\/fotoa-4-e1623288498604.jpg 526w, https:\/\/diarioregionaldigital.com.br\/wp-content\/uploads\/2021\/06\/fotoa-4-e1623288498604-300x225.jpg 300w, https:\/\/diarioregionaldigital.com.br\/wp-content\/uploads\/2021\/06\/fotoa-4-e1623288498604-360x270.jpg 360w\" sizes=\"auto, (max-width: 680px) 100vw, 680px\" \/><p id=\"caption-attachment-183688\" class=\"wp-caption-text\">Em destaque hoje, os flamenguistas Dr. Fernando Goulart Cruz e o filho Bernardo Carvalho Cruz<\/p><\/div>\n<div id=\"attachment_183689\" style=\"width: 690px\" class=\"wp-caption aligncenter\"><img loading=\"lazy\" decoding=\"async\" aria-describedby=\"caption-attachment-183689\" class=\"wp-image-183689\" src=\"https:\/\/diarioregionaldigital.com.br\/wp-content\/uploads\/2021\/06\/fotob-3-e1623288539312.jpg\" alt=\"\" width=\"680\" height=\"498\" srcset=\"https:\/\/diarioregionaldigital.com.br\/wp-content\/uploads\/2021\/06\/fotob-3-e1623288539312.jpg 508w, https:\/\/diarioregionaldigital.com.br\/wp-content\/uploads\/2021\/06\/fotob-3-e1623288539312-300x220.jpg 300w, https:\/\/diarioregionaldigital.com.br\/wp-content\/uploads\/2021\/06\/fotob-3-e1623288539312-360x264.jpg 360w\" sizes=\"auto, (max-width: 680px) 100vw, 680px\" \/><p id=\"caption-attachment-183689\" class=\"wp-caption-text\">Em recente ch\u00e1 de beb\u00ea no interior de Minas, Elenice Campos e Felipe de Paula<\/p><\/div>\n<div id=\"attachment_183690\" style=\"width: 690px\" class=\"wp-caption aligncenter\"><img loading=\"lazy\" decoding=\"async\" aria-describedby=\"caption-attachment-183690\" class=\"wp-image-183690\" src=\"https:\/\/diarioregionaldigital.com.br\/wp-content\/uploads\/2021\/06\/fotoc-6-e1623288594609.jpg\" alt=\"\" width=\"680\" height=\"500\" srcset=\"https:\/\/diarioregionaldigital.com.br\/wp-content\/uploads\/2021\/06\/fotoc-6-e1623288594609.jpg 844w, https:\/\/diarioregionaldigital.com.br\/wp-content\/uploads\/2021\/06\/fotoc-6-e1623288594609-300x220.jpg 300w, https:\/\/diarioregionaldigital.com.br\/wp-content\/uploads\/2021\/06\/fotoc-6-e1623288594609-768x564.jpg 768w, https:\/\/diarioregionaldigital.com.br\/wp-content\/uploads\/2021\/06\/fotoc-6-e1623288594609-360x264.jpg 360w\" sizes=\"auto, (max-width: 680px) 100vw, 680px\" \/><p id=\"caption-attachment-183690\" class=\"wp-caption-text\">Fazendo sucesso absoluto com seu Buffet Singularidades, a bonita Franceli Galil<\/p><\/div>\n<div id=\"attachment_183692\" style=\"width: 690px\" class=\"wp-caption aligncenter\"><img loading=\"lazy\" decoding=\"async\" aria-describedby=\"caption-attachment-183692\" class=\"wp-image-183692\" src=\"https:\/\/diarioregionaldigital.com.br\/wp-content\/uploads\/2021\/06\/fotoe-5-e1623288670985.jpg\" alt=\"\" width=\"680\" height=\"510\" srcset=\"https:\/\/diarioregionaldigital.com.br\/wp-content\/uploads\/2021\/06\/fotoe-5-e1623288670985.jpg 459w, https:\/\/diarioregionaldigital.com.br\/wp-content\/uploads\/2021\/06\/fotoe-5-e1623288670985-300x225.jpg 300w, https:\/\/diarioregionaldigital.com.br\/wp-content\/uploads\/2021\/06\/fotoe-5-e1623288670985-360x270.jpg 360w\" sizes=\"auto, (max-width: 680px) 100vw, 680px\" \/><p id=\"caption-attachment-183692\" class=\"wp-caption-text\">Arrasando na Espanha, J\u00falia Branco e James Fernando<\/p><\/div>\n<div id=\"attachment_183693\" style=\"width: 690px\" class=\"wp-caption aligncenter\"><img loading=\"lazy\" decoding=\"async\" aria-describedby=\"caption-attachment-183693\" class=\"wp-image-183693\" src=\"https:\/\/diarioregionaldigital.com.br\/wp-content\/uploads\/2021\/06\/fotof-5-e1623288694641.jpg\" alt=\"\" width=\"680\" height=\"501\" srcset=\"https:\/\/diarioregionaldigital.com.br\/wp-content\/uploads\/2021\/06\/fotof-5-e1623288694641.jpg 520w, https:\/\/diarioregionaldigital.com.br\/wp-content\/uploads\/2021\/06\/fotof-5-e1623288694641-300x221.jpg 300w, https:\/\/diarioregionaldigital.com.br\/wp-content\/uploads\/2021\/06\/fotof-5-e1623288694641-360x265.jpg 360w\" sizes=\"auto, (max-width: 680px) 100vw, 680px\" \/><p id=\"caption-attachment-183693\" class=\"wp-caption-text\">As fofoletes em dias de beleza, Sheila Carvalho e Cleiton Ulisses<\/p><\/div>\n<div id=\"attachment_183694\" style=\"width: 690px\" class=\"wp-caption aligncenter\"><img loading=\"lazy\" decoding=\"async\" aria-describedby=\"caption-attachment-183694\" class=\"wp-image-183694\" src=\"https:\/\/diarioregionaldigital.com.br\/wp-content\/uploads\/2021\/06\/fotog-5-e1623288722110.jpg\" alt=\"\" width=\"680\" height=\"496\" srcset=\"https:\/\/diarioregionaldigital.com.br\/wp-content\/uploads\/2021\/06\/fotog-5-e1623288722110.jpg 473w, https:\/\/diarioregionaldigital.com.br\/wp-content\/uploads\/2021\/06\/fotog-5-e1623288722110-300x219.jpg 300w, https:\/\/diarioregionaldigital.com.br\/wp-content\/uploads\/2021\/06\/fotog-5-e1623288722110-360x263.jpg 360w\" sizes=\"auto, (max-width: 680px) 100vw, 680px\" \/><p id=\"caption-attachment-183694\" class=\"wp-caption-text\">Visitando esta coluna, o ilustre empres\u00e1rio Eloy Ballesteros<\/p><\/div>\n<div id=\"attachment_183695\" style=\"width: 690px\" class=\"wp-caption aligncenter\"><img loading=\"lazy\" decoding=\"async\" aria-describedby=\"caption-attachment-183695\" class=\"wp-image-183695\" src=\"https:\/\/diarioregionaldigital.com.br\/wp-content\/uploads\/2021\/06\/fotoh-4-e1623288755404.jpg\" alt=\"\" width=\"680\" height=\"462\" srcset=\"https:\/\/diarioregionaldigital.com.br\/wp-content\/uploads\/2021\/06\/fotoh-4-e1623288755404.jpg 1966w, https:\/\/diarioregionaldigital.com.br\/wp-content\/uploads\/2021\/06\/fotoh-4-e1623288755404-300x204.jpg 300w, https:\/\/diarioregionaldigital.com.br\/wp-content\/uploads\/2021\/06\/fotoh-4-e1623288755404-1024x696.jpg 1024w, https:\/\/diarioregionaldigital.com.br\/wp-content\/uploads\/2021\/06\/fotoh-4-e1623288755404-768x522.jpg 768w, https:\/\/diarioregionaldigital.com.br\/wp-content\/uploads\/2021\/06\/fotoh-4-e1623288755404-1536x1044.jpg 1536w, https:\/\/diarioregionaldigital.com.br\/wp-content\/uploads\/2021\/06\/fotoh-4-e1623288755404-360x245.jpg 360w\" sizes=\"auto, (max-width: 680px) 100vw, 680px\" \/><p id=\"caption-attachment-183695\" class=\"wp-caption-text\">Antes da pandemia no Bureau da Revista Le D\u00e9bat em Paris: o juizforano Henrique Lott e o franc\u00eas Marcel Gauchet<\/p><\/div>\n<div id=\"attachment_183691\" style=\"width: 690px\" class=\"wp-caption aligncenter\"><img loading=\"lazy\" decoding=\"async\" aria-describedby=\"caption-attachment-183691\" class=\"wp-image-183691\" src=\"https:\/\/diarioregionaldigital.com.br\/wp-content\/uploads\/2021\/06\/fotod-5-e1623288622530.jpg\" alt=\"\" width=\"680\" height=\"473\" srcset=\"https:\/\/diarioregionaldigital.com.br\/wp-content\/uploads\/2021\/06\/fotod-5-e1623288622530.jpg 512w, https:\/\/diarioregionaldigital.com.br\/wp-content\/uploads\/2021\/06\/fotod-5-e1623288622530-300x210.jpg 300w, https:\/\/diarioregionaldigital.com.br\/wp-content\/uploads\/2021\/06\/fotod-5-e1623288622530-360x250.jpg 360w, https:\/\/diarioregionaldigital.com.br\/wp-content\/uploads\/2021\/06\/fotod-5-e1623288622530-100x70.jpg 100w\" sizes=\"auto, (max-width: 680px) 100vw, 680px\" \/><p id=\"caption-attachment-183691\" class=\"wp-caption-text\">Palmas para a equipe de N\u00facleo de Pesquisa do Vianna J\u00fanior com: Diana Marcatti, Rachel Zacarias, Fl\u00e1vio Galone e Marcelo<\/p><\/div>\n<p style=\"text-align: center;\"><strong>FOTOSS\u00cdNTESE<\/strong><\/p>\n<p>Errata: O casamento de Natacha Fernandes Furtado e Arthur Barbosa Paix\u00e3o foi em Argirita (MG).<\/p>\n<p>Virou point de gente colun\u00e1vel, a \u00e1gua de coco da estimada Preta. Localizada na via S\u00e3o Pedro \u00e9 frequentada por habitu\u00e9s das caminhadas e passeios de bike, juntando esporte e sa\u00fade.<\/p>\n<p>Avisa l\u00e1: O chef juiz-forano Beto Zaiden assina o novo card\u00e1pio do Pub Hookerz, em Cuiab\u00e1. Beto, fez sucesso em JF, com o Shizen.<\/p>\n<p>O carism\u00e1tico Waldir Romualdo de Aquino recebeu a \u201cCertificado de Reconhecimento\u201d pelo trabalho volunt\u00e1rio que realiza h\u00e1 30 anos. A iniciativa foi do Rotary Sul com sua presidente La\u00e9lia Aparecida Homem Linhares.<\/p>\n<p>Fazendo sucesso a feijoada servida aos s\u00e1bados da Petisqueira. Ponto para a chef Walqu\u00edria Paulino.<\/p>\n<p>Muito sentido na cidade, o falecimento de Jos\u00e9 Carlos de Oliveira (m\u00e9dico e professor), de Alexandre Brega e Jos\u00e9 M\u00e1rcio Zouain Ferreira. A seu familiares, nosso abra\u00e7o carinhoso.<\/p>\n<p>O cirurgi\u00e3o Dr. Thiago Barros esculpiu o nariz da modelo Blanka Cabral<\/p>\n<p>De parab\u00e9ns os profissionais do escrit\u00f3rio C\u00fagula Guedes Advogados Associados. A equipe figura na quinta posi\u00e7\u00e3o do Ranking An\u00e1lise Advocacia Regional 2021, que re\u00fane os mais admirados de Minas Gerais.<\/p>\n<p>Festejando 40 anos a bela apresentadora da TV Alterosa Chris Hubner.<\/p>\n<p>Alongamento do c\u00e9rebro: Ler um bom livro. Bom dia.<\/p>\n<p><img loading=\"lazy\" decoding=\"async\" class=\"aligncenter size-full wp-image-183699\" src=\"https:\/\/diarioregionaldigital.com.br\/wp-content\/uploads\/2021\/06\/anuncio79-scaled.jpg\" alt=\"\" width=\"2560\" height=\"956\" srcset=\"https:\/\/diarioregionaldigital.com.br\/wp-content\/uploads\/2021\/06\/anuncio79-scaled.jpg 2560w, https:\/\/diarioregionaldigital.com.br\/wp-content\/uploads\/2021\/06\/anuncio79-300x112.jpg 300w, https:\/\/diarioregionaldigital.com.br\/wp-content\/uploads\/2021\/06\/anuncio79-1024x382.jpg 1024w, https:\/\/diarioregionaldigital.com.br\/wp-content\/uploads\/2021\/06\/anuncio79-768x287.jpg 768w, https:\/\/diarioregionaldigital.com.br\/wp-content\/uploads\/2021\/06\/anuncio79-1536x574.jpg 1536w, https:\/\/diarioregionaldigital.com.br\/wp-content\/uploads\/2021\/06\/anuncio79-2048x765.jpg 2048w, https:\/\/diarioregionaldigital.com.br\/wp-content\/uploads\/2021\/06\/anuncio79-360x134.jpg 360w\" sizes=\"auto, (max-width: 2560px) 100vw, 2560px\" \/><\/p>\n","protected":false},"excerpt":{"rendered":"<p>Sucesso Total Tarimbad\u00edssima, a professora e coordenadora de eventos, Annaelise Fritz publicou o artigo \u201cO turismo nas redes sociais e impacto do excesso de informa\u00e7\u00f5es em tempos de pandemia\u201d, no livro virtual \u201cTurismo e Sa\u00fade Global\u201d, organizado pelos professores Luiz Gonzaga Godoy Trigo e Anderson Pereira Portugues. Vivos e S\u00e3os Imunizados, grandes nomes da m\u00fasica [&hellip;]<\/p>\n","protected":false},"author":253,"featured_media":183688,"comment_status":"closed","ping_status":"closed","sticky":false,"template":"","format":"standard","meta":{"footnotes":""},"categories":[264],"tags":[],"class_list":["post-183696","post","type-post","status-publish","format-standard","has-post-thumbnail","hentry","category-eduardo-gomes"],"_links":{"self":[{"href":"https:\/\/diarioregionaldigital.com.br\/index.php?rest_route=\/wp\/v2\/posts\/183696","targetHints":{"allow":["GET"]}}],"collection":[{"href":"https:\/\/diarioregionaldigital.com.br\/index.php?rest_route=\/wp\/v2\/posts"}],"about":[{"href":"https:\/\/diarioregionaldigital.com.br\/index.php?rest_route=\/wp\/v2\/types\/post"}],"author":[{"embeddable":true,"href":"https:\/\/diarioregionaldigital.com.br\/index.php?rest_route=\/wp\/v2\/users\/253"}],"replies":[{"embeddable":true,"href":"https:\/\/diarioregionaldigital.com.br\/index.php?rest_route=%2Fwp%2Fv2%2Fcomments&post=183696"}],"version-history":[{"count":1,"href":"https:\/\/diarioregionaldigital.com.br\/index.php?rest_route=\/wp\/v2\/posts\/183696\/revisions"}],"predecessor-version":[{"id":183700,"href":"https:\/\/diarioregionaldigital.com.br\/index.php?rest_route=\/wp\/v2\/posts\/183696\/revisions\/183700"}],"wp:featuredmedia":[{"embeddable":true,"href":"https:\/\/diarioregionaldigital.com.br\/index.php?rest_route=\/wp\/v2\/media\/183688"}],"wp:attachment":[{"href":"https:\/\/diarioregionaldigital.com.br\/index.php?rest_route=%2Fwp%2Fv2%2Fmedia&parent=183696"}],"wp:term":[{"taxonomy":"category","embeddable":true,"href":"https:\/\/diarioregionaldigital.com.br\/index.php?rest_route=%2Fwp%2Fv2%2Fcategories&post=183696"},{"taxonomy":"post_tag","embeddable":true,"href":"https:\/\/diarioregionaldigital.com.br\/index.php?rest_route=%2Fwp%2Fv2%2Ftags&post=183696"}],"curies":[{"name":"wp","href":"https:\/\/api.w.org\/{rel}","templated":true}]}}