{"id":183682,"date":"2021-06-09T19:48:04","date_gmt":"2021-06-09T22:48:04","guid":{"rendered":"https:\/\/diarioregionaldigital.com.br\/?p=183682"},"modified":"2021-06-09T19:48:04","modified_gmt":"2021-06-09T22:48:04","slug":"pavimentacao-asfaltica-na-cidade-do-sol-e-em-santa-efigenia-sao-realizadas-pela-empav","status":"publish","type":"post","link":"https:\/\/diarioregionaldigital.com.br\/?p=183682","title":{"rendered":"Pavimenta\u00e7\u00e3o asf\u00e1ltica na Cidade do Sol e em Santa Efig\u00eania s\u00e3o realizadas pela Empav"},"content":{"rendered":"<p>Equipes da Empresa Municipal de Pavimenta\u00e7\u00e3o e Urbaniza\u00e7\u00e3o (Empav), realizaram servi\u00e7os de pavimenta\u00e7\u00e3o asf\u00e1ltica &#8216;tapa-buraco&#8217; em diversas ruas da cidade, nesta quarta-feira, 9. Segundo informa\u00e7\u00f5es do site da Prefeitura de Juiz de fora, segue\u00a0 a lista de ruas atendidas:<\/p>\n<p>Rua Lic\u00ednio Pereira Cortez &#8211; Santa Efig\u00eania<br \/>\nRua Heitor In\u00e1cio &#8211; Santa Efig\u00eania<br \/>\nRua Adail Alevato &#8211; Santa Efig\u00eania<br \/>\nRua Regente &#8211; Tup\u00e3<br \/>\nRua Jos\u00e9 Ven\u00e2ncio Rab\u00ealo &#8211; Santos Dumont<br \/>\nRua Silva Melo &#8211; Cidade do Sol<br \/>\nRua Franklin de Paula Marques &#8211; Cidade do Sol<br \/>\nRua Geraldo Gerheim &#8211; Cidade do Sol<br \/>\nRua Nossa Senhora de Lourdes &#8211; Nossa Senhora de Lourdes<br \/>\nEstrada Athos Branco Rosa &#8211; S\u00e3o Benedito<br \/>\nRua Jorge Raimundo &#8211; Santa C\u00e2ndida<br \/>\nRua Vicente Ad\u00e3o Botti &#8211; Bom Pastor<br \/>\nRua Goian\u00e1s &#8211; Guaru\u00e1<br \/>\nRua dos Diamantes &#8211; Pedras Preciosas<\/p>\n<p>Para solicitar estes e outros servi\u00e7os, entre em contato com o Gabinete de A\u00e7\u00e3o e Di\u00e1logo Comunit\u00e1rio, que recebe e organiza pedidos relativos a interven\u00e7\u00f5es e melhorias urbanas. O contato pode ser feito atrav\u00e9s de liga\u00e7\u00e3o telef\u00f4nica pelo n\u00famero (32) 3690-7241 ou via WhatsApp, utilizando o mesmo n\u00famero.<\/p>\n","protected":false},"excerpt":{"rendered":"<p>Equipes da Empresa Municipal de Pavimenta\u00e7\u00e3o e Urbaniza\u00e7\u00e3o (Empav), realizaram servi\u00e7os de pavimenta\u00e7\u00e3o asf\u00e1ltica &#8216;tapa-buraco&#8217; em diversas ruas da cidade, nesta quarta-feira, 9. Segundo informa\u00e7\u00f5es do site da Prefeitura de Juiz de fora, segue\u00a0 a lista de ruas atendidas: Rua Lic\u00ednio Pereira Cortez &#8211; Santa Efig\u00eania Rua Heitor In\u00e1cio &#8211; Santa Efig\u00eania Rua Adail Alevato [&hellip;]<\/p>\n","protected":false},"author":246,"featured_media":183683,"comment_status":"closed","ping_status":"closed","sticky":false,"template":"","format":"standard","meta":{"footnotes":""},"categories":[253,436,439],"tags":[],"class_list":["post-183682","post","type-post","status-publish","format-standard","has-post-thumbnail","hentry","category-cidade","category-destaque-da-semana","category-ultima-hora"],"_links":{"self":[{"href":"https:\/\/diarioregionaldigital.com.br\/index.php?rest_route=\/wp\/v2\/posts\/183682","targetHints":{"allow":["GET"]}}],"collection":[{"href":"https:\/\/diarioregionaldigital.com.br\/index.php?rest_route=\/wp\/v2\/posts"}],"about":[{"href":"https:\/\/diarioregionaldigital.com.br\/index.php?rest_route=\/wp\/v2\/types\/post"}],"author":[{"embeddable":true,"href":"https:\/\/diarioregionaldigital.com.br\/index.php?rest_route=\/wp\/v2\/users\/246"}],"replies":[{"embeddable":true,"href":"https:\/\/diarioregionaldigital.com.br\/index.php?rest_route=%2Fwp%2Fv2%2Fcomments&post=183682"}],"version-history":[{"count":1,"href":"https:\/\/diarioregionaldigital.com.br\/index.php?rest_route=\/wp\/v2\/posts\/183682\/revisions"}],"predecessor-version":[{"id":183684,"href":"https:\/\/diarioregionaldigital.com.br\/index.php?rest_route=\/wp\/v2\/posts\/183682\/revisions\/183684"}],"wp:featuredmedia":[{"embeddable":true,"href":"https:\/\/diarioregionaldigital.com.br\/index.php?rest_route=\/wp\/v2\/media\/183683"}],"wp:attachment":[{"href":"https:\/\/diarioregionaldigital.com.br\/index.php?rest_route=%2Fwp%2Fv2%2Fmedia&parent=183682"}],"wp:term":[{"taxonomy":"category","embeddable":true,"href":"https:\/\/diarioregionaldigital.com.br\/index.php?rest_route=%2Fwp%2Fv2%2Fcategories&post=183682"},{"taxonomy":"post_tag","embeddable":true,"href":"https:\/\/diarioregionaldigital.com.br\/index.php?rest_route=%2Fwp%2Fv2%2Ftags&post=183682"}],"curies":[{"name":"wp","href":"https:\/\/api.w.org\/{rel}","templated":true}]}}