{"id":183679,"date":"2021-06-09T19:41:35","date_gmt":"2021-06-09T22:41:35","guid":{"rendered":"https:\/\/diarioregionaldigital.com.br\/?p=183679"},"modified":"2021-06-09T19:41:35","modified_gmt":"2021-06-09T22:41:35","slug":"e-discutida-em-parceria-com-a-pjf-e-a-camara-municipal-uma-proposta-para-criacao-de-afro-museu","status":"publish","type":"post","link":"https:\/\/diarioregionaldigital.com.br\/?p=183679","title":{"rendered":"\u00c9 discutida em parceria com a PJF e a C\u00e2mara Municipal uma proposta para cria\u00e7\u00e3o de Afro Museu"},"content":{"rendered":"<p>Nesta ter\u00e7a-feira, 8, se reuniram na sede do Legislativo, o secret\u00e1rio de Planejamento do Territ\u00f3rio e Participa\u00e7\u00e3o Popular (Seppop), Martvs das Chagas, a diretora geral da Funda\u00e7\u00e3o Cultural Alfredo Ferreira Lage (Funalfa), Giane Elisa, o presidente da C\u00e2mara Municipal, Juraci Scheffer, e membros da sociedade\u00a0 para dar in\u00edcio ao di\u00e1logo sobre a cria\u00e7\u00e3o de um museu que contemple a contribui\u00e7\u00e3o hist\u00f3rica da popula\u00e7\u00e3o negra de Juiz de Fora e regi\u00e3o.<\/p>\n<p>Segundo informa\u00e7\u00f5es do site da Prefeitura de Juiz de Fora, no encontro foi proposto consolidar um grupo de trabalho (GT), para elaborar um plano museol\u00f3gico, contendo dentre outras, a metodologia de implementa\u00e7\u00e3o, estatuto, acervo e pretensa estrutura f\u00edsica. Outro aspecto debatido foi a essencial participa\u00e7\u00e3o da comunidade no processo de concep\u00e7\u00e3o deste espa\u00e7o.<\/p>\n<p>O museu \u00e9 um dos projetos que consta no programa de governo da Prefeita Margarida Salom\u00e3o e em sua implementa\u00e7\u00e3o contar\u00e1 com a significativa contribui\u00e7\u00e3o da C\u00e2mara Municipal de Juiz De Fora.<\/p>\n<p>De acordo com o Secret\u00e1rio da Seppop, essa primeira reuni\u00e3o foi importante para propor as ideias de elabora\u00e7\u00e3o e desenvolvimento deste projeto. \u201cNosso principal objetivo \u00e9 criar um espa\u00e7o que possa valorizar a contribui\u00e7\u00e3o hist\u00f3rica da popula\u00e7\u00e3o negra para o desenvolvimento de Juiz de Fora e regi\u00e3o.\u201d<\/p>\n<p>Segundo a diretora da Funalfa, &#8220;\u00c9 poss\u00edvel reconhecer espa\u00e7os na cidade que remetam de forma positiva \u00e0 mem\u00f3ria de outros povos que estiveram nesse processo de constitui\u00e7\u00e3o da cidade, mas a invisibilidade do povo negro segue marcante, em termos de valoriza\u00e7\u00e3o da cultura. Contudo, n\u00f3s negros, temos muitos registros que contam nossa hist\u00f3ria, tanto do que sofremos, quanto do que constru\u00edmos, vivenciamos e, por isso, ter um espa\u00e7o que marca e valoriza a nossa presen\u00e7a na cidade \u00e9 fundamental.\u201d<\/p>\n","protected":false},"excerpt":{"rendered":"<p>Nesta ter\u00e7a-feira, 8, se reuniram na sede do Legislativo, o secret\u00e1rio de Planejamento do Territ\u00f3rio e Participa\u00e7\u00e3o Popular (Seppop), Martvs das Chagas, a diretora geral da Funda\u00e7\u00e3o Cultural Alfredo Ferreira Lage (Funalfa), Giane Elisa, o presidente da C\u00e2mara Municipal, Juraci Scheffer, e membros da sociedade\u00a0 para dar in\u00edcio ao di\u00e1logo sobre a cria\u00e7\u00e3o de um [&hellip;]<\/p>\n","protected":false},"author":246,"featured_media":183680,"comment_status":"closed","ping_status":"closed","sticky":false,"template":"","format":"standard","meta":{"footnotes":""},"categories":[253,436,439],"tags":[],"class_list":["post-183679","post","type-post","status-publish","format-standard","has-post-thumbnail","hentry","category-cidade","category-destaque-da-semana","category-ultima-hora"],"_links":{"self":[{"href":"https:\/\/diarioregionaldigital.com.br\/index.php?rest_route=\/wp\/v2\/posts\/183679","targetHints":{"allow":["GET"]}}],"collection":[{"href":"https:\/\/diarioregionaldigital.com.br\/index.php?rest_route=\/wp\/v2\/posts"}],"about":[{"href":"https:\/\/diarioregionaldigital.com.br\/index.php?rest_route=\/wp\/v2\/types\/post"}],"author":[{"embeddable":true,"href":"https:\/\/diarioregionaldigital.com.br\/index.php?rest_route=\/wp\/v2\/users\/246"}],"replies":[{"embeddable":true,"href":"https:\/\/diarioregionaldigital.com.br\/index.php?rest_route=%2Fwp%2Fv2%2Fcomments&post=183679"}],"version-history":[{"count":1,"href":"https:\/\/diarioregionaldigital.com.br\/index.php?rest_route=\/wp\/v2\/posts\/183679\/revisions"}],"predecessor-version":[{"id":183681,"href":"https:\/\/diarioregionaldigital.com.br\/index.php?rest_route=\/wp\/v2\/posts\/183679\/revisions\/183681"}],"wp:featuredmedia":[{"embeddable":true,"href":"https:\/\/diarioregionaldigital.com.br\/index.php?rest_route=\/wp\/v2\/media\/183680"}],"wp:attachment":[{"href":"https:\/\/diarioregionaldigital.com.br\/index.php?rest_route=%2Fwp%2Fv2%2Fmedia&parent=183679"}],"wp:term":[{"taxonomy":"category","embeddable":true,"href":"https:\/\/diarioregionaldigital.com.br\/index.php?rest_route=%2Fwp%2Fv2%2Fcategories&post=183679"},{"taxonomy":"post_tag","embeddable":true,"href":"https:\/\/diarioregionaldigital.com.br\/index.php?rest_route=%2Fwp%2Fv2%2Ftags&post=183679"}],"curies":[{"name":"wp","href":"https:\/\/api.w.org\/{rel}","templated":true}]}}