{"id":183511,"date":"2021-06-07T17:21:55","date_gmt":"2021-06-07T20:21:55","guid":{"rendered":"https:\/\/diarioregionaldigital.com.br\/?p=183511"},"modified":"2021-06-07T17:21:55","modified_gmt":"2021-06-07T20:21:55","slug":"rebeca-andrade-vence-o-individual-geral-no-pan-e-conquista-vaga-em-toquio","status":"publish","type":"post","link":"https:\/\/diarioregionaldigital.com.br\/?p=183511","title":{"rendered":"Rebeca Andrade vence o individual geral no Pan e conquista vaga em T\u00f3quio"},"content":{"rendered":"<p>O principal objetivo do Brasil no Campeonato Pan-Americano de Gin\u00e1stica foi alcan\u00e7ado. A brasileira Rebeca Andrade ficou em primeiro lugar no individual geral e conquistou uma das duas vagas para os Jogos Ol\u00edmpicos de T\u00f3quio que estavam em jogo na Arena Carioca, no Parque Ol\u00edmpico da Barra, no Rio de Janeiro.\u00a0Rebeca somou 56.700 pontos, obtendo 14.800 no salto, 14.400 nas paralelas assim\u00e9tricas, 13.800 na trave e 13.700 no solo. Ela se classificou para a final de todos os aparelhos em primeiro lugar, com exce\u00e7\u00e3o do salto. Por priorizar o individual geral, fez apenas um.<\/p>\n<p>O Brasil conquistou tamb\u00e9m a primeira coloca\u00e7\u00e3o da competi\u00e7\u00e3o por equipes, com 160.733, seguido por M\u00e9xico (152.601) e Argentina (149.533). A equipe brasileira foi formada por Rebeca, Lorrane Oliveira, Christal Bezerra, Julia Soares e Ana Luiza Lima.<\/p>\n<p>Rebeca conquistou a vaga nominal, e far\u00e1 companhia a Fl\u00e1via Saraiva, que se classificou para os Jogos de T\u00f3quio no Mundial de Stuttgart, em 2019. Lorrane Oliveira, que tamb\u00e9m lutava pela vaga, ficou em quarto, atr\u00e1s da argentina Martina Dominici, que j\u00e1 estava classificada para T\u00f3quio, e da costa-riquenha Luciana Alvarado, que tamb\u00e9m vai ao Jap\u00e3o. Se Rebeca n\u00e3o tivesse ficado \u00e0 frente, Lorrane teria obtido a vaga, ao lado de Luciana.<\/p>\n<p>\u201cEstou muito feliz com a apresenta\u00e7\u00e3o. Minha carreira na gin\u00e1stica foi muito brilhante e, ao mesmo tempo, dif\u00edcil. Foram v\u00e1rias situa\u00e7\u00f5es que tive que enfrentar. Estava h\u00e1 muito tempo sem competir. Disputar uma competi\u00e7\u00e3o, mesmo no nosso Pa\u00eds, e manter a calma, foi dif\u00edcil. Tentei manter essa calma durante a competi\u00e7\u00e3o inteira e deu certo. Sou muito grata ao Xico (Francisco Porath), meu treinador desde que sou pequenininha, que me entende, entende as minhas limita\u00e7\u00f5es e me respeita, independentemente do que aconte\u00e7a, da equipe multidisciplinar, que me ajuda a ficar forte, que deixa a minha mente ficar boa\u201d, disse Rebeca.<\/p>\n<p>Durante sua apresenta\u00e7\u00e3o na trave, Rebeca se desequilibrou e, com muita dificuldade, conseguiu evitar uma queda, o que fez muitos torcedores perderem o f\u00f4lego em casa. \u201cSe estivesse nervosa, naquele momento de desequil\u00edbrio que eu tive na trave, no desespero de tentar me controlar pra voltar, talvez tivesse ca\u00eddo. Treinei muito com a minha psic\u00f3loga, e isso foi muito importante.<\/p>\n<p>Francisco Porath, um dos dois coordenadores da Sele\u00e7\u00e3o Feminina, comentou o resultado. \u201cPassamos por um per\u00edodo dif\u00edcil. Tivemos que lidar com a pandemia. Procuramos adequar o treinamento e torn\u00e1-lo bem individualizado para que cada uma das ginastas pudesse apresentar o melhor rendimento poss\u00edvel. A prepara\u00e7\u00e3o foi feita da melhor forma, fizemos est\u00e1gios de treinamento, sempre seguindo os protocolos. As ginastas mais novas tamb\u00e9m cumpriram seu papel. Est\u00e1 todo mundo de parab\u00e9ns\u201d.<\/p>\n<p>As brasileiras se classificaram para tr\u00eas finais de aparelhos. Rebeca obteve vaga na final da trave, das paralelas assim\u00e9tricas e do solo, mas ser\u00e1 poupada. Assim, Lorrane, que obteve a segunda melhor nota nas assim\u00e9tricas (13.400) e Christal Bezerra, que conseguiu a quarta melhor nota (12.733), ser\u00e3o as representantes do Pa\u00eds nesse aparelho.<\/p>\n<p>Na trave de equil\u00edbrio, a jovem Julia Soares se classificou com a segunda melhor nota (13.333). Christal, a s\u00e9tima (12.733), tamb\u00e9m avan\u00e7ou. No solo, Ana Luiza Lima, dona da segunda melhor nota (13.033), foi para a final. O Brasil s\u00f3 n\u00e3o ter\u00e1 representantes no salto sobre a mesa, porque todas as ginastas do Pa\u00eds optaram por fazer apenas um salto.<\/p>\n<p>Dos 12 convocados para a Sele\u00e7\u00e3o Brasileira no Pan de Gin\u00e1stica, 11 integram o Bolsa Atleta, programa de patroc\u00ednio individual do Governo Federal Brasileiro. Cinco deles (Rebeca Andrade, Arthur Nory, Arthur Zanetti, Caio Souza e Francisco Barreto Jr.) pertencem \u00e0 categoria P\u00f3dio, a principal do programa executado pela Secretaria Especial do Esporte do Minist\u00e9rio da Cidadania.<\/p>\n<p>Fonte: Confedera\u00e7\u00e3o Brasileira de Gin\u00e1stica<\/p>\n","protected":false},"excerpt":{"rendered":"<p>O principal objetivo do Brasil no Campeonato Pan-Americano de Gin\u00e1stica foi alcan\u00e7ado. A brasileira Rebeca Andrade ficou em primeiro lugar no individual geral e conquistou uma das duas vagas para os Jogos Ol\u00edmpicos de T\u00f3quio que estavam em jogo na Arena Carioca, no Parque Ol\u00edmpico da Barra, no Rio de Janeiro.\u00a0Rebeca somou 56.700 pontos, obtendo [&hellip;]<\/p>\n","protected":false},"author":246,"featured_media":183512,"comment_status":"closed","ping_status":"closed","sticky":false,"template":"","format":"standard","meta":{"footnotes":""},"categories":[436,257,439],"tags":[],"class_list":["post-183511","post","type-post","status-publish","format-standard","has-post-thumbnail","hentry","category-destaque-da-semana","category-esporte","category-ultima-hora"],"_links":{"self":[{"href":"https:\/\/diarioregionaldigital.com.br\/index.php?rest_route=\/wp\/v2\/posts\/183511","targetHints":{"allow":["GET"]}}],"collection":[{"href":"https:\/\/diarioregionaldigital.com.br\/index.php?rest_route=\/wp\/v2\/posts"}],"about":[{"href":"https:\/\/diarioregionaldigital.com.br\/index.php?rest_route=\/wp\/v2\/types\/post"}],"author":[{"embeddable":true,"href":"https:\/\/diarioregionaldigital.com.br\/index.php?rest_route=\/wp\/v2\/users\/246"}],"replies":[{"embeddable":true,"href":"https:\/\/diarioregionaldigital.com.br\/index.php?rest_route=%2Fwp%2Fv2%2Fcomments&post=183511"}],"version-history":[{"count":1,"href":"https:\/\/diarioregionaldigital.com.br\/index.php?rest_route=\/wp\/v2\/posts\/183511\/revisions"}],"predecessor-version":[{"id":183513,"href":"https:\/\/diarioregionaldigital.com.br\/index.php?rest_route=\/wp\/v2\/posts\/183511\/revisions\/183513"}],"wp:featuredmedia":[{"embeddable":true,"href":"https:\/\/diarioregionaldigital.com.br\/index.php?rest_route=\/wp\/v2\/media\/183512"}],"wp:attachment":[{"href":"https:\/\/diarioregionaldigital.com.br\/index.php?rest_route=%2Fwp%2Fv2%2Fmedia&parent=183511"}],"wp:term":[{"taxonomy":"category","embeddable":true,"href":"https:\/\/diarioregionaldigital.com.br\/index.php?rest_route=%2Fwp%2Fv2%2Fcategories&post=183511"},{"taxonomy":"post_tag","embeddable":true,"href":"https:\/\/diarioregionaldigital.com.br\/index.php?rest_route=%2Fwp%2Fv2%2Ftags&post=183511"}],"curies":[{"name":"wp","href":"https:\/\/api.w.org\/{rel}","templated":true}]}}